{"id":46393,"date":"2026-03-04T08:22:27","date_gmt":"2026-03-04T08:22:27","guid":{"rendered":"https:\/\/calatorinromania.com\/?p=46393"},"modified":"2026-03-04T08:22:28","modified_gmt":"2026-03-04T08:22:28","slug":"o-fetita-de-6-ani-lasa-aproape-in-fiecare-saptamana-timp-de-un-an-paine-pe-un-mormant-mama-era-convinsa-ca-hraneste-pur-si-simplu-pasarile-dar-cand-a-aflat-adevarul-a-fost-cuprinsa-de-groaza","status":"publish","type":"post","link":"https:\/\/calatorinromania.com\/?p=46393","title":{"rendered":"O feti\u021b\u0103 de 6 ani l\u0103sa aproape \u00een fiecare s\u0103pt\u0103m\u00e2n\u0103, timp de un an, p\u00e2ine pe un morm\u00e2nt: mama era convins\u0103 c\u0103 hr\u0103ne\u0219te pur \u0219i simplu p\u0103s\u0103rile, dar c\u00e2nd a aflat adev\u0103rul, a fost cuprins\u0103 de groaz\u0103\u00a0"},"content":{"rendered":"\n<h1><\/h1>\n\n\n\n<p><\/p>\n\n\n\n<p>O feti\u021b\u0103 de 6 ani l\u0103sa aproape \u00een fiecare s\u0103pt\u0103m\u00e2n\u0103, timp de un an, p\u00e2ine pe un morm\u00e2nt: mama era convins\u0103 c\u0103 hr\u0103ne\u0219te pur \u0219i simplu p\u0103s\u0103rile, dar c\u00e2nd a aflat adev\u0103rul, a fost cuprins\u0103 de groaz\u0103\u00a0<\/p>\n\n\n\n<p><a href=\"https:\/\/new.interesnoe.site\/wp-content\/uploads\/2026\/02\/xleb-na-mogile-glavni.jpeg\"><\/a><br>C\u00e2nd, cu un an \u00een urm\u0103, Anna \u0219i-a \u00eengropat so\u021bul, i s-a p\u0103rut c\u0103 via\u021ba s-a oprit. Casa a devenit t\u0103cut\u0103, prea t\u0103cut\u0103, prea mare pentru ele dou\u0103. Fiica de cinci ani \u00eentreba adesea c\u00e2nd se va \u00eentoarce tata, iar Anna de fiecare dat\u0103 \u00ee\u0219i g\u0103sea cu greu cuvintele. Dar timpul trecea \u0219i au ap\u0103rut un nou ritual greu \u2014 \u00een fiecare duminic\u0103 mergeau la cimitir.<\/p>\n\n\n\n<p><br>Plecau dis-de-diminea\u021b\u0103. Anna lua un mic buchet de flori simple, fiica mergea al\u0103turi, \u021bin\u00e2nd-o de m\u00e2n\u0103. Drumul dura cam dou\u0103zeci de minute: mai \u00eent\u00e2i o strad\u0103 lini\u0219tit\u0103, apoi o alee cu plopi \u00eenal\u021bi, apoi vechea poart\u0103 metalic\u0103 a cimitirului. Feti\u021ba aproape \u00eentotdeauna t\u0103cea, se uita \u00een jos \u0219i str\u00e2ngea tare m\u00e2na mamei.<br>Dup\u0103 c\u00e2teva luni, Anna a observat ceva ciudat. \u00cenainte de fiecare plecare, fiica lua neap\u0103rat c\u00e2teva buc\u0103\u021bi de p\u00e2ine de pe mas\u0103. Dac\u0103 nu era p\u00e2ine, cerea s\u0103 cumpere din magazin. La \u00eenceput, Anna nu a dat importan\u021b\u0103 acestui lucru. Credea c\u0103 copilul doar hr\u0103ne\u0219te p\u0103s\u0103rile. Dar la cimitir nu a v\u0103zut niciodat\u0103 nici porumbei, nici vr\u0103bii.<\/p>\n\n\n\n<p><br>Fiica se apropia cu grij\u0103 nu doar de morm\u00e2ntul tat\u0103lui, ci \u0219i de cel al\u0103turat, vechi, cu o piatr\u0103 \u00eennegrit\u0103 \u0219i o fotografie decolorat\u0103. A\u0219eza buc\u0103\u021bile de p\u00e2ine direct pe piatra funerar\u0103, ordonat, ca \u0219i cum ar fi aranjat masa. Apoi se retr\u0103gea \u00een t\u0103cere.<br>A\u0219a a continuat aproape un an.<br>\u00centr-o zi, Anna nu a mai rezistat. C\u00e2nd fiica a pus din nou p\u00e2ine pe acea piatr\u0103, a \u00eentrebat-o \u00eencet:<br>\u2014 Draga mea, la\u0219i aceast\u0103 p\u00e2ine pentru p\u0103s\u0103ri?<br>\u2014 Nu, \u2014 a r\u0103spuns calm feti\u021ba.<br>\u2014 Atunci pentru cine?<br>Ceea ce a spus feti\u021ba a umplut-o pe mam\u0103 de o groaz\u0103 adev\u0103rat\u0103\u00a0<\/p>\n\n\n\n<p><br><a href=\"https:\/\/new.interesnoe.site\/wp-content\/uploads\/2026\/02\/xleb-na-mogile1.jpeg\"><\/a><\/p>\n\n\n\n<p>Fiica s-a uitat la fotografia de pe morm\u00e2ntul vecin \u0219i a spus at\u00e2t de simplu, ca \u0219i cum ar fi fost vorba despre ceva obi\u0219nuit:<\/p>\n\n\n\n<p>\u2014 Pentru bunica. Atunci \u00eei era foame.<\/p>\n\n\n\n<p>Anna a \u00eencremenit.<\/p>\n\n\n\n<p>Feti\u021ba a povestit c\u0103 \u00een ziua \u00eenmorm\u00e2nt\u0103rii tat\u0103lui ei a v\u0103zut o femeie foarte b\u0103tr\u00e2n\u0103. St\u0103tea pe o banc\u0103, palid\u0103, \u0219i le cerea oamenilor, \u00eencet, o bucat\u0103 de p\u00e2ine. Spunea c\u0103 nu m\u00e2ncase nimic toat\u0103 ziua.<\/p>\n\n\n\n<p>Nimeni nu \u00eei acorda aten\u021bie. Feti\u021ba avea atunci \u00een m\u00e2n\u0103 o bucat\u0103 de p\u00e2ine pe care mama i-o d\u0103duse s\u0103 m\u0103n\u00e2nce. S-a apropiat \u0219i i-a dat-o bunicii. Femeia a luat p\u00e2inea, a z\u00e2mbit \u0219i a spus mul\u021bumesc.<\/p>\n\n\n\n<p>\u2014 Dup\u0103 aceea nu am mai v\u0103zut-o, \u2014 a continuat fiica. \u2014 \u0218i apoi i-am v\u0103zut fotografia pe acest morm\u00e2nt. \u0218i m-am g\u00e2ndit c\u0103 \u00eenc\u0103 \u00eei este foame. De aceea \u00eei aduc p\u00e2ine. Poate c\u0103 acolo nu are ce m\u00e2nca.<\/p>\n\n\n\n<p>Anna a sim\u021bit cum totul i se str\u00e2nge \u00een interior. \u0218i-a amintit ziua \u00eenmorm\u00e2nt\u0103rii. Agita\u021bia, oamenii, lacrimile. Nu \u00ee\u0219i amintea nicio femeie b\u0103tr\u00e2n\u0103. Nu \u00ee\u0219i amintea ca cineva s\u0103 fi stat acolo cer\u00e2nd p\u00e2ine.<\/p>\n\n\n\n<p>\u00cen fotografia decolorat\u0103 era \u00eentr-adev\u0103r o femeie \u00een v\u00e2rst\u0103. Data mor\u021bii era aceea\u0219i ca a so\u021bului ei.<\/p>\n\n\n\n<p>Anna se uita la fiica ei \u0219i nu \u0219tia ce s\u0103 spun\u0103. Nu povestea \u00een sine o speria, ci siguran\u021ba \u0219i calmul cu care copilul vorbea despre asta. Ca \u0219i cum pentru ea ar fi fost cel mai firesc lucru.<\/p>\n\n\n\n<p><a href=\"https:\/\/new.interesnoe.site\/wp-content\/uploads\/2026\/02\/xleb-na-mogile3.jpeg\"><\/a><\/p>\n\n\n\n<p>Din acea zi, Anna nu a mai pus \u00eentreb\u0103ri. \u00cen fiecare duminic\u0103 continuau s\u0103 mearg\u0103 pe acela\u0219i drum. Iar feti\u021ba continua s\u0103 a\u0219eze cu grij\u0103 p\u00e2inea pe piatra veche.<\/p>\n\n\n\n<p><\/p>\n\n\n\n<p>Aceast\u0103 lucrare este inspirat\u0103 din evenimente \u0219i persoane reale, \u00eens\u0103 a fost fic\u021bionalizat\u0103 \u00een scopuri creative. Numele, personajele \u0219i detaliile au fost schimbate pentru a proteja intimitatea \u0219i pentru a \u00eembun\u0103t\u0103\u021bi nara\u021biunea. Orice asem\u0103nare cu persoane reale, \u00een via\u021b\u0103 sau decedate, sau cu evenimente reale este pur \u00eent\u00e2mpl\u0103toare \u0219i nu este inten\u021bionat\u0103 de c\u0103tre autor.<\/p>\n\n\n\n<p>Autorul \u0219i editorul nu \u00ee\u0219i asum\u0103 responsabilitatea pentru exactitatea evenimentelor sau pentru modul \u00een care sunt portretizate personajele \u0219i nu sunt r\u0103spunz\u0103tori pentru eventuale interpret\u0103ri gre\u0219ite. Aceast\u0103 poveste este oferit\u0103 \u201eca atare\u201d, iar orice opinii exprimate apar\u021bin personajelor \u0219i nu reflect\u0103 punctele de vedere ale autorului sau ale editorului.<\/p>\n","protected":false},"excerpt":{"rendered":"<p>O feti\u021b\u0103 de 6 ani l\u0103sa aproape \u00een fiecare s\u0103pt\u0103m\u00e2n\u0103, timp de un an, p\u00e2ine pe un morm\u00e2nt: mama era convins\u0103 c\u0103 hr\u0103ne\u0219te pur \u0219i<\/p>\n","protected":false},"author":1,"featured_media":45981,"comment_status":"closed","ping_status":"closed","sticky":false,"template":"","format":"standard","meta":[],"categories":[1],"tags":[],"_links":{"self":[{"href":"https:\/\/calatorinromania.com\/index.php?rest_route=\/wp\/v2\/posts\/46393"}],"collection":[{"href":"https:\/\/calatorinromania.com\/index.php?rest_route=\/wp\/v2\/posts"}],"about":[{"href":"https:\/\/calatorinromania.com\/index.php?rest_route=\/wp\/v2\/types\/post"}],"author":[{"embeddable":true,"href":"https:\/\/calatorinromania.com\/index.php?rest_route=\/wp\/v2\/users\/1"}],"replies":[{"embeddable":true,"href":"https:\/\/calatorinromania.com\/index.php?rest_route=%2Fwp%2Fv2%2Fcomments&post=46393"}],"version-history":[{"count":1,"href":"https:\/\/calatorinromania.com\/index.php?rest_route=\/wp\/v2\/posts\/46393\/revisions"}],"predecessor-version":[{"id":46394,"href":"https:\/\/calatorinromania.com\/index.php?rest_route=\/wp\/v2\/posts\/46393\/revisions\/46394"}],"wp:featuredmedia":[{"embeddable":true,"href":"https:\/\/calatorinromania.com\/index.php?rest_route=\/wp\/v2\/media\/45981"}],"wp:attachment":[{"href":"https:\/\/calatorinromania.com\/index.php?rest_route=%2Fwp%2Fv2%2Fmedia&parent=46393"}],"wp:term":[{"taxonomy":"category","embeddable":true,"href":"https:\/\/calatorinromania.com\/index.php?rest_route=%2Fwp%2Fv2%2Fcategories&post=46393"},{"taxonomy":"post_tag","embeddable":true,"href":"https:\/\/calatorinromania.com\/index.php?rest_route=%2Fwp%2Fv2%2Ftags&post=46393"}],"curies":[{"name":"wp","href":"https:\/\/api.w.org\/{rel}","templated":true}]}}