{"id":46390,"date":"2026-03-04T07:41:22","date_gmt":"2026-03-04T07:41:22","guid":{"rendered":"https:\/\/calatorinromania.com\/?p=46390"},"modified":"2026-03-04T07:41:23","modified_gmt":"2026-03-04T07:41:23","slug":"tatal-singur-a-fost-umilit-de-fosta-sotie","status":"publish","type":"post","link":"https:\/\/calatorinromania.com\/?p=46390","title":{"rendered":"Tat\u0103l singur a fost umilit de fosta so\u021bie"},"content":{"rendered":"\n<p>Alexandru Ionescu l-a privit pe Mihai c\u00e2teva secunde, cu un z\u00e2mbet calm, aproape cald.<\/p>\n\n\n\n<p><\/p>\n\n\n\n<p>\u2014 M\u0103 bucur c\u0103 te v\u0103d din nou, Mihai.<\/p>\n\n\n\n<p><\/p>\n\n\n\n<p>Un murmur a str\u0103b\u0103tut parcarea.<\/p>\n\n\n\n<p><\/p>\n\n\n\n<p>Mihai a r\u0103mas nemi\u0219cat.<\/p>\n\n\n\n<p><\/p>\n\n\n\n<p>\u2014 Ne\u2026 cunoa\u0219tem? a \u00eentrebat el, u\u0219or \u00eencurcat.<\/p>\n\n\n\n<p><\/p>\n\n\n\n<p>Alexandru a z\u00e2mbit mai larg.<\/p>\n\n\n\n<p><\/p>\n\n\n\n<p>\u2014 Acum doi ani, \u00eentr-o hal\u0103 veche din Pantelimon. Ploua prin acoperi\u0219. To\u021bi spuneau c\u0103 trebuie demolat\u0103. Tu ai zis c\u0103 se poate salva.<\/p>\n\n\n\n<p><\/p>\n\n\n\n<p>Privirea lui Mihai s-a schimbat.<\/p>\n\n\n\n<p><\/p>\n\n\n\n<p>\u00ce\u0219i amintea.<\/p>\n\n\n\n<p><\/p>\n\n\n\n<p>Un spa\u021biu industrial abandonat. Pere\u021bi cr\u0103pa\u021bi. Toat\u0103 lumea \u00eel considera o pierdere de bani.<\/p>\n\n\n\n<p><\/p>\n\n\n\n<p>\u2014 Era pentru un centru educa\u021bional\u2026 a murmurat Mihai.<\/p>\n\n\n\n<p><\/p>\n\n\n\n<p>\u2014 Era pentru primul nostru laborator pentru copii talenta\u021bi din familii f\u0103r\u0103 posibilit\u0103\u021bi, a completat Alexandru. To\u021bi consultan\u021bii mei spuneau s\u0103-l d\u0103r\u00e2m\u0103m \u0219i s\u0103 construim de la zero. Tu ai spus c\u0103 structura e bun\u0103. C\u0103 trebuie doar pricepere \u0219i munc\u0103 serioas\u0103.<\/p>\n\n\n\n<p><\/p>\n\n\n\n<p>C\u00e2teva capete s-au \u00eentors brusc spre Mihai.<\/p>\n\n\n\n<p>\u2014 Ne-ai economisit peste dou\u0103 milioane de lei. Dar mai important\u2026 ai salvat cl\u0103direa aia. Acum, peste trei sute de copii \u00eenva\u021b\u0103 acolo programare \u0219i robotic\u0103.<\/p>\n\n\n\n<p>Lini\u0219tea devenise grea.<\/p>\n\n\n\n<p>Alina p\u0103rea c\u0103 nu mai respir\u0103.<\/p>\n\n\n\n<p>\u2014 \u0218i mai \u021bii minte ceva? a continuat Alexandru.<\/p>\n\n\n\n<p>Mihai a cl\u0103tinat u\u0219or din cap.<\/p>\n\n\n\n<p>\u2014 La final, c\u00e2nd \u021bi-am spus c\u0103 bugetul e limitat \u0219i c\u0103 nu putem pl\u0103ti orele suplimentare\u2026 mi-ai r\u0103spuns c\u0103 nu conteaz\u0103. C\u0103 un loc unde copiii \u00eenva\u021b\u0103 merit\u0103 fiecare minut.<\/p>\n\n\n\n<p>Ochii lui Andreea s-au m\u0103rit.<\/p>\n\n\n\n<p>\u2014 Tati\u2026?<\/p>\n\n\n\n<p>Vocea lui Alexandru a devenit ferm\u0103.<\/p>\n\n\n\n<p>\u2014 De atunci, te-am urm\u0103rit. \u00cen t\u0103cere. Pentru c\u0103 oameni ca tine sunt rari. Oameni care construiesc nu doar cl\u0103diri, ci \u0219anse.<\/p>\n\n\n\n<p>Logodnicul Alinei \u0219i-a l\u0103sat m\u00e2na jos de pe cravat\u0103.<\/p>\n\n\n\n<p>\u2014 Ast\u0103zi am venit aici pentru c\u0103 funda\u021bia noastr\u0103 lanseaz\u0103 un nou proiect. Construim zece centre educa\u021bionale \u00een toat\u0103 \u021bara. \u0218i am nevoie de cineva care \u0219tie s\u0103 transforme imposibilul \u00een realitate.<\/p>\n\n\n\n<p>A f\u0103cut o pauz\u0103.<\/p>\n\n\n\n<p>\u2014 Am nevoie de tine, Mihai. Ca director tehnic al proiectului.<\/p>\n\n\n\n<p>Un oftat colectiv s-a auzit \u00een parcare.<\/p>\n\n\n\n<p>\u2014 Salariul \u00eencepe de la 18.000 de lei pe lun\u0103. Ma\u0219in\u0103 de serviciu. \u0218i libertatea de a-\u021bi alege echipa.<\/p>\n\n\n\n<p>Cuvintele au c\u0103zut ca un tr\u0103snet.<\/p>\n\n\n\n<p>Alina a p\u0103lit.<\/p>\n\n\n\n<p>Mihai nu a spus nimic. S-a uitat la fiica lui.<\/p>\n\n\n\n<p>Andreea \u00eel privea ca pe un erou.<\/p>\n\n\n\n<p>\u2014 Tati\u2026 tu construie\u0219ti \u0219coli?<\/p>\n\n\n\n<p>Mihai a \u00eenghi\u021bit nodul din g\u00e2t.<\/p>\n\n\n\n<p>\u2014 Da, puiule. Se pare c\u0103 da.<\/p>\n\n\n\n<p>Alexandru i-a \u00eentins m\u00e2na.<\/p>\n\n\n\n<p>De data asta, Mihai nu s-a sim\u021bit mic.<\/p>\n\n\n\n<p>A str\u00e2ns m\u00e2na cu fermitate.<\/p>\n\n\n\n<p>\u00cen jur, \u0219oaptele se transformaser\u0103 \u00een t\u0103cere ru\u0219inat\u0103.<\/p>\n\n\n\n<p>Alina nu mai z\u00e2mbea.<\/p>\n\n\n\n<p>Dar Mihai nu s-a uitat la ea.<\/p>\n\n\n\n<p>\u0218i-a luat fiica \u00een bra\u021be, iar pentru prima dat\u0103 \u00een diminea\u021ba aceea, a sim\u021bit c\u0103 st\u0103 drept, mai drept ca niciodat\u0103.<\/p>\n\n\n\n<p>Nu pentru bani.<\/p>\n\n\n\n<p>Nu pentru func\u021bie.<\/p>\n\n\n\n<p>Ci pentru c\u0103 munca lui, f\u0103cut\u0103 cu m\u00e2inile cr\u0103pate \u0219i bocancii toci\u021bi, fusese v\u0103zut\u0103.<\/p>\n\n\n\n<p>\u0218i respectat\u0103.<\/p>\n\n\n\n<p>Rolls-Royce-ul a plecat \u00een lini\u0219te.<\/p>\n\n\n\n<p>Dar \u00een parcarea aceea, ceva se schimbase pentru totdeauna.<\/p>\n\n\n\n<p>Iar Mihai nu mai era omul care repar\u0103 lucruri vechi.<\/p>\n\n\n\n<p>Era omul care construie\u0219te viitorul.<\/p>\n\n\n\n<p><em>Aceast\u0103 lucrare este inspirat\u0103 din evenimente \u0219i persoane reale, \u00eens\u0103 a fost fic\u021bionalizat\u0103 \u00een scopuri creative. Numele, personajele \u0219i detaliile au fost schimbate pentru a proteja intimitatea \u0219i pentru a \u00eembun\u0103t\u0103\u021bi nara\u021biunea. Orice asem\u0103nare cu persoane reale, \u00een via\u021b\u0103 sau decedate, sau cu evenimente reale este pur \u00eent\u00e2mpl\u0103toare \u0219i nu este inten\u021bionat\u0103 de c\u0103tre autor.<\/em><\/p>\n\n\n\n<p><em>Autorul \u0219i editorul nu \u00ee\u0219i asum\u0103 responsabilitatea pentru exactitatea evenimentelor sau pentru modul \u00een care sunt portretizate personajele \u0219i nu sunt r\u0103spunz\u0103tori pentru eventuale interpret\u0103ri gre\u0219ite. Aceast\u0103 poveste este oferit\u0103 \u201eca atare\u201d, iar orice opinii exprimate apar\u021bin personajelor \u0219i nu reflect\u0103 punctele de vedere ale autorului sau ale editorului.<\/em><\/p>\n\n\n\n<p><a href=\"https:\/\/www.pinterest.com\/pin\/create\/button\/?url=https%3A%2F%2Fbumzi.ro%2F%3Fp%3D20605&amp;description=Tat%C4%83l+singur+a+fost+umilit+de+fosta+so%C8%9Bie\" target=\"_blank\" rel=\"noreferrer noopener\"><\/a><\/p>\n\n\n\n<p><a href=\"https:\/\/www.facebook.com\/sharer\/sharer.php?u=https%3A%2F%2Fbumzi.ro%2F%3Fp%3D20605\" target=\"_blank\" rel=\"noreferrer noopener\"><\/a><\/p>\n\n\n\n<p><a href=\"https:\/\/twitter.com\/intent\/tweet?url=https%3A%2F%2Fbumzi.ro%2F%3Fp%3D20605&amp;text=Tat%C4%83l+singur+a+fost+umilit+de+fosta+so%C8%9Bie\" target=\"_blank\" rel=\"noreferrer noopener\"><\/a><a href=\"https:\/\/bumzi.ro\/?p=20602\"><\/a><\/p>\n","protected":false},"excerpt":{"rendered":"<p>Alexandru Ionescu l-a privit pe Mihai c\u00e2teva secunde, cu un z\u00e2mbet calm, aproape cald. \u2014 M\u0103 bucur c\u0103 te v\u0103d din nou, Mihai. Un murmur<\/p>\n","protected":false},"author":1,"featured_media":45981,"comment_status":"closed","ping_status":"closed","sticky":false,"template":"","format":"standard","meta":[],"categories":[1],"tags":[],"_links":{"self":[{"href":"https:\/\/calatorinromania.com\/index.php?rest_route=\/wp\/v2\/posts\/46390"}],"collection":[{"href":"https:\/\/calatorinromania.com\/index.php?rest_route=\/wp\/v2\/posts"}],"about":[{"href":"https:\/\/calatorinromania.com\/index.php?rest_route=\/wp\/v2\/types\/post"}],"author":[{"embeddable":true,"href":"https:\/\/calatorinromania.com\/index.php?rest_route=\/wp\/v2\/users\/1"}],"replies":[{"embeddable":true,"href":"https:\/\/calatorinromania.com\/index.php?rest_route=%2Fwp%2Fv2%2Fcomments&post=46390"}],"version-history":[{"count":1,"href":"https:\/\/calatorinromania.com\/index.php?rest_route=\/wp\/v2\/posts\/46390\/revisions"}],"predecessor-version":[{"id":46391,"href":"https:\/\/calatorinromania.com\/index.php?rest_route=\/wp\/v2\/posts\/46390\/revisions\/46391"}],"wp:featuredmedia":[{"embeddable":true,"href":"https:\/\/calatorinromania.com\/index.php?rest_route=\/wp\/v2\/media\/45981"}],"wp:attachment":[{"href":"https:\/\/calatorinromania.com\/index.php?rest_route=%2Fwp%2Fv2%2Fmedia&parent=46390"}],"wp:term":[{"taxonomy":"category","embeddable":true,"href":"https:\/\/calatorinromania.com\/index.php?rest_route=%2Fwp%2Fv2%2Fcategories&post=46390"},{"taxonomy":"post_tag","embeddable":true,"href":"https:\/\/calatorinromania.com\/index.php?rest_route=%2Fwp%2Fv2%2Ftags&post=46390"}],"curies":[{"name":"wp","href":"https:\/\/api.w.org\/{rel}","templated":true}]}}