{"id":46388,"date":"2026-03-04T07:14:25","date_gmt":"2026-03-04T07:14:25","guid":{"rendered":"https:\/\/calatorinromania.com\/?p=46388"},"modified":"2026-03-04T07:14:26","modified_gmt":"2026-03-04T07:14:26","slug":"intinde-te-pe-bancheta-din-spate-si-acopera-te-cu-o-patura-trebuie-sa-auzi-asta","status":"publish","type":"post","link":"https:\/\/calatorinromania.com\/?p=46388","title":{"rendered":"\u00centinde-te pe bancheta din spate \u0219i acoper\u0103-te cu o p\u0103tur\u0103\u2026 trebuie s\u0103 auzi asta"},"content":{"rendered":"\n<p>\u2014 \u2026prelu\u0103m tot controlul. F\u0103r\u0103 ea, majoritatea nu e suficient\u0103.<\/p>\n\n\n\n<p><\/p>\n\n\n\n<p>Inima \u00eemi b\u0103tea at\u00e2t de tare \u00eenc\u00e2t eram convins\u0103 c\u0103 o aud \u0219i ei.<\/p>\n\n\n\n<p><\/p>\n\n\n\n<p>Tat\u0103l meu a tu\u0219it scurt.<\/p>\n\n\n\n<p><\/p>\n\n\n\n<p>\u2014 Dup\u0103 nunt\u0103, lucrurile vor fi mai simple. Emo\u021biile o vor face s\u0103 semneze f\u0103r\u0103 s\u0103 citeasc\u0103 prea mult.<\/p>\n\n\n\n<p><\/p>\n\n\n\n<p>\u2014 E sensibil\u0103 \u2014 a continuat Vlad. \u2014 Dac\u0103 \u00eencepem azi, \u00eenainte de ceremonie, risc\u0103m s\u0103 fac\u0103 o scen\u0103.<\/p>\n\n\n\n<p><\/p>\n\n\n\n<p>Scen\u0103.<\/p>\n\n\n\n<p><\/p>\n\n\n\n<p>A\u0219a m\u0103 vedeau.<\/p>\n\n\n\n<p><\/p>\n\n\n\n<p>Un obstacol.<\/p>\n\n\n\n<p><\/p>\n\n\n\n<p>Un detaliu care trebuie gestionat.<\/p>\n\n\n\n<p><\/p>\n\n\n\n<p>M-am concentrat s\u0103 respir \u00eencet, pe sub p\u0103tur\u0103.<\/p>\n\n\n\n<p><\/p>\n\n\n\n<p>\u2014 Actele sunt preg\u0103tite? \u2014 a \u00eentrebat tata.<\/p>\n\n\n\n<p><\/p>\n\n\n\n<p>\u2014 Da. E vorba doar de mutarea p\u0103r\u021bilor din firm\u0103 pe noua structur\u0103. Odat\u0103 ce semneaz\u0103, pachetul majoritar trece la noi doi. Ea r\u0103m\u00e2ne cu un procent simbolic. Legal, totul e curat.<\/p>\n\n\n\n<p><\/p>\n\n\n\n<p>Firma.<\/p>\n\n\n\n<p><\/p>\n\n\n\n<p>Bunicul \u00eenfiin\u021base firma de construc\u021bii acum treizeci de ani. Dup\u0103 moartea lui, ac\u021biunile fuseser\u0103 \u00eemp\u0103r\u021bite egal \u00eentre tata \u0219i noi dou\u0103 surori.<\/p>\n\n\n\n<p><\/p>\n\n\n\n<p><\/p>\n\n\n\n<p>Eu nu lucram \u00een firm\u0103, dar aveam drepturi egale.<\/p>\n\n\n\n<p><\/p>\n\n\n\n<p>\u0218i, aparent, eram pe cale s\u0103 fiu \u0219tears\u0103 din propria mo\u0219tenire.<\/p>\n\n\n\n<p><\/p>\n\n\n\n<p>\u2014 \u0218i dac\u0103 cite\u0219te? \u2014 a \u00eentrebat tata.<\/p>\n\n\n\n<p><\/p>\n\n\n\n<p>Vlad a r\u00e2s u\u0219or.<\/p>\n\n\n\n<p><\/p>\n\n\n\n<p>\u2014 Atunci \u00eei spunem c\u0103 e pentru eficien\u021b\u0103 fiscal\u0103. Sau c\u0103 e temporar. Important e s\u0103 semneze azi.<\/p>\n\n\n\n<p>Azi.<\/p>\n\n\n\n<p>\u00cen ziua nun\u021bii.<\/p>\n\n\n\n<p>\u00cen rochie, cu machiaj \u0219i lacrimi, cu toat\u0103 lumea privind.<\/p>\n\n\n\n<p>Planul era simplu.<\/p>\n\n\n\n<p>Presiune.<\/p>\n\n\n\n<p>Grab\u0103.<\/p>\n\n\n\n<p>Confuzie.<\/p>\n\n\n\n<p>U\u0219a ma\u0219inii s-a deschis din nou. Au cobor\u00e2t, continu\u00e2nd s\u0103 vorbeasc\u0103 despre invita\u021bi \u0219i meniu, de parc\u0103 nu pl\u0103nuiser\u0103 s\u0103-mi ia viitorul.<\/p>\n\n\n\n<p>C\u00e2nd u\u0219a s-a \u00eenchis, Marian a r\u0103mas nemi\u0219cat c\u00e2teva secunde.<\/p>\n\n\n\n<p>\u2014 A\u021bi auzit tot? a \u00eentrebat \u00eencet.<\/p>\n\n\n\n<p>M-am ridicat, cu m\u00e2inile tremur\u00e2nd.<\/p>\n\n\n\n<p>\u2014 Da.<\/p>\n\n\n\n<p>Nu pl\u00e2ngeam.<\/p>\n\n\n\n<p>Nu \u021bipam.<\/p>\n\n\n\n<p>\u00cen mine era o lini\u0219te rece.<\/p>\n\n\n\n<p>\u2014 Ce vre\u021bi s\u0103 face\u021bi? m-a \u00eentrebat el.<\/p>\n\n\n\n<p>Am privit drept \u00eenainte.<\/p>\n\n\n\n<p>\u2014 M\u0103 duce\u021bi \u00eenapoi la resort.<\/p>\n\n\n\n<hr class=\"wp-block-separator has-alpha-channel-opacity\"\/>\n\n\n\n<p>O or\u0103 mai t\u00e2rziu, eram \u00een sala unde se preg\u0103tea mireasa. Rochii albe, \u0219ampanie, r\u00e2sete.<\/p>\n\n\n\n<p>Mama s-a apropiat de mine cu un dosar sub\u021bire.<\/p>\n\n\n\n<p>\u2014 Draga mea, semneaz\u0103 repede aici, \u00eenainte s\u0103 \u00eenceap\u0103 agita\u021bia.<\/p>\n\n\n\n<p>Am luat mapa.<\/p>\n\n\n\n<p>Am deschis-o.<\/p>\n\n\n\n<p>Am citit cu voce tare titlul: \u201eContract de cesiune p\u0103r\u021bi sociale\u201d.<\/p>\n\n\n\n<p>\u00cen camer\u0103 s-a f\u0103cut lini\u0219te.<\/p>\n\n\n\n<p>\u2014 Ce faci? a \u0219optit mama printre din\u021bi.<\/p>\n\n\n\n<p>L-am privit pe tata.<\/p>\n\n\n\n<p>Apoi pe Vlad.<\/p>\n\n\n\n<p>\u2014 Tocmai m\u0103 asigur c\u0103 \u00een\u021beleg ce semnez.<\/p>\n\n\n\n<p>Vlad a z\u00e2mbit rigid.<\/p>\n\n\n\n<p>\u2014 \u021ai-am explicat. E doar o formalitate.<\/p>\n\n\n\n<p>\u2014 O formalitate prin care \u00eemi pierd dreptul de vot \u0219i controlul asupra firmei bunicului?<\/p>\n\n\n\n<p>Fa\u021ba tatei s-a albit.<\/p>\n\n\n\n<p>Invitatele se uitau una la alta.<\/p>\n\n\n\n<p>\u2014 Nu e momentul pentru asta \u2014 a \u0219optit el.<\/p>\n\n\n\n<p>\u2014 Ba da \u2014 am spus calm. \u2014 E exact momentul.<\/p>\n\n\n\n<p>Am \u00eenchis dosarul.<\/p>\n\n\n\n<p>\u2014 Nu semnez.<\/p>\n\n\n\n<p>Vlad a f\u0103cut un pas spre mine.<\/p>\n\n\n\n<p>\u2014 G\u00e2nde\u0219te-te bine. Nu vrei s\u0103 strici ziua surorii tale.<\/p>\n\n\n\n<p>Am z\u00e2mbit pentru prima dat\u0103.<\/p>\n\n\n\n<p>\u2014 Nu eu am \u00eencercat s\u0103 fur ceva azi.<\/p>\n\n\n\n<p>Cuvintele au c\u0103zut greu.<\/p>\n\n\n\n<p>Sora mea, \u00een rochie alb\u0103, s-a \u00eentors spre Vlad.<\/p>\n\n\n\n<p>\u2014 Despre ce vorbe\u0219te?<\/p>\n\n\n\n<p>Nimeni nu mai controla nimic.<\/p>\n\n\n\n<p>Adev\u0103rul ie\u0219ise la lumin\u0103.<\/p>\n\n\n\n<p>Nunta nu s-a anulat.<\/p>\n\n\n\n<p>Dar nici nu a mai fost la fel.<\/p>\n\n\n\n<p>Sora mea a plecat din camer\u0103 f\u0103r\u0103 s\u0103 spun\u0103 un cuv\u00e2nt, iar mai t\u00e2rziu, \u00eenainte de ceremonie, l-a confruntat.<\/p>\n\n\n\n<p>P\u00e2n\u0103 seara, Vlad nu mai era mire.<\/p>\n\n\n\n<p>Iar eu, pentru prima dat\u0103, nu mai eram \u201ecea dificil\u0103\u201d.<\/p>\n\n\n\n<p>Eram cea care a auzit.<\/p>\n\n\n\n<p>\u0218i a refuzat s\u0103 semneze.<\/p>\n\n\n\n<p><em>Aceast\u0103 lucrare este inspirat\u0103 din evenimente \u0219i persoane reale, \u00eens\u0103 a fost fic\u021bionalizat\u0103 \u00een scopuri creative. Numele, personajele \u0219i detaliile au fost schimbate pentru a proteja intimitatea \u0219i pentru a \u00eembun\u0103t\u0103\u021bi nara\u021biunea. Orice asem\u0103nare cu persoane reale, \u00een via\u021b\u0103 sau decedate, sau cu evenimente reale este pur \u00eent\u00e2mpl\u0103toare \u0219i nu este inten\u021bionat\u0103 de c\u0103tre autor.<\/em><\/p>\n\n\n\n<p><em>Autorul \u0219i editorul nu \u00ee\u0219i asum\u0103 responsabilitatea pentru exactitatea evenimentelor sau pentru modul \u00een care sunt portretizate personajele \u0219i nu sunt r\u0103spunz\u0103tori pentru eventuale interpret\u0103ri gre\u0219ite. Aceast\u0103 poveste este oferit\u0103 \u201eca atare\u201d, iar orice opinii exprimate apar\u021bin personajelor \u0219i nu reflect\u0103 punctele de vedere ale autorului sau ale editorului.<\/em><\/p>\n\n\n\n<p><a href=\"https:\/\/www.pinterest.com\/pin\/create\/button\/?url=https%3A%2F%2Fbumzi.ro%2F%3Fp%3D20653&amp;description=%C3%8Entinde-te+pe+bancheta+din+spate+%C8%99i+acoper%C4%83-te+cu+o+p%C4%83tur%C4%83%E2%80%A6+trebuie+s%C4%83+auzi+asta\" target=\"_blank\" rel=\"noreferrer noopener\"><\/a><\/p>\n\n\n\n<p><a href=\"https:\/\/www.facebook.com\/sharer\/sharer.php?u=https%3A%2F%2Fbumzi.ro%2F%3Fp%3D20653\" target=\"_blank\" rel=\"noreferrer noopener\"><\/a><\/p>\n\n\n\n<p><a href=\"https:\/\/twitter.com\/intent\/tweet?url=https%3A%2F%2Fbumzi.ro%2F%3Fp%3D20653&amp;text=%C3%8Entinde-te+pe+bancheta+din+spate+%C8%99i+acoper%C4%83-te+cu+o+p%C4%83tur%C4%83%E2%80%A6+trebuie+s%C4%83+auzi+asta\" target=\"_blank\" rel=\"noreferrer noopener\"><\/a><a href=\"https:\/\/bumzi.ro\/?p=20650\"><\/a><\/p>\n","protected":false},"excerpt":{"rendered":"<p>\u2014 \u2026prelu\u0103m tot controlul. F\u0103r\u0103 ea, majoritatea nu e suficient\u0103. Inima \u00eemi b\u0103tea at\u00e2t de tare \u00eenc\u00e2t eram convins\u0103 c\u0103 o aud \u0219i ei. Tat\u0103l<\/p>\n","protected":false},"author":1,"featured_media":45981,"comment_status":"closed","ping_status":"closed","sticky":false,"template":"","format":"standard","meta":[],"categories":[1],"tags":[],"_links":{"self":[{"href":"https:\/\/calatorinromania.com\/index.php?rest_route=\/wp\/v2\/posts\/46388"}],"collection":[{"href":"https:\/\/calatorinromania.com\/index.php?rest_route=\/wp\/v2\/posts"}],"about":[{"href":"https:\/\/calatorinromania.com\/index.php?rest_route=\/wp\/v2\/types\/post"}],"author":[{"embeddable":true,"href":"https:\/\/calatorinromania.com\/index.php?rest_route=\/wp\/v2\/users\/1"}],"replies":[{"embeddable":true,"href":"https:\/\/calatorinromania.com\/index.php?rest_route=%2Fwp%2Fv2%2Fcomments&post=46388"}],"version-history":[{"count":1,"href":"https:\/\/calatorinromania.com\/index.php?rest_route=\/wp\/v2\/posts\/46388\/revisions"}],"predecessor-version":[{"id":46389,"href":"https:\/\/calatorinromania.com\/index.php?rest_route=\/wp\/v2\/posts\/46388\/revisions\/46389"}],"wp:featuredmedia":[{"embeddable":true,"href":"https:\/\/calatorinromania.com\/index.php?rest_route=\/wp\/v2\/media\/45981"}],"wp:attachment":[{"href":"https:\/\/calatorinromania.com\/index.php?rest_route=%2Fwp%2Fv2%2Fmedia&parent=46388"}],"wp:term":[{"taxonomy":"category","embeddable":true,"href":"https:\/\/calatorinromania.com\/index.php?rest_route=%2Fwp%2Fv2%2Fcategories&post=46388"},{"taxonomy":"post_tag","embeddable":true,"href":"https:\/\/calatorinromania.com\/index.php?rest_route=%2Fwp%2Fv2%2Ftags&post=46388"}],"curies":[{"name":"wp","href":"https:\/\/api.w.org\/{rel}","templated":true}]}}