{"id":46296,"date":"2026-03-01T09:26:59","date_gmt":"2026-03-01T09:26:59","guid":{"rendered":"https:\/\/calatorinromania.com\/?p=46296"},"modified":"2026-03-01T09:27:00","modified_gmt":"2026-03-01T09:27:00","slug":"data-afara-din-casa-ei-inainte-de-iarna-si-a-ridicat-o-coliba-din-pamant-cu-doar-10-lei","status":"publish","type":"post","link":"https:\/\/calatorinromania.com\/?p=46296","title":{"rendered":"DAT\u0102 AFAR\u0102 DIN CASA EI \u00ceNAINTE DE IARN\u0102, \u0218I-A RIDICAT O COLIB\u0102 DIN P\u0102M\u00c2NT CU DOAR 10 LEI"},"content":{"rendered":"\n<p>L-a str\u00e2ns la piept ca pe o comoar\u0103 \u0219i a ie\u0219it din pr\u0103v\u0103lie f\u0103r\u0103 s\u0103 mai spun\u0103 nimic.<\/p>\n\n\n\n<p><\/p>\n\n\n\n<p>\u00cen sat s-a f\u0103cut lini\u0219te c\u00e2nd a trecut pe uli\u021b\u0103. Oamenii nu o opreau. Doar se uitau. Unii cu mil\u0103. Al\u021bii cu ne\u00eencredere. Al\u021bii deja preg\u0103ti\u021bi s\u0103 spun\u0103 \u201e\u021bi-am zis eu\u201d.<\/p>\n\n\n\n<p><\/p>\n\n\n\n<p>Dar Maria nu mai avea loc pentru p\u0103rerile lor.<\/p>\n\n\n\n<p><\/p>\n\n\n\n<p>Avea doar loc pentru planul ei.<\/p>\n\n\n\n<p><\/p>\n\n\n\n<p>\u00cen urm\u0103toarele s\u0103pt\u0103m\u00e2ni, groapa a prins form\u0103. Pere\u021bii au \u00eenceput s\u0103 creasc\u0103, r\u00e2nd peste r\u00e2nd de brazde a\u0219ezate ca ni\u0219te c\u0103r\u0103mizi verzi. \u00centre ele b\u0103ga p\u0103m\u00e2nt umed \u0219i \u00eel b\u0103tea cu muchia h\u00e2rle\u021bului.<\/p>\n\n\n\n<p><\/p>\n\n\n\n<p>Seara, c\u00e2nd se l\u0103sa frigul, intra \u00een groap\u0103 \u0219i atingea pere\u021bii.<\/p>\n\n\n\n<p><\/p>\n\n\n\n<p>Erau reci, dar solizi.<\/p>\n\n\n\n<p>Matei a \u00eenceput s\u0103 nu mai \u00eentrebe c\u00e2nd vine tata.<\/p>\n\n\n\n<p>Ilinca a \u00eenceput s\u0103 spun\u0103 c\u0103 noua cas\u0103 miroase \u201ea iarb\u0103 \u0219i a var\u0103\u201d.<\/p>\n\n\n\n<p>C\u00e2nd a pus grinzile din lemn de salcie peste acoperi\u0219, v\u00e2ntul s-a pornit din senin. A smucit crengile, a ridicat praful, a \u00eencercat s\u0103-i smulg\u0103 munca din m\u00e2ini.<\/p>\n\n\n\n<p>Maria s-a urcat pe acoperi\u0219 cu picioarele goale, ca s\u0103 simt\u0103 lemnul. A legat crengile cu sfoar\u0103. A pus deasupra un strat gros de brazde.<\/p>\n\n\n\n<p>V\u00e2ntul a urlat.<\/p>\n\n\n\n<p>Casa a r\u0103mas.<\/p>\n\n\n\n<p>Prima brum\u0103 a venit \u00eentr-o diminea\u021b\u0103 t\u0103cut\u0103. C\u00e2mpul era alb. Aerul mu\u0219ca din pl\u0103m\u00e2ni.<\/p>\n\n\n\n<p>\u00cen c\u0103su\u021ba lor, soba de font\u0103 trosnea.<\/p>\n\n\n\n<p>Fumul ie\u0219ea pe hornul scurt, drept \u00een sus.<\/p>\n\n\n\n<p>Pere\u021bii gro\u0219i \u021bineau frigul afar\u0103. Podeaua, fiind sub nivelul p\u0103m\u00e2ntului, p\u0103stra c\u0103ldura. Geamul mic l\u0103sa o dung\u0103 de lumin\u0103 peste mas\u0103.<\/p>\n\n\n\n<p>Matei st\u0103tea pe un sc\u0103unel \u0219i \u00ee\u0219i \u00eenc\u0103lzea m\u00e2inile.<\/p>\n\n\n\n<p>Ilinca desena cu degetul pe peretele de lut.<\/p>\n\n\n\n<p>Maria a \u00eenchis u\u0219a din lemn \u0219i pentru prima dat\u0103 dup\u0103 multe luni, nu i-a mai fost fric\u0103.<\/p>\n\n\n\n<p>\u00cen ianuarie, a venit viscolul.<\/p>\n\n\n\n<p>Trei zile a b\u0103tut v\u00e2ntul f\u0103r\u0103 oprire. Z\u0103pada a acoperit c\u00e2mpia, a \u00eenghi\u021bit gardurile, a \u0219ters drumul spre sat.<\/p>\n\n\n\n<p>\u00cen a patra zi, c\u00e2nd cerul s-a limpezit, s\u0103tenii au ie\u0219it s\u0103 vad\u0103 ce mai r\u0103m\u0103sese.<\/p>\n\n\n\n<p>Unii se a\u0219teptau s\u0103 g\u0103seasc\u0103 doar c\u0103ru\u021ba r\u0103sturnat\u0103 \u0219i urme duse de v\u00e2nt.<\/p>\n\n\n\n<p>\u00cen loc de asta, au v\u0103zut un deal mic, rotunjit, din care ie\u0219ea un horn fumeg\u00e2nd.<\/p>\n\n\n\n<p>U\u0219a s-a deschis.<\/p>\n\n\n\n<p>Maria a ie\u0219it prima, cu spatele drept.<\/p>\n\n\n\n<p>\u00cen urma ei, Matei \u0219i Ilinca, rumeni \u00een obraji.<\/p>\n\n\n\n<p>Gheorghe Florea s-a apropiat \u00eencet. A b\u0103tut cu palma \u00een peretele de p\u0103m\u00e2nt.<\/p>\n\n\n\n<p>Era tare ca piatra.<\/p>\n\n\n\n<p>\u2014 Ai reu\u0219it\u2026 a murmurat el.<\/p>\n\n\n\n<p>Maria a z\u00e2mbit.<\/p>\n\n\n\n<p>Nu larg. Nu triumf\u0103tor.<\/p>\n\n\n\n<p>Ci lini\u0219tit.<\/p>\n\n\n\n<p>\u00cen prim\u0103var\u0103, al\u021bi doi vecini au \u00eenceput s\u0103-\u0219i sape casele mai jos \u00een p\u0103m\u00e2nt.<\/p>\n\n\n\n<p>Vasile Munteanu n-a mai pomenit niciodat\u0103 de cei 100 de lei.<\/p>\n\n\n\n<p>Iar pe c\u00e2mpia goal\u0103, acolo unde nu era nimic, a r\u0103mas o c\u0103su\u021b\u0103 mic\u0103, crescut\u0103 din p\u0103m\u00e2nt, ridicat\u0103 cu zece lei, dou\u0103 m\u00e2ini cr\u0103pate \u0219i o \u00eenc\u0103p\u0103\u021b\u00e2nare mai puternic\u0103 dec\u00e2t iarna.<\/p>\n\n\n\n<p>Nu era doar o cas\u0103.<\/p>\n\n\n\n<p>Era dovada c\u0103, uneori, c\u00e2nd totul \u00ee\u021bi este luat, \u00ee\u021bi r\u0103m\u00e2ne ceva ce nimeni nu poate cump\u0103ra.<\/p>\n\n\n\n<p>Puterea de a nu pleca.<\/p>\n\n\n\n<p><em>Aceast\u0103 lucrare este inspirat\u0103 din evenimente \u0219i persoane reale, \u00eens\u0103 a fost fic\u021bionalizat\u0103 \u00een scopuri creative. Numele, personajele \u0219i detaliile au fost schimbate pentru a proteja intimitatea \u0219i pentru a \u00eembun\u0103t\u0103\u021bi nara\u021biunea. Orice asem\u0103nare cu persoane reale, \u00een via\u021b\u0103 sau decedate, sau cu evenimente reale este pur \u00eent\u00e2mpl\u0103toare \u0219i nu este inten\u021bionat\u0103 de c\u0103tre autor.<\/em><\/p>\n\n\n\n<p><em>Autorul \u0219i editorul nu \u00ee\u0219i asum\u0103 responsabilitatea pentru exactitatea evenimentelor sau pentru modul \u00een care sunt portretizate personajele \u0219i nu sunt r\u0103spunz\u0103tori pentru eventuale interpret\u0103ri gre\u0219ite. Aceast\u0103 poveste este oferit\u0103 \u201eca atare\u201d, iar orice opinii exprimate apar\u021bin personajelor \u0219i nu reflect\u0103 punctele de vedere ale autorului sau ale editorului.<\/em><\/p>\n","protected":false},"excerpt":{"rendered":"<p>L-a str\u00e2ns la piept ca pe o comoar\u0103 \u0219i a ie\u0219it din pr\u0103v\u0103lie f\u0103r\u0103 s\u0103 mai spun\u0103 nimic. \u00cen sat s-a f\u0103cut lini\u0219te c\u00e2nd a<\/p>\n","protected":false},"author":1,"featured_media":45981,"comment_status":"closed","ping_status":"closed","sticky":false,"template":"","format":"standard","meta":[],"categories":[1],"tags":[],"_links":{"self":[{"href":"https:\/\/calatorinromania.com\/index.php?rest_route=\/wp\/v2\/posts\/46296"}],"collection":[{"href":"https:\/\/calatorinromania.com\/index.php?rest_route=\/wp\/v2\/posts"}],"about":[{"href":"https:\/\/calatorinromania.com\/index.php?rest_route=\/wp\/v2\/types\/post"}],"author":[{"embeddable":true,"href":"https:\/\/calatorinromania.com\/index.php?rest_route=\/wp\/v2\/users\/1"}],"replies":[{"embeddable":true,"href":"https:\/\/calatorinromania.com\/index.php?rest_route=%2Fwp%2Fv2%2Fcomments&post=46296"}],"version-history":[{"count":1,"href":"https:\/\/calatorinromania.com\/index.php?rest_route=\/wp\/v2\/posts\/46296\/revisions"}],"predecessor-version":[{"id":46297,"href":"https:\/\/calatorinromania.com\/index.php?rest_route=\/wp\/v2\/posts\/46296\/revisions\/46297"}],"wp:featuredmedia":[{"embeddable":true,"href":"https:\/\/calatorinromania.com\/index.php?rest_route=\/wp\/v2\/media\/45981"}],"wp:attachment":[{"href":"https:\/\/calatorinromania.com\/index.php?rest_route=%2Fwp%2Fv2%2Fmedia&parent=46296"}],"wp:term":[{"taxonomy":"category","embeddable":true,"href":"https:\/\/calatorinromania.com\/index.php?rest_route=%2Fwp%2Fv2%2Fcategories&post=46296"},{"taxonomy":"post_tag","embeddable":true,"href":"https:\/\/calatorinromania.com\/index.php?rest_route=%2Fwp%2Fv2%2Ftags&post=46296"}],"curies":[{"name":"wp","href":"https:\/\/api.w.org\/{rel}","templated":true}]}}