{"id":46294,"date":"2026-03-01T09:22:55","date_gmt":"2026-03-01T09:22:55","guid":{"rendered":"https:\/\/calatorinromania.com\/?p=46294"},"modified":"2026-03-01T09:22:55","modified_gmt":"2026-03-01T09:22:55","slug":"tata-ne-a-lasat-pe-mine-si-pe-mama-cu-10-copii-pentru-o-femeie-mai-tanara-de-la-biserica","status":"publish","type":"post","link":"https:\/\/calatorinromania.com\/?p=46294","title":{"rendered":"Tata ne-a l\u0103sat pe mine \u0219i pe mama cu 10 copii pentru o femeie mai t\u00e2n\u0103r\u0103 de la biseric\u0103"},"content":{"rendered":"\n<p>Mama a intrat \u00een sal\u0103 \u021bin\u00e2ndu-l de m\u00e2n\u0103 pe cel mai mic dintre noi, acum un b\u0103iat de nou\u0103 ani, care aproape c\u0103 nu-\u0219i amintea cum arat\u0103 tat\u0103l lui.<\/p>\n\n\n\n<p><\/p>\n\n\n\n<p>Nu purta rochie de mireas\u0103.<\/p>\n\n\n\n<p><\/p>\n\n\n\n<p>Purta o rochie simpl\u0103, bleumarin, \u0219i pantofii ei comozi, cei pe care \u00eei avea la toate evenimentele importante. P\u0103rul \u0219i-l prinsese la spate, a\u0219a cum f\u0103cea mereu c\u00e2nd avea treab\u0103 serioas\u0103.<\/p>\n\n\n\n<p><\/p>\n\n\n\n<p>Sala nu era decorat\u0103 cu baloane sau fe\u021be de mas\u0103 luxoase.<\/p>\n\n\n\n<p><\/p>\n\n\n\n<p><\/p>\n\n\n\n<p>Pe fundal era un banner mare, alb, pe care scria cu litere aurii:<\/p>\n\n\n\n<p><\/p>\n\n\n\n<p>\u201e25 de ani de curaj. Maria Popescu.\u201d<\/p>\n\n\n\n<p>Nu \u201efamilia Popescu\u201d.<\/p>\n\n\n\n<p>Nu \u201ereuniune\u201d.<\/p>\n\n\n\n<p>Numele ei.<\/p>\n\n\n\n<p>Tata a \u00eencremenit.<\/p>\n\n\n\n<p>\u00cen sal\u0103 erau to\u021bi fra\u021bii mei. Unii \u00eembr\u0103ca\u021bi elegant. Al\u021bii mai simplu. Dar to\u021bi drep\u021bi. To\u021bi uni\u021bi.<\/p>\n\n\n\n<p>\u0218i mai erau \u0219i al\u021bi oameni. Vecini. Colegi de munc\u0103 ai mamei. Preotul din cartier. Chiar \u0219i doamna de la magazinul din col\u021b care ne mai d\u0103dea pe datorie c\u00e2nd eram mici.<\/p>\n\n\n\n<p>Mama a urcat pe scen\u0103.<\/p>\n\n\n\n<p>\u0218i-a dres glasul.<\/p>\n\n\n\n<p>\u201eMul\u021bumesc tuturor c\u0103 a\u021bi venit\u201d, a \u00eenceput ea. \u201eAst\u0103zi nu e despre o familie destr\u0103mat\u0103. E despre o femeie care a \u00eenv\u0103\u021bat c\u0103 poate sta \u00een picioare \u0219i singur\u0103.\u201d<\/p>\n\n\n\n<p>Tata a f\u0103cut un pas \u00eenapoi.<\/p>\n\n\n\n<p>\u201eMaria\u2026\u201d a murmurat.<\/p>\n\n\n\n<p>Dar ea nu l-a privit.<\/p>\n\n\n\n<p>\u201eAcum zece ani, am r\u0103mas singur\u0103 cu zece copii. Cu datorii. Cu frigiderul aproape gol \u0219i cu fric\u0103 \u00een suflet. Nu \u0219tiam dac\u0103 vom avea bani de curent luna urm\u0103toare. Dar \u0219tiam un lucru: copiii mei nu vor sim\u021bi c\u0103 sunt o povar\u0103.\u201d<\/p>\n\n\n\n<p>A urmat un ropot de aplauze.<\/p>\n\n\n\n<p>Eu am urcat l\u00e2ng\u0103 ea.<\/p>\n\n\n\n<p>\u201e\u00cen seara asta,\u201d am spus, \u201enu e o cin\u0103 de \u00eemp\u0103care. E o s\u0103rb\u0103toare.\u201d<\/p>\n\n\n\n<p>Pe ecranul din spate au \u00eenceput s\u0103 ruleze poze.<\/p>\n\n\n\n<p>Mama la munc\u0103, cu mopul \u00een m\u00e2n\u0103.<\/p>\n\n\n\n<p>Mama la serb\u0103ri.<\/p>\n\n\n\n<p>Mama la absolvirea mea.<\/p>\n\n\n\n<p>Mama pl\u0103tind taxe la ghi\u0219eu.<\/p>\n\n\n\n<p>Mama r\u00e2z\u00e2nd.<\/p>\n\n\n\n<p>Mama obosit\u0103, dar dreapt\u0103.<\/p>\n\n\n\n<p>\u201e\u00cen ultimii zece ani,\u201d am continuat, \u201eniciunul dintre noi nu a ajuns la casa de copii. Niciunul nu a abandonat \u0219coala. Doi sunt deja la facultate la Bucure\u0219ti. Unul \u0219i-a deschis un service auto. Eu mi-am terminat studiile \u0219i am un job stabil.\u201d<\/p>\n\n\n\n<p>Tata \u00eenghi\u021bea \u00een sec.<\/p>\n\n\n\n<p>\u201e\u0218i \u0219tii ceva, tat\u0103?\u201d am spus, privind direct spre el. \u201eN-am f\u0103cut asta a\u0219tept\u00e2nd s\u0103 te \u00eentorci.\u201d<\/p>\n\n\n\n<p>Mama a scos un plic.<\/p>\n\n\n\n<p>\u201eAst\u0103zi am semnat actele finale pentru casa noastr\u0103\u201d, a spus ea. \u201eUltima rat\u0103. Dup\u0103 zece ani de munc\u0103.\u201d<\/p>\n\n\n\n<p>Sala a izbucnit \u00een aplauze.<\/p>\n\n\n\n<p>\u201e\u0218i pentru c\u0103 oamenii chiar merit\u0103 iertare\u2026\u201d a continuat ea, \u00een timp ce tata p\u0103rea c\u0103 prinde speran\u021b\u0103, \u201ete iert.\u201d<\/p>\n\n\n\n<p>S-a f\u0103cut lini\u0219te.<\/p>\n\n\n\n<p>\u201eTe iert pentru mine. Ca s\u0103 pot dormi lini\u0219tit\u0103. Dar asta nu \u00eenseamn\u0103 c\u0103 m\u0103 \u00eentorc \u00een trecut.\u201d<\/p>\n\n\n\n<p>A f\u0103cut un pas \u00eenapoi.<\/p>\n\n\n\n<p>\u201eAcas\u0103 nu e un loc unde vii c\u00e2nd \u021bi-e greu. Acas\u0103 e unde r\u0103m\u00e2i c\u00e2nd e greu.\u201d<\/p>\n\n\n\n<p>Cuvintele au c\u0103zut grele.<\/p>\n\n\n\n<p>Tata \u0219i-a l\u0103sat privirea \u00een p\u0103m\u00e2nt.<\/p>\n\n\n\n<p>Nimeni nu l-a huiduit.<\/p>\n\n\n\n<p>Nimeni nu l-a alungat.<\/p>\n\n\n\n<p>Umilin\u021ba lui nu venea din strig\u0103te.<\/p>\n\n\n\n<p>Venea din adev\u0103r.<\/p>\n\n\n\n<p>Eu m-am apropiat de el.<\/p>\n\n\n\n<p>\u201ePo\u021bi s\u0103 pleci acum\u201d, i-am spus calm. \u201eDar dac\u0103 vrei s\u0103 fii prezent \u00een via\u021ba noastr\u0103, \u00eencepi de la zero. Ca un om care c\u00e2\u0219tig\u0103 \u00eencrederea, nu ca un tat\u0103 care o cere.\u201d<\/p>\n\n\n\n<p>Mama a cobor\u00e2t de pe scen\u0103.<\/p>\n\n\n\n<p>Fra\u021bii mei au \u00eenconjurat-o.<\/p>\n\n\n\n<p>Nu era o victorie zgomotoas\u0103.<\/p>\n\n\n\n<p>Era una demn\u0103.<\/p>\n\n\n\n<p>Tata a ie\u0219it din sal\u0103 f\u0103r\u0103 s\u0103 mai spun\u0103 nimic.<\/p>\n\n\n\n<p>U\u0219a s-a \u00eenchis \u00eencet \u00een urma lui.<\/p>\n\n\n\n<p>Mama a inspirat ad\u00e2nc.<\/p>\n\n\n\n<p>\u0218i pentru prima dat\u0103 \u00een zece ani, nu mai p\u0103rea c\u0103 doar supravie\u021buie\u0219te.<\/p>\n\n\n\n<p>P\u0103rea liber\u0103.<\/p>\n\n\n\n<p>Iar noi \u2014 cei zece copii pe care \u00eei numea c\u00e2ndva \u201ebinecuv\u00e2ntarea lui\u201d \u2014 \u0219tiam un lucru clar:<\/p>\n\n\n\n<p>Nu el ne-a \u021binut uni\u021bi.<\/p>\n\n\n\n<p>Ci ea.<\/p>\n\n\n\n<p>\u0218i nimeni nu ne va mai lua asta vreodat\u0103.<\/p>\n\n\n\n<p><em>Aceast\u0103 lucrare este inspirat\u0103 din evenimente \u0219i persoane reale, \u00eens\u0103 a fost fic\u021bionalizat\u0103 \u00een scopuri creative. Numele, personajele \u0219i detaliile au fost schimbate pentru a proteja intimitatea \u0219i pentru a \u00eembun\u0103t\u0103\u021bi nara\u021biunea. Orice asem\u0103nare cu persoane reale, \u00een via\u021b\u0103 sau decedate, sau cu evenimente reale este pur \u00eent\u00e2mpl\u0103toare \u0219i nu este inten\u021bionat\u0103 de c\u0103tre autor.<\/em><\/p>\n\n\n\n<p><em>Autorul \u0219i editorul nu \u00ee\u0219i asum\u0103 responsabilitatea pentru exactitatea evenimentelor sau pentru modul \u00een care sunt portretizate personajele \u0219i nu sunt r\u0103spunz\u0103tori pentru eventuale interpret\u0103ri gre\u0219ite. Aceast\u0103 poveste este oferit\u0103 \u201eca atare\u201d, iar orice opinii exprimate apar\u021bin personajelor \u0219i nu reflect\u0103 punctele de vedere ale autorului sau ale editorului.<\/em><\/p>\n","protected":false},"excerpt":{"rendered":"<p>Mama a intrat \u00een sal\u0103 \u021bin\u00e2ndu-l de m\u00e2n\u0103 pe cel mai mic dintre noi, acum un b\u0103iat de nou\u0103 ani, care aproape c\u0103 nu-\u0219i amintea<\/p>\n","protected":false},"author":1,"featured_media":45981,"comment_status":"closed","ping_status":"closed","sticky":false,"template":"","format":"standard","meta":[],"categories":[1],"tags":[],"_links":{"self":[{"href":"https:\/\/calatorinromania.com\/index.php?rest_route=\/wp\/v2\/posts\/46294"}],"collection":[{"href":"https:\/\/calatorinromania.com\/index.php?rest_route=\/wp\/v2\/posts"}],"about":[{"href":"https:\/\/calatorinromania.com\/index.php?rest_route=\/wp\/v2\/types\/post"}],"author":[{"embeddable":true,"href":"https:\/\/calatorinromania.com\/index.php?rest_route=\/wp\/v2\/users\/1"}],"replies":[{"embeddable":true,"href":"https:\/\/calatorinromania.com\/index.php?rest_route=%2Fwp%2Fv2%2Fcomments&post=46294"}],"version-history":[{"count":1,"href":"https:\/\/calatorinromania.com\/index.php?rest_route=\/wp\/v2\/posts\/46294\/revisions"}],"predecessor-version":[{"id":46295,"href":"https:\/\/calatorinromania.com\/index.php?rest_route=\/wp\/v2\/posts\/46294\/revisions\/46295"}],"wp:featuredmedia":[{"embeddable":true,"href":"https:\/\/calatorinromania.com\/index.php?rest_route=\/wp\/v2\/media\/45981"}],"wp:attachment":[{"href":"https:\/\/calatorinromania.com\/index.php?rest_route=%2Fwp%2Fv2%2Fmedia&parent=46294"}],"wp:term":[{"taxonomy":"category","embeddable":true,"href":"https:\/\/calatorinromania.com\/index.php?rest_route=%2Fwp%2Fv2%2Fcategories&post=46294"},{"taxonomy":"post_tag","embeddable":true,"href":"https:\/\/calatorinromania.com\/index.php?rest_route=%2Fwp%2Fv2%2Ftags&post=46294"}],"curies":[{"name":"wp","href":"https:\/\/api.w.org\/{rel}","templated":true}]}}