{"id":44823,"date":"2026-01-14T11:08:01","date_gmt":"2026-01-14T11:08:01","guid":{"rendered":"https:\/\/calatorinromania.com\/?p=44823"},"modified":"2026-01-14T11:08:02","modified_gmt":"2026-01-14T11:08:02","slug":"nu-le-am-spus-niciodata-parintilor-mei-ca-sunt-judecator-federal","status":"publish","type":"post","link":"https:\/\/calatorinromania.com\/?p=44823","title":{"rendered":"Nu le-am spus niciodat\u0103 p\u0103rin\u021bilor mei c\u0103 sunt judec\u0103tor federal"},"content":{"rendered":"\n<p>\u201e\u2026f\u0103r\u0103 acordul proprietarului de drept\u201d, am continuat, f\u0103c\u00e2nd un pas \u00eenainte. \u201eA\u021bi retras din conturile lui peste 180.000 de lei. A\u021bi falsificat semn\u0103turi. A\u021bi sechestrat o persoan\u0103 vulnerabil\u0103. \u0218i a\u021bi pus via\u021ba unui b\u0103tr\u00e2n \u00een pericol.\u201d<\/p>\n\n\n\n<p><\/p>\n\n\n\n<p>Fa\u021ba mamei s-a albit ca varul. Tat\u0103l meu a \u00eencercat s\u0103 r\u00e2d\u0103.<\/p>\n\n\n\n<p><\/p>\n\n\n\n<p>\u2014 Ce-i prostia asta, Ana? Ai b\u0103ut ceva?<\/p>\n\n\n\n<p><\/p>\n\n\n\n<p>Am scos legitima\u021bia \u0219i am pus-o pe masa de marmur\u0103. Sunetul sec a umplut buc\u0103t\u0103ria.<\/p>\n\n\n\n<p><\/p>\n\n\n\n<p>\u2014 Sunt judec\u0103tor. \u0218i cazul \u0103sta tocmai a devenit penal.<\/p>\n\n\n\n<p><\/p>\n\n\n\n<p>Pentru prima dat\u0103 \u00een via\u021ba mea, am v\u0103zut frica adev\u0103rat\u0103 \u00een ochii lor.<\/p>\n\n\n\n<p><\/p>\n\n\n\n<p>Sirenele s-au auzit \u00een dep\u0103rtare. Aproape imediat.<\/p>\n\n\n\n<p><\/p>\n\n\n\n<p>\u2014 Nu po\u021bi face asta! a \u021bipat Mariana. Suntem p\u0103rin\u021bii t\u0103i!<\/p>\n\n\n\n<p><\/p>\n\n\n\n<p>\u2014 A\u021bi \u00eencetat s\u0103 fi\u021bi p\u0103rin\u021bii mei \u00een ziua \u00een care m-a\u021bi l\u0103sat cu o geant\u0103 la u\u0219\u0103, am spus calm. Azi sunt doar ni\u0219te inculpa\u021bi.<\/p>\n\n\n\n<p><\/p>\n\n\n\n<p>Poli\u021bia a intrat \u00een cas\u0103 ca un val rece. C\u0103tu\u0219ele au sunat metalic. Vecinii au \u00eenceput s\u0103 ias\u0103 la por\u021bi. Vila aceea \u201eperfect\u0103\u201d s-a pr\u0103bu\u0219it \u00eentr-o clip\u0103.<\/p>\n\n\n\n<p><\/p>\n\n\n\n<p>M-am \u00eentors la magazie. L-am g\u0103sit pe bunicul exact unde \u00eel l\u0103sasem, tremur\u00e2nd.<\/p>\n\n\n\n<p>\u2014 Gata, bunicule, i-am spus. S-a terminat.<\/p>\n\n\n\n<p>L-am dus la spital \u00een noaptea aceea. Medicii au spus c\u0103 dac\u0103 mai st\u0103tea c\u00e2teva ore \u00een frig, nu ar fi supravie\u021buit.<\/p>\n\n\n\n<p>A stat internat trei s\u0103pt\u0103m\u00e2ni. L-am vizitat zilnic. \u00cei aduceam sup\u0103, ziare, \u00eei povesteam lucruri simple. Despre tramvaie, despre oameni, despre via\u021b\u0103.<\/p>\n\n\n\n<p>Dup\u0103 externare, l-am dus la mine acas\u0103. Apartamentul meu nu e mare. Dou\u0103 camere. Mobil\u0103 simpl\u0103. Dar e cald. \u0218i lini\u0219te.<\/p>\n\n\n\n<p>Procesul a fost scurt. Dovezile erau clare. Condamn\u0103ri. Confisc\u0103ri. Vila scoas\u0103 la licita\u021bie. Banii recupera\u021bi.<\/p>\n\n\n\n<p>Cu ei, am cump\u0103rat o c\u0103su\u021b\u0103 mic\u0103, la marginea ora\u0219ului. Cu gr\u0103din\u0103. Cu pomi.<\/p>\n\n\n\n<p>\u00cen prim\u0103var\u0103, bunicul a ie\u0219it afar\u0103 \u0219i a stat pe banc\u0103, la soare. A z\u00e2mbit.<\/p>\n\n\n\n<p>\u2014 Credeam c\u0103 o s\u0103 mor uitat, mi-a spus. Dar m-ai g\u0103sit.<\/p>\n\n\n\n<p>L-am str\u00e2ns de m\u00e2n\u0103.<\/p>\n\n\n\n<p>\u2014 Nu te-am g\u0103sit, bunicule. Te-am adus acas\u0103.<\/p>\n\n\n\n<p>\u00cen seara aceea, am \u00een\u021beles un lucru simplu:<br>dreptatea nu \u00eenseamn\u0103 doar legi \u0219i sentin\u021be.<br>Uneori, \u00eenseamn\u0103 s\u0103 deschizi o u\u0219\u0103 ruginit\u0103, \u00een plin\u0103 iarn\u0103, \u0219i s\u0103 refuzi s\u0103 mai pleci.<\/p>\n\n\n\n<p><em>Aceast\u0103 lucrare este inspirat\u0103 din evenimente \u0219i persoane reale, \u00eens\u0103 a fost fic\u021bionalizat\u0103 \u00een scopuri creative. Numele, personajele \u0219i detaliile au fost schimbate pentru a proteja intimitatea \u0219i pentru a \u00eembun\u0103t\u0103\u021bi nara\u021biunea. Orice asem\u0103nare cu persoane reale, \u00een via\u021b\u0103 sau decedate, sau cu evenimente reale este pur \u00eent\u00e2mpl\u0103toare \u0219i nu este inten\u021bionat\u0103 de c\u0103tre autor.<\/em><\/p>\n\n\n\n<p><em>Autorul \u0219i editorul nu \u00ee\u0219i asum\u0103 responsabilitatea pentru exactitatea evenimentelor sau pentru modul \u00een care sunt portretizate personajele \u0219i nu sunt r\u0103spunz\u0103tori pentru eventuale interpret\u0103ri gre\u0219ite. Aceast\u0103 poveste este oferit\u0103 \u201eca atare\u201d, iar orice opinii exprimate apar\u021bin personajelor \u0219i nu reflect\u0103 punctele de vedere ale autorului sau ale editorului.<\/em><\/p>\n","protected":false},"excerpt":{"rendered":"<p>\u201e\u2026f\u0103r\u0103 acordul proprietarului de drept\u201d, am continuat, f\u0103c\u00e2nd un pas \u00eenainte. \u201eA\u021bi retras din conturile lui peste 180.000 de lei. A\u021bi falsificat semn\u0103turi. A\u021bi sechestrat<\/p>\n","protected":false},"author":1,"featured_media":44268,"comment_status":"closed","ping_status":"closed","sticky":false,"template":"","format":"standard","meta":[],"categories":[1],"tags":[],"_links":{"self":[{"href":"https:\/\/calatorinromania.com\/index.php?rest_route=\/wp\/v2\/posts\/44823"}],"collection":[{"href":"https:\/\/calatorinromania.com\/index.php?rest_route=\/wp\/v2\/posts"}],"about":[{"href":"https:\/\/calatorinromania.com\/index.php?rest_route=\/wp\/v2\/types\/post"}],"author":[{"embeddable":true,"href":"https:\/\/calatorinromania.com\/index.php?rest_route=\/wp\/v2\/users\/1"}],"replies":[{"embeddable":true,"href":"https:\/\/calatorinromania.com\/index.php?rest_route=%2Fwp%2Fv2%2Fcomments&post=44823"}],"version-history":[{"count":1,"href":"https:\/\/calatorinromania.com\/index.php?rest_route=\/wp\/v2\/posts\/44823\/revisions"}],"predecessor-version":[{"id":44824,"href":"https:\/\/calatorinromania.com\/index.php?rest_route=\/wp\/v2\/posts\/44823\/revisions\/44824"}],"wp:featuredmedia":[{"embeddable":true,"href":"https:\/\/calatorinromania.com\/index.php?rest_route=\/wp\/v2\/media\/44268"}],"wp:attachment":[{"href":"https:\/\/calatorinromania.com\/index.php?rest_route=%2Fwp%2Fv2%2Fmedia&parent=44823"}],"wp:term":[{"taxonomy":"category","embeddable":true,"href":"https:\/\/calatorinromania.com\/index.php?rest_route=%2Fwp%2Fv2%2Fcategories&post=44823"},{"taxonomy":"post_tag","embeddable":true,"href":"https:\/\/calatorinromania.com\/index.php?rest_route=%2Fwp%2Fv2%2Ftags&post=44823"}],"curies":[{"name":"wp","href":"https:\/\/api.w.org\/{rel}","templated":true}]}}