{"id":44821,"date":"2026-01-14T11:00:48","date_gmt":"2026-01-14T11:00:48","guid":{"rendered":"https:\/\/calatorinromania.com\/?p=44821"},"modified":"2026-01-14T11:00:48","modified_gmt":"2026-01-14T11:00:48","slug":"la-sapte-ani-dupa-divort-s-a-intalnit-cu-fosta-lui-sotie-lucrand-ca-femeie-de-serviciu","status":"publish","type":"post","link":"https:\/\/calatorinromania.com\/?p=44821","title":{"rendered":"La \u0219apte ani dup\u0103 divor\u021b, s-a \u00eent\u00e2lnit cu fosta lui so\u021bie lucr\u00e2nd ca femeie de serviciu"},"content":{"rendered":"\n<p>Victor a sim\u021bit cum i se usuc\u0103 gura. A privit \u00een jur, convins c\u0103 auzise gre\u0219it. \u201eDoamn\u0103 Popescu\u201d? Elena? Femeia care, \u00een mintea lui, nu ajunsese nimic?<\/p>\n\n\n\n<p><\/p>\n\n\n\n<p>Elena s-a \u00eendreptat de spate \u00eencet. \u0218i-a \u0219ters m\u00e2inile de \u0219or\u021bul simplu de lucru, apoi \u0219i l-a scos cu un gest calm. Sub el, purta o rochie simpl\u0103, dar elegant\u0103. Nu scump\u0103 la prima vedere. Dar croit\u0103 impecabil.<\/p>\n\n\n\n<p><\/p>\n\n\n\n<p>\u201eMul\u021bumesc\u201d, a spus ea. \u201eVin imediat.\u201d<\/p>\n\n\n\n<p><\/p>\n\n\n\n<p>Nicoleta a f\u0103cut un pas \u00eenapoi, f\u0103r\u0103 s\u0103-\u0219i dea seama. \u201eVictor\u2026 ce se \u00eent\u00e2mpl\u0103?\u201d<\/p>\n\n\n\n<p><\/p>\n\n\n\n<p>El nu a r\u0103spuns. Ochii \u00eei erau lipi\u021bi de Elena.<\/p>\n\n\n\n<p><\/p>\n\n\n\n<p>Cu \u0219apte ani \u00een urm\u0103, c\u00e2nd divor\u021baser\u0103, \u00eei spusese exact asta: \u201eF\u0103r\u0103 mine, n-o s\u0103 ajungi nimic.\u201d Atunci, Elena plecase din apartamentul lor din Pipera cu dou\u0103 valize \u0219i c\u00e2teva haine. Renun\u021base la tot. Inclusiv la explica\u021bii.<\/p>\n\n\n\n<p><\/p>\n\n\n\n<p>Anii care au urmat nu fuseser\u0103 u\u0219ori. La \u00eenceput, lucrase ca v\u00e2nz\u0103toare. Apoi ca femeie de serviciu. Nimeni nu \u0219tia c\u0103, seara, st\u0103tea p\u00e2n\u0103 t\u00e2rziu \u0219i \u00eenv\u0103\u021ba. Design, management, finan\u021be. Nimeni nu \u0219tia c\u0103 investise pu\u021binul pe care \u00eel avea, cu r\u0103bdare. Leu cu leu.<\/p>\n\n\n\n<p><\/p>\n\n\n\n<p>Directorul mallului a f\u0103cut semn discret. O u\u0219\u0103 mare s-a deschis, iar lumea a \u00eenceput s\u0103 se adune \u00een jurul unei vitrine acoperite cu o p\u00e2nz\u0103 alb\u0103.<\/p>\n\n\n\n<p><\/p>\n\n\n\n<p>\u201eDoamnelor \u0219i domnilor\u201d, a spus b\u0103rbatul cu p\u0103rul alb, \u201eavem onoarea s\u0103 v\u0103 prezent\u0103m cea mai scump\u0103 rochie creat\u0103 vreodat\u0103 \u00een Rom\u00e2nia.\u201d<\/p>\n\n\n\n<p>Elena a p\u0103\u0219it \u00een fa\u021b\u0103.<\/p>\n\n\n\n<p>P\u00e2nza a fost tras\u0103.<\/p>\n\n\n\n<p>Un oftat colectiv a str\u0103b\u0103tut holul.<\/p>\n\n\n\n<p>Rochia str\u0103lucea discret, cusut\u0103 manual, cu detalii fine, cristale naturale \u0219i m\u0103tase pur\u0103. Valoarea ei: peste cinci milioane de lei. Nu pentru opulen\u021b\u0103. Ci pentru munc\u0103, art\u0103 \u0219i viziune.<\/p>\n\n\n\n<p>\u201eAceast\u0103 crea\u021bie\u201d, a continuat prezentatorul, \u201eapar\u021bine casei&nbsp;<strong>ELENA<\/strong>&nbsp;\u2014 un brand rom\u00e2nesc fondat de doamna Elena Popescu.\u201d<\/p>\n\n\n\n<p>Victor a sim\u021bit cum \u00eei fuge p\u0103m\u00e2ntul de sub picioare.<\/p>\n\n\n\n<p>\u201eEste femeia de serviciu\u2026\u201d a \u0219optit Nicoleta.<\/p>\n\n\n\n<p>\u201eNu\u201d, a spus directorul, f\u0103r\u0103 s\u0103 se uite la ea. \u201eEste proprietara.\u201d<\/p>\n\n\n\n<p>Elena a luat microfonul. A privit mul\u021bimea. Apoi, pentru o clip\u0103, privirea ei s-a oprit asupra lui Victor. Nu cu triumf. Nu cu r\u0103zbunare. Ci cu lini\u0219te.<\/p>\n\n\n\n<p>\u201eNu m-am apucat de mod\u0103 ca s\u0103 demonstrez ceva\u201d, a spus ea. \u201eM-am apucat pentru c\u0103, atunci c\u00e2nd n-ai nimic, singurul lucru care te \u021bine \u00een picioare e ce \u0219tii s\u0103 faci cu m\u00e2inile \u0219i cu mintea ta.\u201d<\/p>\n\n\n\n<p>A urmat un ropot de aplauze.<\/p>\n\n\n\n<p>Victor a \u00eencercat s\u0103 se apropie. \u201eElena\u2026 putem vorbi?\u201d<\/p>\n\n\n\n<p>Ea s-a uitat la ceas. \u201eNu acum.\u201d<\/p>\n\n\n\n<p>Dup\u0103 eveniment, presa s-a \u00eenghesuit. \u00centreb\u0103ri. Blitzuri. Felicit\u0103ri. Elena r\u0103spundea calm, f\u0103r\u0103 grab\u0103.<\/p>\n\n\n\n<p>Victor a r\u0103mas pe margine. Mic. Invizibil.<\/p>\n\n\n\n<p>Mai t\u00e2rziu, a aflat adev\u0103rul complet. Elena nu era angajat\u0103. Venise \u00een mall incognito, s\u0103 vad\u0103 reac\u021biile oamenilor. S\u0103 aud\u0103 ce se spune c\u00e2nd nimeni nu \u0219tie cine e\u0219ti.<\/p>\n\n\n\n<p>A doua zi, firma lui Victor a pierdut un contract important. Cu unul dintre investitorii care st\u0103tuser\u0103, cu o or\u0103 \u00eenainte, \u00een fa\u021ba rochiei Elenei.<\/p>\n\n\n\n<p>C\u00e2teva luni mai t\u00e2rziu, s-au \u00eent\u00e2lnit din nou. \u00cent\u00e2mpl\u0103tor. Pe o strad\u0103 lini\u0219tit\u0103.<\/p>\n\n\n\n<p>\u201e\u00cemi pare r\u0103u\u201d, a spus el. \u201eAm gre\u0219it.\u201d<\/p>\n\n\n\n<p>Elena a z\u00e2mbit u\u0219or. \u201e\u0218tiu.\u201d<\/p>\n\n\n\n<p>\u0218i a plecat.<\/p>\n\n\n\n<p>Nu pentru c\u0103 \u00eel ur\u00e2se vreodat\u0103.<br>Ci pentru c\u0103 \u00eenv\u0103\u021base, \u00een sf\u00e2r\u0219it, s\u0103 nu se mai \u00eentoarc\u0103 acolo unde fusese f\u0103cut\u0103 mic\u0103.<\/p>\n\n\n\n<p>Iar rochia de milioane nu fusese adev\u0103rata victorie.<\/p>\n\n\n\n<p>Adev\u0103rata victorie fusese lini\u0219tea.<\/p>\n\n\n\n<p><em>Aceast\u0103 lucrare este inspirat\u0103 din evenimente \u0219i persoane reale, \u00eens\u0103 a fost fic\u021bionalizat\u0103 \u00een scopuri creative. Numele, personajele \u0219i detaliile au fost schimbate pentru a proteja intimitatea \u0219i pentru a \u00eembun\u0103t\u0103\u021bi nara\u021biunea. Orice asem\u0103nare cu persoane reale, \u00een via\u021b\u0103 sau decedate, sau cu evenimente reale este pur \u00eent\u00e2mpl\u0103toare \u0219i nu este inten\u021bionat\u0103 de c\u0103tre autor.<\/em><\/p>\n\n\n\n<p><em>Autorul \u0219i editorul nu \u00ee\u0219i asum\u0103 responsabilitatea pentru exactitatea evenimentelor sau pentru modul \u00een care sunt portretizate personajele \u0219i nu sunt r\u0103spunz\u0103tori pentru eventuale interpret\u0103ri gre\u0219ite. Aceast\u0103 poveste este oferit\u0103 \u201eca atare\u201d, iar orice opinii exprimate apar\u021bin personajelor \u0219i nu reflect\u0103 punctele de vedere ale autorului sau ale editorului.<\/em><\/p>\n","protected":false},"excerpt":{"rendered":"<p>Victor a sim\u021bit cum i se usuc\u0103 gura. A privit \u00een jur, convins c\u0103 auzise gre\u0219it. \u201eDoamn\u0103 Popescu\u201d? Elena? Femeia care, \u00een mintea lui, nu<\/p>\n","protected":false},"author":1,"featured_media":44268,"comment_status":"closed","ping_status":"closed","sticky":false,"template":"","format":"standard","meta":[],"categories":[1],"tags":[],"_links":{"self":[{"href":"https:\/\/calatorinromania.com\/index.php?rest_route=\/wp\/v2\/posts\/44821"}],"collection":[{"href":"https:\/\/calatorinromania.com\/index.php?rest_route=\/wp\/v2\/posts"}],"about":[{"href":"https:\/\/calatorinromania.com\/index.php?rest_route=\/wp\/v2\/types\/post"}],"author":[{"embeddable":true,"href":"https:\/\/calatorinromania.com\/index.php?rest_route=\/wp\/v2\/users\/1"}],"replies":[{"embeddable":true,"href":"https:\/\/calatorinromania.com\/index.php?rest_route=%2Fwp%2Fv2%2Fcomments&post=44821"}],"version-history":[{"count":1,"href":"https:\/\/calatorinromania.com\/index.php?rest_route=\/wp\/v2\/posts\/44821\/revisions"}],"predecessor-version":[{"id":44822,"href":"https:\/\/calatorinromania.com\/index.php?rest_route=\/wp\/v2\/posts\/44821\/revisions\/44822"}],"wp:featuredmedia":[{"embeddable":true,"href":"https:\/\/calatorinromania.com\/index.php?rest_route=\/wp\/v2\/media\/44268"}],"wp:attachment":[{"href":"https:\/\/calatorinromania.com\/index.php?rest_route=%2Fwp%2Fv2%2Fmedia&parent=44821"}],"wp:term":[{"taxonomy":"category","embeddable":true,"href":"https:\/\/calatorinromania.com\/index.php?rest_route=%2Fwp%2Fv2%2Fcategories&post=44821"},{"taxonomy":"post_tag","embeddable":true,"href":"https:\/\/calatorinromania.com\/index.php?rest_route=%2Fwp%2Fv2%2Ftags&post=44821"}],"curies":[{"name":"wp","href":"https:\/\/api.w.org\/{rel}","templated":true}]}}