{"id":44819,"date":"2026-01-14T10:54:08","date_gmt":"2026-01-14T10:54:08","guid":{"rendered":"https:\/\/calatorinromania.com\/?p=44819"},"modified":"2026-01-14T10:54:09","modified_gmt":"2026-01-14T10:54:09","slug":"in-ziua-nuntii-mele-socrii-mei-l-au-batjocorit-pe-tata-in-fata-a-500-de-oameni","status":"publish","type":"post","link":"https:\/\/calatorinromania.com\/?p=44819","title":{"rendered":"\u00cen ziua nun\u021bii mele, socrii mei l-au batjocorit pe tata \u00een fa\u021ba a 500 de oameni"},"content":{"rendered":"\n<p>Tata s-a ridicat \u00eencet de pe scaun. Sala era mut\u0103. Se auzea doar clinchetul paharelor uitate pe mese.<\/p>\n\n\n\n<p><\/p>\n\n\n\n<p>\u201eIon Popescu\u201d, a spus el rar, \u201eam construit o companie de logistic\u0103 \u0219i energie care opereaz\u0103 \u00een trei \u021b\u0103ri. N-am vrut niciodat\u0103 s\u0103 m\u0103 laud. Am vrut doar s\u0103-mi cresc copilul \u00een lini\u0219te.\u201d<\/p>\n\n\n\n<p><\/p>\n\n\n\n<p>Mircea Ionescu a r\u00e2s for\u021bat. \u201eHaide, dom\u2019le, nu mai spune pove\u0219ti.\u201d<\/p>\n\n\n\n<p><\/p>\n\n\n\n<p>Tata a scos din buzunar un telefon vechi, cu ecran cr\u0103pat. A format un num\u0103r. \u201eRadu, te rog frumos.\u201d<\/p>\n\n\n\n<p><\/p>\n\n\n\n<p>\u00cen mai pu\u021bin de dou\u0103 minute, u\u0219ile mari ale s\u0103lii s-au deschis. Un b\u0103rbat \u00een costum sobru, cu un ecuson de firm\u0103 cunoscut\u0103, a intrat \u00een grab\u0103. L-am recunoscut imediat. Ap\u0103ruse la \u0219tiri, \u00een reportaje economice.<\/p>\n\n\n\n<p><\/p>\n\n\n\n<p>\u201eDomnule Popescu\u201d, a spus el respectuos, \u201e\u00eemi cer scuze c\u0103 am \u00eent\u00e2rziat.\u201d<\/p>\n\n\n\n<p><\/p>\n\n\n\n<p>Un fream\u0103t a trecut prin sal\u0103 ca un val.<\/p>\n\n\n\n<p><\/p>\n\n\n\n<p>Elena Ionescu s-a a\u0219ezat brusc pe scaun. Andreea se uita c\u00e2nd la tata, c\u00e2nd la mine, ca \u0219i cum nu mai recuno\u0219tea pe nimeni.<\/p>\n\n\n\n<p><\/p>\n\n\n\n<p>\u201eAm semnat recent un contract de peste 400 de milioane de euro\u201d, a continuat tata calm. \u201eDar asta nu conteaz\u0103. Ce conteaz\u0103 e respectul.\u201d<\/p>\n\n\n\n<p>A f\u0103cut un pas spre socrii mei.<br>\u201eM-a\u021bi f\u0103cut gunoi \u00een fa\u021ba a 500 de oameni. Pentru asta, nu cer scuze. Cer doar s\u0103 v\u0103 aminti\u021bi momentul.\u201d<\/p>\n\n\n\n<p>Apoi s-a \u00eentors spre mine. \u201eHai, fiule. Mergem acas\u0103.\u201d<\/p>\n\n\n\n<p>Am ie\u0219it din sal\u0103 cu capul sus. Afar\u0103, aerul rece de sear\u0103 m-a lovit ca o trezire. Tata a z\u00e2mbit pentru prima dat\u0103 \u00een seara aia.<\/p>\n\n\n\n<p>\u201e\u00cemi pare r\u0103u c\u0103 ai aflat a\u0219a\u201d, mi-a spus.<\/p>\n\n\n\n<p>\u201eNu-mi pare r\u0103u de nimic\u201d, i-am r\u0103spuns. \u201eMi-ai ar\u0103tat cine sunt oamenii.\u201d<\/p>\n\n\n\n<p>\u00cen lunile urm\u0103toare, via\u021ba mea s-a schimbat complet. Tata mi-a povestit tot: cum pornise dintr-un depozit mic de la marginea Ploie\u0219tiului, cum reinvestise fiecare leu, cum alesese s\u0103 tr\u0103im modest ca s\u0103 m\u0103 \u021bin\u0103 cu picioarele pe p\u0103m\u00e2nt.<\/p>\n\n\n\n<p>Nu mi-a aruncat bani \u00een bra\u021be. Mi-a oferit ceva mai greu: responsabilitate.<\/p>\n\n\n\n<p>Am \u00eenceput s\u0103 lucrez al\u0103turi de el. Dimine\u021bi lungi, \u0219edin\u021be, decizii care \u00eenv\u00e2rteau milioane de lei. Am \u00eenv\u0103\u021bat ce \u00eenseamn\u0103 s\u0103 construie\u0219ti, nu doar s\u0103 cheltui.<\/p>\n\n\n\n<p>Despre Andreea am mai auzit o singur\u0103 dat\u0103. A \u00eencercat s\u0103 m\u0103 sune. Am \u00eenchis telefonul. Unele lucruri, c\u00e2nd se rup, nu se mai lipesc.<\/p>\n\n\n\n<p>Un an mai t\u00e2rziu, tata a organizat o mas\u0103 mare, la \u021bar\u0103, cu rudele, vecinii, oamenii care ne \u0219tiau de c\u00e2nd eram mic. Sarmale, p\u00e2ine cald\u0103, vin ro\u0219u. F\u0103r\u0103 costume scumpe. F\u0103r\u0103 candelabre.<\/p>\n\n\n\n<p>S-a ridicat \u0219i a spus simplu: \u201eAverea f\u0103r\u0103 omenie nu valoreaz\u0103 nimic.\u201d<\/p>\n\n\n\n<p>L-am privit \u0219i am \u00een\u021beles, \u00een sf\u00e2r\u0219it, ce mo\u0219tenire mi-a l\u0103sat. Nu miliardele. Ci coloana vertebral\u0103.<\/p>\n\n\n\n<p>\u0218i n-am mai l\u0103sat niciodat\u0103 pe nimeni s\u0103-l numeasc\u0103 \u201enimeni\u201d.<\/p>\n\n\n\n<p><em>Aceast\u0103 lucrare este inspirat\u0103 din evenimente \u0219i persoane reale, \u00eens\u0103 a fost fic\u021bionalizat\u0103 \u00een scopuri creative. Numele, personajele \u0219i detaliile au fost schimbate pentru a proteja intimitatea \u0219i pentru a \u00eembun\u0103t\u0103\u021bi nara\u021biunea. Orice asem\u0103nare cu persoane reale, \u00een via\u021b\u0103 sau decedate, sau cu evenimente reale este pur \u00eent\u00e2mpl\u0103toare \u0219i nu este inten\u021bionat\u0103 de c\u0103tre autor.<\/em><\/p>\n\n\n\n<p><em>Autorul \u0219i editorul nu \u00ee\u0219i asum\u0103 responsabilitatea pentru exactitatea evenimentelor sau pentru modul \u00een care sunt portretizate personajele \u0219i nu sunt r\u0103spunz\u0103tori pentru eventuale interpret\u0103ri gre\u0219ite. Aceast\u0103 poveste este oferit\u0103 \u201eca atare\u201d, iar orice opinii exprimate apar\u021bin personajelor \u0219i nu reflect\u0103 punctele de vedere ale autorului sau ale editorului.<\/em><\/p>\n\n\n\n<p><a href=\"https:\/\/www.pinterest.com\/pin\/create\/button\/?url=https%3A%2F%2Fbumzi.ro%2F%3Fp%3D17123&amp;description=%C3%8En+ziua+nun%C8%9Bii+mele%2C+socrii+mei+l-au+batjocorit+pe+tata+%C3%AEn+fa%C8%9Ba+a+500+de+oameni\" target=\"_blank\" rel=\"noreferrer noopener\"><\/a><\/p>\n\n\n\n<p><a href=\"https:\/\/www.facebook.com\/sharer\/sharer.php?u=https%3A%2F%2Fbumzi.ro%2F%3Fp%3D17123\" target=\"_blank\" rel=\"noreferrer noopener\"><\/a><\/p>\n\n\n\n<p><a href=\"https:\/\/twitter.com\/intent\/tweet?url=https%3A%2F%2Fbumzi.ro%2F%3Fp%3D17123&amp;text=%C3%8En+ziua+nun%C8%9Bii+mele%2C+socrii+mei+l-au+batjocorit+pe+tata+%C3%AEn+fa%C8%9Ba+a+500+de+oameni\" target=\"_blank\" rel=\"noreferrer noopener\"><\/a><a href=\"https:\/\/bumzi.ro\/?p=17120\"><\/a><\/p>\n","protected":false},"excerpt":{"rendered":"<p>Tata s-a ridicat \u00eencet de pe scaun. Sala era mut\u0103. Se auzea doar clinchetul paharelor uitate pe mese. \u201eIon Popescu\u201d, a spus el rar, \u201eam<\/p>\n","protected":false},"author":1,"featured_media":44268,"comment_status":"closed","ping_status":"closed","sticky":false,"template":"","format":"standard","meta":[],"categories":[1],"tags":[],"_links":{"self":[{"href":"https:\/\/calatorinromania.com\/index.php?rest_route=\/wp\/v2\/posts\/44819"}],"collection":[{"href":"https:\/\/calatorinromania.com\/index.php?rest_route=\/wp\/v2\/posts"}],"about":[{"href":"https:\/\/calatorinromania.com\/index.php?rest_route=\/wp\/v2\/types\/post"}],"author":[{"embeddable":true,"href":"https:\/\/calatorinromania.com\/index.php?rest_route=\/wp\/v2\/users\/1"}],"replies":[{"embeddable":true,"href":"https:\/\/calatorinromania.com\/index.php?rest_route=%2Fwp%2Fv2%2Fcomments&post=44819"}],"version-history":[{"count":1,"href":"https:\/\/calatorinromania.com\/index.php?rest_route=\/wp\/v2\/posts\/44819\/revisions"}],"predecessor-version":[{"id":44820,"href":"https:\/\/calatorinromania.com\/index.php?rest_route=\/wp\/v2\/posts\/44819\/revisions\/44820"}],"wp:featuredmedia":[{"embeddable":true,"href":"https:\/\/calatorinromania.com\/index.php?rest_route=\/wp\/v2\/media\/44268"}],"wp:attachment":[{"href":"https:\/\/calatorinromania.com\/index.php?rest_route=%2Fwp%2Fv2%2Fmedia&parent=44819"}],"wp:term":[{"taxonomy":"category","embeddable":true,"href":"https:\/\/calatorinromania.com\/index.php?rest_route=%2Fwp%2Fv2%2Fcategories&post=44819"},{"taxonomy":"post_tag","embeddable":true,"href":"https:\/\/calatorinromania.com\/index.php?rest_route=%2Fwp%2Fv2%2Ftags&post=44819"}],"curies":[{"name":"wp","href":"https:\/\/api.w.org\/{rel}","templated":true}]}}