{"id":44817,"date":"2026-01-14T10:45:03","date_gmt":"2026-01-14T10:45:03","guid":{"rendered":"https:\/\/calatorinromania.com\/?p=44817"},"modified":"2026-01-14T10:45:03","modified_gmt":"2026-01-14T10:45:03","slug":"dupa-divort-mi-am-schimbat-infatisarea-si-m-am-apucat-sa-conduc-taxiul-noaptea","status":"publish","type":"post","link":"https:\/\/calatorinromania.com\/?p=44817","title":{"rendered":"Dup\u0103 divor\u021b, mi-am schimbat \u00eenf\u0103\u021bi\u0219area \u0219i m-am apucat s\u0103 conduc taxiul noaptea."},"content":{"rendered":"\n<p>Am r\u0103mas c\u00e2teva minute cu motorul pornit, privind \u0219terg\u0103toarele cum taie ploaia ritmic, ca \u0219i cum nimic nu s-ar fi \u00eent\u00e2mplat. Oamenii treceau pe trotuar gr\u0103bi\u021bi, fiecare cu via\u021ba lui. Nimeni nu \u0219tia c\u0103, \u00een ma\u0219ina aia banal\u0103, tocmai se aprinsese o sc\u00e2nteie care nu mai putea fi stins\u0103.<\/p>\n\n\n\n<p><\/p>\n\n\n\n<p><\/p>\n\n\n\n<p>Am ajuns acas\u0103 spre diminea\u021b\u0103. Garsoniera mea mirosea a cafea veche \u0219i a oboseal\u0103. M-am a\u0219ezat pe marginea patului f\u0103r\u0103 s\u0103 m\u0103 dezbrac. \u00cemi r\u0103sunau \u00een cap cuvintele lui Radu. \u201e\u00cengropat \u00een h\u00e2rtii.\u201d \u201eTermenul legal expir\u0103.\u201d<\/p>\n\n\n\n<p><\/p>\n\n\n\n<p><\/p>\n\n\n\n<p>Nu mai eram femeia speriat\u0103 care plecase din sala de judecat\u0103 cu ochii \u00een p\u0103m\u00e2nt. Ce auzisem \u00eemi d\u0103dea ceva ce nu mai avusesem de mult: direc\u021bie.<\/p>\n\n\n\n<p><\/p>\n\n\n\n<p><\/p>\n\n\n\n<p>\u00cen zilele urm\u0103toare am \u00eenceput s\u0103-mi amintesc. Fiecare document semnat f\u0103r\u0103 s\u0103-l citesc. Fiecare \u201elas\u0103, iubito, m\u0103 ocup eu\u201d. Fiecare noapte \u00een care el st\u0103tea p\u00e2n\u0103 t\u00e2rziu la birou. Piesele \u00eencepeau s\u0103 se lege.<\/p>\n\n\n\n<p><\/p>\n\n\n\n<p><\/p>\n\n\n\n<p>Am scos dintr-o cutie veche toate actele r\u0103mase. Contracte, copii, h\u00e2rtii pe care aproape le aruncasem. Am mers la un avocat recomandat de o vecin\u0103, un b\u0103rbat simplu, cu biroul \u00eentr-un apartament de bloc.<\/p>\n\n\n\n<p><\/p>\n\n\n\n<p><\/p>\n\n\n\n<p>A citit tot, \u00een lini\u0219te.<\/p>\n\n\n\n<p><\/p>\n\n\n\n<p>\u2014 Doamn\u0103 Elena, a spus \u00eentr-un final, \u0219ti\u021bi ce ave\u021bi aici?<\/p>\n\n\n\n<p><\/p>\n\n\n\n<p>Am cl\u0103tinat din cap.<\/p>\n\n\n\n<p>\u2014 O \u0219ans\u0103. \u0218i \u00eenc\u0103 una bun\u0103.<\/p>\n\n\n\n<p>Am \u00eenceput o lupt\u0103 t\u0103cut\u0103. F\u0103r\u0103 scandal. F\u0103r\u0103 post\u0103ri. F\u0103r\u0103 lacrimi publice. Am depus pl\u00e2ngeri. Am cerut verific\u0103ri. Am mers la ANAF. La Registrul Comer\u021bului. Am stat la cozi. Am str\u00e2ns dovezi. Fiecare drum cu autobuzul, fiecare leu cheltuit, sim\u021beam c\u0103 m\u0103 apropie de adev\u0103r.<\/p>\n\n\n\n<p>Radu m-a sunat dup\u0103 prima cita\u021bie oficial\u0103. Vocea lui nu mai era sigur\u0103.<\/p>\n\n\n\n<p>\u2014 Elena, ce faci? De ce scormone\u0219ti trecutul?<\/p>\n\n\n\n<p>\u2014 Pentru c\u0103 nu mai sunt oarb\u0103, i-am r\u0103spuns calm.<\/p>\n\n\n\n<p>Procesul a durat luni. Dar adev\u0103rul, odat\u0103 scos la lumin\u0103, nu mai putea fi b\u0103gat \u00eenapoi sub pre\u0219. Au ie\u0219it la iveal\u0103 conturile, firmele, mita. Judec\u0103torul \u201ecorect\u201d a devenit brusc foarte precaut.<\/p>\n\n\n\n<p>\u00cen ziua verdictului, Radu nu m-a privit. Bianca st\u0103tea rigid\u0103, cu fa\u021ba \u00eempietrit\u0103.<\/p>\n\n\n\n<p>Am c\u00e2\u0219tigat.<\/p>\n\n\n\n<p>Casa.<br>Banii.<br>Dreptatea.<\/p>\n\n\n\n<p>Dar mai ales\u2026 m-am c\u00e2\u0219tigat pe mine.<\/p>\n\n\n\n<p>\u00cen seara aceea am ie\u0219it din tribunal, am respirat ad\u00e2nc \u0219i am sim\u021bit, pentru prima dat\u0103 dup\u0103 ani, c\u0103 pot merge \u00eenainte. Nu ca victim\u0103. Ci ca femeie care \u0219tie c\u0103, uneori, s\u0103 dispari e singura cale ca s\u0103 te reg\u0103se\u0219ti.<\/p>\n\n\n\n<p><em>Aceast\u0103 lucrare este inspirat\u0103 din evenimente \u0219i persoane reale, \u00eens\u0103 a fost fic\u021bionalizat\u0103 \u00een scopuri creative. Numele, personajele \u0219i detaliile au fost schimbate pentru a proteja intimitatea \u0219i pentru a \u00eembun\u0103t\u0103\u021bi nara\u021biunea. Orice asem\u0103nare cu persoane reale, \u00een via\u021b\u0103 sau decedate, sau cu evenimente reale este pur \u00eent\u00e2mpl\u0103toare \u0219i nu este inten\u021bionat\u0103 de c\u0103tre autor.<\/em><\/p>\n\n\n\n<p><em>Autorul \u0219i editorul nu \u00ee\u0219i asum\u0103 responsabilitatea pentru exactitatea evenimentelor sau pentru modul \u00een care sunt portretizate personajele \u0219i nu sunt r\u0103spunz\u0103tori pentru eventuale interpret\u0103ri gre\u0219ite. Aceast\u0103 poveste este oferit\u0103 \u201eca atare\u201d, iar orice opinii exprimate apar\u021bin personajelor \u0219i nu reflect\u0103 punctele de vedere ale autorului sau ale editorului.<\/em><\/p>\n\n\n\n<p><a href=\"https:\/\/www.pinterest.com\/pin\/create\/button\/?url=https%3A%2F%2Fbumzi.ro%2F%3Fp%3D17120&amp;description=Dup%C4%83+divor%C8%9B%2C+mi-am+schimbat+%C3%AEnf%C4%83%C8%9Bi%C8%99area+%C8%99i+m-am+apucat+s%C4%83+conduc+taxiul+noaptea.\" target=\"_blank\" rel=\"noreferrer noopener\"><\/a><\/p>\n\n\n\n<p><a href=\"https:\/\/www.facebook.com\/sharer\/sharer.php?u=https%3A%2F%2Fbumzi.ro%2F%3Fp%3D17120\" target=\"_blank\" rel=\"noreferrer noopener\"><\/a><\/p>\n\n\n\n<p><a href=\"https:\/\/twitter.com\/intent\/tweet?url=https%3A%2F%2Fbumzi.ro%2F%3Fp%3D17120&amp;text=Dup%C4%83+divor%C8%9B%2C+mi-am+schimbat+%C3%AEnf%C4%83%C8%9Bi%C8%99area+%C8%99i+m-am+apucat+s%C4%83+conduc+taxiul+noaptea.\" target=\"_blank\" rel=\"noreferrer noopener\"><\/a><a href=\"https:\/\/bumzi.ro\/?p=17117\"><\/a><\/p>\n","protected":false},"excerpt":{"rendered":"<p>Am r\u0103mas c\u00e2teva minute cu motorul pornit, privind \u0219terg\u0103toarele cum taie ploaia ritmic, ca \u0219i cum nimic nu s-ar fi \u00eent\u00e2mplat. Oamenii treceau pe trotuar<\/p>\n","protected":false},"author":1,"featured_media":44268,"comment_status":"closed","ping_status":"closed","sticky":false,"template":"","format":"standard","meta":[],"categories":[1],"tags":[],"_links":{"self":[{"href":"https:\/\/calatorinromania.com\/index.php?rest_route=\/wp\/v2\/posts\/44817"}],"collection":[{"href":"https:\/\/calatorinromania.com\/index.php?rest_route=\/wp\/v2\/posts"}],"about":[{"href":"https:\/\/calatorinromania.com\/index.php?rest_route=\/wp\/v2\/types\/post"}],"author":[{"embeddable":true,"href":"https:\/\/calatorinromania.com\/index.php?rest_route=\/wp\/v2\/users\/1"}],"replies":[{"embeddable":true,"href":"https:\/\/calatorinromania.com\/index.php?rest_route=%2Fwp%2Fv2%2Fcomments&post=44817"}],"version-history":[{"count":1,"href":"https:\/\/calatorinromania.com\/index.php?rest_route=\/wp\/v2\/posts\/44817\/revisions"}],"predecessor-version":[{"id":44818,"href":"https:\/\/calatorinromania.com\/index.php?rest_route=\/wp\/v2\/posts\/44817\/revisions\/44818"}],"wp:featuredmedia":[{"embeddable":true,"href":"https:\/\/calatorinromania.com\/index.php?rest_route=\/wp\/v2\/media\/44268"}],"wp:attachment":[{"href":"https:\/\/calatorinromania.com\/index.php?rest_route=%2Fwp%2Fv2%2Fmedia&parent=44817"}],"wp:term":[{"taxonomy":"category","embeddable":true,"href":"https:\/\/calatorinromania.com\/index.php?rest_route=%2Fwp%2Fv2%2Fcategories&post=44817"},{"taxonomy":"post_tag","embeddable":true,"href":"https:\/\/calatorinromania.com\/index.php?rest_route=%2Fwp%2Fv2%2Ftags&post=44817"}],"curies":[{"name":"wp","href":"https:\/\/api.w.org\/{rel}","templated":true}]}}