{"id":44810,"date":"2026-01-14T10:24:09","date_gmt":"2026-01-14T10:24:09","guid":{"rendered":"https:\/\/calatorinromania.com\/?p=44810"},"modified":"2026-01-14T10:24:10","modified_gmt":"2026-01-14T10:24:10","slug":"domnule-ele-sunt-la-groapa-de-gunoi","status":"publish","type":"post","link":"https:\/\/calatorinromania.com\/?p=44810","title":{"rendered":"\u201eDOMNULE, ELE SUNT LA GROAPA DE GUNOI\u201d"},"content":{"rendered":"\n<p>\u201eLe-ai v\u0103zut?\u201d Iulian a dat din cap. \u201eEu caut m\u00e2ncare la groapa de gunoi \u00een fiecare noapte.\u201d<\/p>\n\n\n\n<p><\/p>\n\n\n\n<p>Cuvintele copilului au r\u0103mas suspendate \u00eentre ei, grele ca un verdict. Adrian a sim\u021bit cum i se \u00eenmoaie genunchii, dar s-a for\u021bat s\u0103 r\u0103m\u00e2n\u0103 \u00een picioare. Dac\u0103 era o minciun\u0103, nu conta. Dac\u0103 era o speran\u021b\u0103 fals\u0103, o accepta. Un tat\u0103 nu refuz\u0103 niciodat\u0103 o \u0219ans\u0103, oric\u00e2t de absurd\u0103.<\/p>\n\n\n\n<p><\/p>\n\n\n\n<p>\u201eArat\u0103-mi\u201d, a spus simplu.<\/p>\n\n\n\n<p><\/p>\n\n\n\n<p>Au ie\u0219it din cimitir f\u0103r\u0103 s\u0103 mai priveasc\u0103 \u00eenapoi. Ma\u0219ina neagr\u0103, scump\u0103, cu \u0219oferul care a vrut s\u0103 pun\u0103 \u00eentreb\u0103ri, a pornit spre marginea ora\u0219ului. Adrian i-a spus adresa pe care i-o \u0219optise Iulian, un loc despre care \u0219tia doar din \u0219tiri: groapa de gunoi de l\u00e2ng\u0103 un cartier de bar\u0103ci, unde nimeni nu ajungea de bun\u0103voie.<\/p>\n\n\n\n<p><\/p>\n\n\n\n<p>Drumul a fost t\u0103cut. Iulian st\u0103tea str\u00e2ns pe bancheta din spate, cu m\u00e2inile murdare pe genunchi. Adrian \u00eel privea din c\u00e2nd \u00een c\u00e2nd. Un copil care tr\u0103ia din resturi. Un copil care v\u0103zuse ceva ce al\u021bii nu voiser\u0103 s\u0103 vad\u0103.<\/p>\n\n\n\n<p>C\u00e2nd au ajuns, mirosul i-a lovit \u00eenainte s\u0103 apuce s\u0103 coboare. Mun\u021bi de gunoaie, c\u00e2ini slabi, oameni care scormoneau \u00een saci negri. Adrian \u0219i-a dus m\u00e2na la gur\u0103. Nu pentru miros. Pentru g\u00e2ndul c\u0103 undeva, acolo, ar fi putut fi fetele lui.<\/p>\n\n\n\n<p>Iulian a s\u0103rit primul jos. S-a mi\u0219cat sigur, ca \u0219i cum locul \u00eei apar\u021binea. L-a dus printre mormane, p\u00e2n\u0103 la un container ruginit, ferit de priviri.<\/p>\n\n\n\n<p>\u201eAici\u201d, a spus.<\/p>\n\n\n\n<p>Adrian a \u00eempins capacul. Inima \u00eei b\u0103tea at\u00e2t de tare \u00eenc\u00e2t \u00eel durea. \u0218i atunci i-a v\u0103zut.<\/p>\n\n\n\n<p>Dou\u0103 feti\u021be, slabe, murdare, \u00eembr\u0103\u021bi\u0219ate una de alta. Ochii lor s-au deschis speria\u021bi. Identici. Bianca \u0219i Andreea.<\/p>\n\n\n\n<p>\u201eTata\u2026\u201d, a \u0219optit una dintre ele.<\/p>\n\n\n\n<p>Sunetul acela i-a rupt ceva definitiv \u00een piept. Adrian le-a luat \u00een bra\u021be, pl\u00e2ng\u00e2nd f\u0103r\u0103 ru\u0219ine, f\u0103r\u0103 control. Tr\u0103iau. Erau acolo. Ale lui.<\/p>\n\n\n\n<p>Ambulan\u021ba a venit, poli\u021bia a venit, \u00eentreb\u0103rile au curs. A ie\u0219it la iveal\u0103 adev\u0103rul: incendiu provocat, acte falsificate, bani pl\u0103ti\u021bi ca s\u0103 se \u00eenchid\u0103 gura cuiva. Cineva vrusese s\u0103 le \u0219tearg\u0103 din via\u021ba lui pentru totdeauna.<\/p>\n\n\n\n<p>Dar nu reu\u0219ise.<\/p>\n\n\n\n<p>Dup\u0103 luni de spitale \u0219i anchete, Adrian s-a \u00eentors acas\u0103 cu fetele lui. Casa mare, goal\u0103, s-a umplut din nou de pa\u0219i mici \u0219i r\u00e2sete. A \u00eenchis firme care nu mai contau \u0219i a deschis altele, care ajutau. A construit un ad\u0103post pentru copii ca Iulian. L-a luat l\u00e2ng\u0103 el. L-a trimis la \u0219coal\u0103. I-a cump\u0103rat haine noi, dar nu i-a cerut niciodat\u0103 s\u0103 uite de unde vine.<\/p>\n\n\n\n<p>\u00centr-o diminea\u021b\u0103, Adrian s-a \u00eentors la cimitir. A stat \u00een fa\u021ba morm\u00e2ntului gol \u0219i a z\u00e2mbit amar. A pus florile jos \u0219i a \u0219optit:<\/p>\n\n\n\n<p>\u201eNu mai e nevoie.\u201d<\/p>\n\n\n\n<p>Apoi a plecat, \u021bin\u00e2nd de m\u00e2n\u0103 dou\u0103 feti\u021be vii \u0219i un b\u0103iat care schimbase, f\u0103r\u0103 s\u0103 \u0219tie, destinul unui milionar.<\/p>\n\n\n\n<p>Uneori, adev\u0103rul nu vine din birouri sau dosare. Vine din gura unui copil fl\u0103m\u00e2nd, care caut\u0103 m\u00e2ncare la groapa de gunoi \u0219i g\u0103se\u0219te, f\u0103r\u0103 s\u0103 vrea, un miracol.<\/p>\n\n\n\n<p><em>Aceast\u0103 lucrare este inspirat\u0103 din evenimente \u0219i persoane reale, \u00eens\u0103 a fost fic\u021bionalizat\u0103 \u00een scopuri creative. Numele, personajele \u0219i detaliile au fost schimbate pentru a proteja intimitatea \u0219i pentru a \u00eembun\u0103t\u0103\u021bi nara\u021biunea. Orice asem\u0103nare cu persoane reale, \u00een via\u021b\u0103 sau decedate, sau cu evenimente reale este pur \u00eent\u00e2mpl\u0103toare \u0219i nu este inten\u021bionat\u0103 de c\u0103tre autor.<\/em><\/p>\n\n\n\n<p><em>Autorul \u0219i editorul nu \u00ee\u0219i asum\u0103 responsabilitatea pentru exactitatea evenimentelor sau pentru modul \u00een care sunt portretizate personajele \u0219i nu sunt r\u0103spunz\u0103tori pentru eventuale interpret\u0103ri gre\u0219ite. Aceast\u0103 poveste este oferit\u0103 \u201eca atare\u201d, iar orice opinii exprimate apar\u021bin personajelor \u0219i nu reflect\u0103 punctele de vedere ale autorului sau ale editorului.<\/em><\/p>\n","protected":false},"excerpt":{"rendered":"<p>\u201eLe-ai v\u0103zut?\u201d Iulian a dat din cap. \u201eEu caut m\u00e2ncare la groapa de gunoi \u00een fiecare noapte.\u201d Cuvintele copilului au r\u0103mas suspendate \u00eentre ei, grele<\/p>\n","protected":false},"author":1,"featured_media":44268,"comment_status":"closed","ping_status":"closed","sticky":false,"template":"","format":"standard","meta":[],"categories":[1],"tags":[],"_links":{"self":[{"href":"https:\/\/calatorinromania.com\/index.php?rest_route=\/wp\/v2\/posts\/44810"}],"collection":[{"href":"https:\/\/calatorinromania.com\/index.php?rest_route=\/wp\/v2\/posts"}],"about":[{"href":"https:\/\/calatorinromania.com\/index.php?rest_route=\/wp\/v2\/types\/post"}],"author":[{"embeddable":true,"href":"https:\/\/calatorinromania.com\/index.php?rest_route=\/wp\/v2\/users\/1"}],"replies":[{"embeddable":true,"href":"https:\/\/calatorinromania.com\/index.php?rest_route=%2Fwp%2Fv2%2Fcomments&post=44810"}],"version-history":[{"count":1,"href":"https:\/\/calatorinromania.com\/index.php?rest_route=\/wp\/v2\/posts\/44810\/revisions"}],"predecessor-version":[{"id":44811,"href":"https:\/\/calatorinromania.com\/index.php?rest_route=\/wp\/v2\/posts\/44810\/revisions\/44811"}],"wp:featuredmedia":[{"embeddable":true,"href":"https:\/\/calatorinromania.com\/index.php?rest_route=\/wp\/v2\/media\/44268"}],"wp:attachment":[{"href":"https:\/\/calatorinromania.com\/index.php?rest_route=%2Fwp%2Fv2%2Fmedia&parent=44810"}],"wp:term":[{"taxonomy":"category","embeddable":true,"href":"https:\/\/calatorinromania.com\/index.php?rest_route=%2Fwp%2Fv2%2Fcategories&post=44810"},{"taxonomy":"post_tag","embeddable":true,"href":"https:\/\/calatorinromania.com\/index.php?rest_route=%2Fwp%2Fv2%2Ftags&post=44810"}],"curies":[{"name":"wp","href":"https:\/\/api.w.org\/{rel}","templated":true}]}}