{"id":44806,"date":"2026-01-14T10:18:00","date_gmt":"2026-01-14T10:18:00","guid":{"rendered":"https:\/\/calatorinromania.com\/?p=44806"},"modified":"2026-01-14T10:18:00","modified_gmt":"2026-01-14T10:18:00","slug":"sotul-meu-m-a-pus-sa-i-organizez-petrecerea-de-ziua-lui-desi-aveam-mana-rupta","status":"publish","type":"post","link":"https:\/\/calatorinromania.com\/?p=44806","title":{"rendered":"So\u021bul meu m-a pus s\u0103-i organizez petrecerea de ziua lui, de\u0219i aveam m\u00e2na rupt\u0103"},"content":{"rendered":"\n<p>\u00cen prag st\u0103teau doi b\u0103rba\u021bi \u0219i o femeie. Unul \u021binea o map\u0103 groas\u0103 sub bra\u021b, cel\u0103lalt avea o insign\u0103 prins\u0103 de geac\u0103. Femeia privea calm, cu o expresie neutr\u0103.<\/p>\n\n\n\n<p><\/p>\n\n\n\n<p>\u201eBun\u0103 ziua,\u201d a spus unul dintre b\u0103rba\u021bi. \u201eSuntem de la executor judec\u0103toresc.\u201d<\/p>\n\n\n\n<p><\/p>\n\n\n\n<p>\u00cen living s-a f\u0103cut lini\u0219te. Se auzea doar muzica de fundal \u0219i clinchetul paharelor r\u0103mase suspendate \u00een aer.<\/p>\n\n\n\n<p><\/p>\n\n\n\n<p>So\u021bul meu a \u00eenceput s\u0103 se b\u00e2lb\u00e2ie.<\/p>\n\n\n\n<p><br>\u201eCred\u2026 cred c\u0103 e o gre\u0219eal\u0103. Nu e momentul potrivit.\u201d<\/p>\n\n\n\n<p><\/p>\n\n\n\n<p>Executorul a z\u00e2mbit politicos.<\/p>\n\n\n\n<p><br>\u201eDin p\u0103cate, momentul nu \u00eel alegem noi. Domnule Andrei Popescu, ave\u021bi datorii neachitate. Avem o hot\u0103r\u00e2re definitiv\u0103.\u201d<\/p>\n\n\n\n<p><\/p>\n\n\n\n<p>Soacra mea a s\u0103rit prima.<\/p>\n\n\n\n<p><br>\u201eCe datorii? Fiul meu n-are datorii! E un om respectabil!\u201d<\/p>\n\n\n\n<p>\u201eH\u00e2rtie cu datorie,\u201d a continuat calm femeia, sco\u021b\u00e2nd documentele. \u201eMai multe. Credite, \u00eemprumuturi personale, facturi restante. Unele f\u0103cute f\u0103r\u0103 acordul so\u021biei.\u201d<\/p>\n\n\n\n<p>Toate privirile s-au mutat spre mine.<\/p>\n\n\n\n<p>Eu st\u0103team pe canapea, cu m\u00e2na \u00een ghips sprijinit\u0103 pe o pern\u0103. Calm\u0103. Foarte calm\u0103.<\/p>\n\n\n\n<p>\u201eCe \u00eenseamn\u0103 asta?\u201d a \u00eentrebat cineva din invita\u021bi, \u00een \u0219oapt\u0103.<\/p>\n\n\n\n<p>So\u021bul meu s-a \u00eentors spre mine, cu ochii mari.<br>\u201eTu\u2026 tu \u0219tiai?\u201d<\/p>\n\n\n\n<p>Am \u00eenclinat capul.<br>\u201eDe ceva vreme, da.\u201d<\/p>\n\n\n\n<p>Adev\u0103rul e c\u0103 \u00eel \u0219tiam de luni bune. Scrisori ascunse. Telefoane \u00eenchise brusc. Nervi f\u0103r\u0103 explica\u021bie. \u00cemprumuturi f\u0103cute \u201epentru afaceri\u201d care nu existau.<\/p>\n\n\n\n<p>\u0218i, desigur, toate cheltuielile casei l\u0103sate pe umerii mei.<\/p>\n\n\n\n<p>Executorul a continuat:<br>\u201eConform deciziei, se va face inventarierea bunurilor. \u00cencepem ast\u0103zi.\u201d<\/p>\n\n\n\n<p>Un murmur a str\u0103b\u0103tut camera. Unii invita\u021bi \u00ee\u0219i c\u0103utau deja paltoanele.<\/p>\n\n\n\n<p>Soacra mea m-a privit cu furie.<br>\u201eTu ai f\u0103cut asta! Tu l-ai pus \u00een situa\u021bia asta!\u201d<\/p>\n\n\n\n<p>Am respirat ad\u00e2nc.<br>\u201eNu. El s-a pus singur.\u201d<\/p>\n\n\n\n<p>M-am ridicat cu greu \u00een picioare.<br>\u201eAni de zile am tras pentru am\u00e2ndoi. Am muncit, am pl\u0103tit, am t\u0103cut. Chiar \u0219i acum, cu m\u00e2na rupt\u0103, tot eu trebuia s\u0103-l salvez de ru\u0219ine.\u201d<\/p>\n\n\n\n<p>M-am uitat \u00een jur.<br>\u201ePetrecerea asta? Eu am pl\u0103tit-o. Cur\u0103\u021benia, m\u00e2ncarea. Din banii mei.\u201d<\/p>\n\n\n\n<p>Un oftat general.<\/p>\n\n\n\n<p>So\u021bul meu a cobor\u00e2t privirea.<br>\u201eTe rog\u2026 nu \u00een fa\u021ba tuturor.\u201d<\/p>\n\n\n\n<p>Atunci am sim\u021bit c\u0103 se \u00eenchide un cerc.<br>\u201eBa tocmai acum. Pentru c\u0103 ani de zile m-ai umilit doar \u00eentre patru pere\u021bi.\u201d<\/p>\n\n\n\n<p>Executorii \u0219i-au v\u0103zut de treab\u0103. Lista cre\u0219tea. Televizorul. Sistemul audio. Laptopul.<\/p>\n\n\n\n<p>Invita\u021bii au \u00eenceput s\u0103 plece unul c\u00e2te unul.<\/p>\n\n\n\n<p>Soacra mea nu mai spunea nimic.<\/p>\n\n\n\n<p>C\u00e2nd casa s-a golit, am r\u0103mas doar noi.<\/p>\n\n\n\n<p>M-am apropiat de el.<br>\u201eLa mul\u021bi ani,\u201d i-am spus \u00eencet. \u201eSper c\u0103 ai \u00eenv\u0103\u021bat ceva.\u201d<\/p>\n\n\n\n<p>A doua zi am depus actele de separare.<\/p>\n\n\n\n<p>Nu a fost u\u0219or. Dar a fost corect.<\/p>\n\n\n\n<p>Ast\u0103zi, locuiesc \u00eentr-un apartament mic, dar lini\u0219tit. F\u0103r\u0103 fric\u0103. F\u0103r\u0103 ordine.<\/p>\n\n\n\n<p>\u0218i, mai ales, f\u0103r\u0103 un om care s\u0103 cread\u0103 c\u0103 durerea mea e doar \u201eprost sincronizat\u0103\u201d.<\/p>\n\n\n\n<p><em>Aceast\u0103 lucrare este inspirat\u0103 din evenimente \u0219i persoane reale, \u00eens\u0103 a fost fic\u021bionalizat\u0103 \u00een scopuri creative. Numele, personajele \u0219i detaliile au fost schimbate pentru a proteja intimitatea \u0219i pentru a \u00eembun\u0103t\u0103\u021bi nara\u021biunea. Orice asem\u0103nare cu persoane reale, \u00een via\u021b\u0103 sau decedate, sau cu evenimente reale este pur \u00eent\u00e2mpl\u0103toare \u0219i nu este inten\u021bionat\u0103 de c\u0103tre autor.<\/em><\/p>\n\n\n\n<p><em>Autorul \u0219i editorul nu \u00ee\u0219i asum\u0103 responsabilitatea pentru exactitatea evenimentelor sau pentru modul \u00een care sunt portretizate personajele \u0219i nu sunt r\u0103spunz\u0103tori pentru eventuale interpret\u0103ri gre\u0219ite. Aceast\u0103 poveste este oferit\u0103 \u201eca atare\u201d, iar orice opinii exprimate apar\u021bin personajelor \u0219i nu reflect\u0103 punctele de vedere ale autorului sau ale editorului.<\/em><\/p>\n","protected":false},"excerpt":{"rendered":"<p>\u00cen prag st\u0103teau doi b\u0103rba\u021bi \u0219i o femeie. Unul \u021binea o map\u0103 groas\u0103 sub bra\u021b, cel\u0103lalt avea o insign\u0103 prins\u0103 de geac\u0103. Femeia privea calm,<\/p>\n","protected":false},"author":1,"featured_media":44268,"comment_status":"closed","ping_status":"closed","sticky":false,"template":"","format":"standard","meta":[],"categories":[1],"tags":[],"_links":{"self":[{"href":"https:\/\/calatorinromania.com\/index.php?rest_route=\/wp\/v2\/posts\/44806"}],"collection":[{"href":"https:\/\/calatorinromania.com\/index.php?rest_route=\/wp\/v2\/posts"}],"about":[{"href":"https:\/\/calatorinromania.com\/index.php?rest_route=\/wp\/v2\/types\/post"}],"author":[{"embeddable":true,"href":"https:\/\/calatorinromania.com\/index.php?rest_route=\/wp\/v2\/users\/1"}],"replies":[{"embeddable":true,"href":"https:\/\/calatorinromania.com\/index.php?rest_route=%2Fwp%2Fv2%2Fcomments&post=44806"}],"version-history":[{"count":1,"href":"https:\/\/calatorinromania.com\/index.php?rest_route=\/wp\/v2\/posts\/44806\/revisions"}],"predecessor-version":[{"id":44807,"href":"https:\/\/calatorinromania.com\/index.php?rest_route=\/wp\/v2\/posts\/44806\/revisions\/44807"}],"wp:featuredmedia":[{"embeddable":true,"href":"https:\/\/calatorinromania.com\/index.php?rest_route=\/wp\/v2\/media\/44268"}],"wp:attachment":[{"href":"https:\/\/calatorinromania.com\/index.php?rest_route=%2Fwp%2Fv2%2Fmedia&parent=44806"}],"wp:term":[{"taxonomy":"category","embeddable":true,"href":"https:\/\/calatorinromania.com\/index.php?rest_route=%2Fwp%2Fv2%2Fcategories&post=44806"},{"taxonomy":"post_tag","embeddable":true,"href":"https:\/\/calatorinromania.com\/index.php?rest_route=%2Fwp%2Fv2%2Ftags&post=44806"}],"curies":[{"name":"wp","href":"https:\/\/api.w.org\/{rel}","templated":true}]}}