{"id":44800,"date":"2026-01-13T10:00:56","date_gmt":"2026-01-13T10:00:56","guid":{"rendered":"https:\/\/calatorinromania.com\/?p=44800"},"modified":"2026-01-13T10:00:56","modified_gmt":"2026-01-13T10:00:56","slug":"femeia-in-varsta-credea-ca-fiica-ei-adoptiva-o-duce-la-un-azil","status":"publish","type":"post","link":"https:\/\/calatorinromania.com\/?p=44800","title":{"rendered":"Femeia \u00een v\u00e2rst\u0103 credea c\u0103 fiica ei adoptiv\u0103 o duce la un azil"},"content":{"rendered":"\n<p>Ma\u0219ina a f\u0103cut un viraj pe care Margareta nu \u00eel recuno\u0219tea.<\/p>\n\n\n\n<p><\/p>\n\n\n\n<p>Nu era drumul spre azil. Nu erau cl\u0103dirile cenu\u0219ii, nici gardurile \u00eenalte despre care auzise de la alte femei din cartier.<\/p>\n\n\n\n<p><\/p>\n\n\n\n<p>\u2014 Lidia\u2026 unde mergem? \u00eentreb\u0103 ea, cu vocea u\u0219or tremurat\u0103.<\/p>\n\n\n\n<p><\/p>\n\n\n\n<p>Lidia nu r\u0103spunse imediat. \u00ce\u0219i mu\u0219c\u0103 buza, apoi \u00eencetini \u0219i trase pe dreapta, l\u00e2ng\u0103 un mic parc de cartier. Era lini\u0219te. Doar fo\u0219netul frunzelor \u0219i c\u00e2\u021biva copii care se jucau la un leag\u0103n.<\/p>\n\n\n\n<p><\/p>\n\n\n\n<p>\u2014 Mam\u0103, spuse ea \u00een cele din urm\u0103, \u00eentorc\u00e2ndu-se spre Margareta. Te rog s\u0103 m\u0103 ascul\u021bi p\u00e2n\u0103 la cap\u0103t.<\/p>\n\n\n\n<p><\/p>\n\n\n\n<p>Inima Margaretei b\u0103tea tare. \u00ce\u0219i sim\u021bea palmele reci.<\/p>\n\n\n\n<p><\/p>\n\n\n\n<p>\u2014 \u0218tiu c\u0103 ai crezut c\u0103 te duc la azil, continu\u0103 Lidia. \u0218tiu c\u0103 te-ai preg\u0103tit pentru asta. \u0218i \u00eemi pare r\u0103u c\u0103 te-am l\u0103sat s\u0103 crezi.<\/p>\n\n\n\n<p>Margareta \u00eenghi\u021bi \u00een sec.<\/p>\n\n\n\n<p>\u2014 Atunci\u2026?<\/p>\n\n\n\n<p>Lidia z\u00e2mbi u\u0219or, dar \u00een ochi i se adunar\u0103 lacrimi.<\/p>\n\n\n\n<p>\u2014 Te duc acas\u0103. La mine.<\/p>\n\n\n\n<p>Cuvintele au c\u0103zut greu, ca \u0219i cum aerul din ma\u0219in\u0103 se oprise.<\/p>\n\n\n\n<p>\u2014 Cum adic\u0103\u2026 la tine? \u0219opti Margareta.<\/p>\n\n\n\n<p>\u2014 Am v\u00e2ndut apartamentul vechi, mam\u0103. Am luat o cas\u0103 la marginea ora\u0219ului. Parter, f\u0103r\u0103 sc\u0103ri. Curte mic\u0103. Baie cu bar\u0103 de sprijin. Tot ce ai nevoie.<\/p>\n\n\n\n<p>Margareta cl\u0103tin\u0103 din cap, ne\u00eencrez\u0103toare.<\/p>\n\n\n\n<p>\u2014 Lidia, eu nu vreau s\u0103 fiu o povar\u0103\u2026<\/p>\n\n\n\n<p>\u2014 N-ai fost niciodat\u0103, izbucni Lidia. Nici c\u00e2nd m-ai luat de la casa de copii. Nici c\u00e2nd ai muncit dublu ca s\u0103 am ghiozdan nou. Nici c\u00e2nd ai renun\u021bat la tine pentru mine.<\/p>\n\n\n\n<p>Lacrimile \u00eei curgeau acum liber.<\/p>\n\n\n\n<p>\u2014 E r\u00e2ndul meu, mam\u0103.<\/p>\n\n\n\n<p>Au pornit din nou la drum. De data asta, Margareta privea pe geam altfel. Nu mai num\u0103ra pierderi. \u00cencepea, \u00eencet, s\u0103 spere.<\/p>\n\n\n\n<p>Casa Lidiei era simpl\u0103, dar cald\u0103. Pe mas\u0103, o fa\u021b\u0103 de mas\u0103 cro\u0219etat\u0103. Pe perete, fotografii. Una cu Margareta t\u00e2n\u0103r\u0103, z\u00e2mbind larg.<\/p>\n\n\n\n<p>\u2014 Ai p\u0103strat-o\u2026 murmur\u0103 ea.<\/p>\n\n\n\n<p>\u2014 Normal. E\u0219ti mama mea.<\/p>\n\n\n\n<p>\u00cen zilele care au urmat, Margareta a \u00eenceput s\u0103-\u0219i recapete puterile. M\u00e2ncarea era g\u0103tit\u0103 \u201eca la ea acas\u0103\u201d. Cafeaua diminea\u021ba, b\u0103ut\u0103 pe banc\u0103, la soare. Vecini care salutau. O via\u021b\u0103 care nu se terminase, ci se mutase.<\/p>\n\n\n\n<p>\u00centr-o sear\u0103, Margareta i-a \u00eentins Lidiei verigheta veche.<\/p>\n\n\n\n<p>\u2014 S\u0103 o ai. S\u0103-\u021bi poarte noroc.<\/p>\n\n\n\n<p>Lidia i-a pus-o \u00eenapoi \u00een palm\u0103.<\/p>\n\n\n\n<p>\u2014 P\u0103streaz-o. \u00cenc\u0103 avem timp.<\/p>\n\n\n\n<p>Margareta a \u00een\u021beles atunci c\u0103 dragostea adev\u0103rat\u0103 nu duce la un sf\u00e2r\u0219it rece \u0219i singur, ci la o mas\u0103 cald\u0103, o lumin\u0103 aprins\u0103 \u0219i o inim\u0103 care te a\u0219teapt\u0103.<\/p>\n\n\n\n<p>\u0218i pentru prima dat\u0103 dup\u0103 mult timp, a dormit f\u0103r\u0103 fric\u0103.<\/p>\n\n\n\n<p><em>Aceast\u0103 lucrare este inspirat\u0103 din evenimente \u0219i persoane reale, \u00eens\u0103 a fost fic\u021bionalizat\u0103 \u00een scopuri creative. Numele, personajele \u0219i detaliile au fost schimbate pentru a proteja intimitatea \u0219i pentru a \u00eembun\u0103t\u0103\u021bi nara\u021biunea. Orice asem\u0103nare cu persoane reale, \u00een via\u021b\u0103 sau decedate, sau cu evenimente reale este pur \u00eent\u00e2mpl\u0103toare \u0219i nu este inten\u021bionat\u0103 de c\u0103tre autor.<\/em><\/p>\n\n\n\n<p><em>Autorul \u0219i editorul nu \u00ee\u0219i asum\u0103 responsabilitatea pentru exactitatea evenimentelor sau pentru modul \u00een care sunt portretizate personajele \u0219i nu sunt r\u0103spunz\u0103tori pentru eventuale interpret\u0103ri gre\u0219ite. Aceast\u0103 poveste este oferit\u0103 \u201eca atare\u201d, iar orice opinii exprimate apar\u021bin personajelor \u0219i nu reflect\u0103 punctele de vedere ale autorului sau ale editorului.<\/em><\/p>\n\n\n\n<p><a href=\"https:\/\/www.pinterest.com\/pin\/create\/button\/?url=https%3A%2F%2Fbumzi.ro%2F%3Fp%3D16965&amp;description=Femeia+%C3%AEn+v%C3%A2rst%C4%83+credea+c%C4%83+fiica+ei+adoptiv%C4%83+o+duce+la+un+azil\" target=\"_blank\" rel=\"noreferrer noopener\"><\/a><\/p>\n\n\n\n<p><a href=\"https:\/\/www.facebook.com\/sharer\/sharer.php?u=https%3A%2F%2Fbumzi.ro%2F%3Fp%3D16965\" target=\"_blank\" rel=\"noreferrer noopener\"><\/a><\/p>\n\n\n\n<p><a href=\"https:\/\/twitter.com\/intent\/tweet?url=https%3A%2F%2Fbumzi.ro%2F%3Fp%3D16965&amp;text=Femeia+%C3%AEn+v%C3%A2rst%C4%83+credea+c%C4%83+fiica+ei+adoptiv%C4%83+o+duce+la+un+azil\" target=\"_blank\" rel=\"noreferrer noopener\"><\/a><a href=\"https:\/\/bumzi.ro\/?p=16962\"><\/a><\/p>\n","protected":false},"excerpt":{"rendered":"<p>Ma\u0219ina a f\u0103cut un viraj pe care Margareta nu \u00eel recuno\u0219tea. Nu era drumul spre azil. Nu erau cl\u0103dirile cenu\u0219ii, nici gardurile \u00eenalte despre care<\/p>\n","protected":false},"author":1,"featured_media":44268,"comment_status":"closed","ping_status":"closed","sticky":false,"template":"","format":"standard","meta":[],"categories":[1],"tags":[],"_links":{"self":[{"href":"https:\/\/calatorinromania.com\/index.php?rest_route=\/wp\/v2\/posts\/44800"}],"collection":[{"href":"https:\/\/calatorinromania.com\/index.php?rest_route=\/wp\/v2\/posts"}],"about":[{"href":"https:\/\/calatorinromania.com\/index.php?rest_route=\/wp\/v2\/types\/post"}],"author":[{"embeddable":true,"href":"https:\/\/calatorinromania.com\/index.php?rest_route=\/wp\/v2\/users\/1"}],"replies":[{"embeddable":true,"href":"https:\/\/calatorinromania.com\/index.php?rest_route=%2Fwp%2Fv2%2Fcomments&post=44800"}],"version-history":[{"count":1,"href":"https:\/\/calatorinromania.com\/index.php?rest_route=\/wp\/v2\/posts\/44800\/revisions"}],"predecessor-version":[{"id":44801,"href":"https:\/\/calatorinromania.com\/index.php?rest_route=\/wp\/v2\/posts\/44800\/revisions\/44801"}],"wp:featuredmedia":[{"embeddable":true,"href":"https:\/\/calatorinromania.com\/index.php?rest_route=\/wp\/v2\/media\/44268"}],"wp:attachment":[{"href":"https:\/\/calatorinromania.com\/index.php?rest_route=%2Fwp%2Fv2%2Fmedia&parent=44800"}],"wp:term":[{"taxonomy":"category","embeddable":true,"href":"https:\/\/calatorinromania.com\/index.php?rest_route=%2Fwp%2Fv2%2Fcategories&post=44800"},{"taxonomy":"post_tag","embeddable":true,"href":"https:\/\/calatorinromania.com\/index.php?rest_route=%2Fwp%2Fv2%2Ftags&post=44800"}],"curies":[{"name":"wp","href":"https:\/\/api.w.org\/{rel}","templated":true}]}}