{"id":44798,"date":"2026-01-13T09:59:04","date_gmt":"2026-01-13T09:59:04","guid":{"rendered":"https:\/\/calatorinromania.com\/?p=44798"},"modified":"2026-01-13T09:59:05","modified_gmt":"2026-01-13T09:59:05","slug":"au-lasat-trei-bebelusi-intr-un-parau-inghetat","status":"publish","type":"post","link":"https:\/\/calatorinromania.com\/?p=44798","title":{"rendered":"Au l\u0103sat trei bebelu\u0219i \u00eentr-un p\u00e2r\u00e2u \u00eenghe\u021bat"},"content":{"rendered":"\n<p>Ambulan\u021ba a sosit \u00een tromb\u0103, luminile albastre t\u0103ind diminea\u021ba cenu\u0219ie. Paramedicii au preluat copiii cu mi\u0219c\u0103ri rapide, sigure. U\u0219ile s-au tr\u00e2ntit, iar motorul a pornit \u00een grab\u0103.<\/p>\n\n\n\n<p><\/p>\n\n\n\n<p>Ursu a r\u0103mas \u00een prag, ud p\u00e2n\u0103 la piele, tremur\u00e2nd. Nu de frig.<\/p>\n\n\n\n<p><\/p>\n\n\n\n<p>Elena s-a apropiat \u00eencet, \u021bin\u00e2nd o can\u0103 cu ceai fierbinte.<\/p>\n\n\n\n<p><\/p>\n\n\n\n<p>\u2014 Bea. Altfel cazi din picioare.<\/p>\n\n\n\n<p><\/p>\n\n\n\n<p>A luat cana f\u0103r\u0103 s\u0103 spun\u0103 nimic. Aburul \u00eei \u00een\u021bepa ochii. De ani buni nimeni nu-i mai vorbise a\u0219a. Simplu. Uman.<\/p>\n\n\n\n<p><\/p>\n\n\n\n<p>\u2014 Copiii sunt ai fratelui meu, a spus ea \u00eencet. I-au adoptat dup\u0103 ani de a\u0219teptare. Ieri trebuiau s\u0103 ajung\u0103 la Bucure\u0219ti, la o evaluare final\u0103.<\/p>\n\n\n\n<p><\/p>\n\n\n\n<p>Ursu a str\u00e2ns maxilarul.<\/p>\n\n\n\n<p><\/p>\n\n\n\n<p>\u2014 Cineva i-a scos din cas\u0103. Noaptea. I-a dus \u00een p\u0103dure.<\/p>\n\n\n\n<p><\/p>\n\n\n\n<p>T\u0103cerea dintre ei era grea. Afar\u0103, z\u0103pada continua s\u0103 cad\u0103, ca \u0219i cum nimic nu s-ar fi \u00eent\u00e2mplat.<\/p>\n\n\n\n<p>C\u00e2teva ore mai t\u00e2rziu, poli\u021bia a confirmat ce instinctul lui Ursu \u0219tia deja. Tat\u0103l adoptiv disp\u0103ruse. Conturile goale. O h\u00e2rtie cu datorii g\u0103sit\u0103 pe mas\u0103. Presiuni. Amenin\u021b\u0103ri. O via\u021b\u0103 care cedase.<\/p>\n\n\n\n<p>\u2014 N-a vrut s\u0103-i omoare\u2026 a spus Elena, cu voce fr\u00e2nt\u0103. A vrut s\u0103 scape.<\/p>\n\n\n\n<p>Ursu a lovit u\u0219or peretele cu pumnul.<\/p>\n\n\n\n<p>\u2014 Copiii nu sunt bagaje.<\/p>\n\n\n\n<p>Zilele urm\u0103toare au fost un v\u00e2rtej. Spital. Anchete. Pres\u0103. Oameni care \u0219u\u0219oteau c\u00e2nd \u00eel vedeau pe Ursu st\u00e2nd zilnic pe hol, a\u0219tept\u00e2nd ve\u0219ti.<\/p>\n\n\n\n<p>C\u00e2nd copiii au fost declara\u021bi \u00een afara pericolului, a venit \u0219i decizia: temporar, f\u0103r\u0103 familie.<\/p>\n\n\n\n<p>\u2014 Vor ajunge \u00eentr-un centru, a spus cineva, evit\u00e2nd privirea.<\/p>\n\n\n\n<p>Ursu s-a ridicat \u00een picioare.<\/p>\n\n\n\n<p>\u2014 Nu.<\/p>\n\n\n\n<p>To\u021bi s-au \u00eentors spre el.<\/p>\n\n\n\n<p>\u2014 Am o cas\u0103. Cald\u0103. Curat\u0103. N-am mult, dar e destul. \u0218i n-o s\u0103-i mai lase nimeni \u00een frig.<\/p>\n\n\n\n<p>A urmat o t\u0103cere lung\u0103. H\u00e2rtii. Evalu\u0103ri. Vecini \u00eentreba\u021bi. Un trecut cercetat la s\u00e2nge.<\/p>\n\n\n\n<p>Dar adev\u0103rul era simplu: omul care s\u0103rise \u00een ap\u0103 \u00eenghe\u021bat\u0103 f\u0103r\u0103 s\u0103 clipeasc\u0103 nu putea fi un pericol.<\/p>\n\n\n\n<p>\u00centr-o sear\u0103, t\u00e2rziu, Ursu a deschis u\u0219a casei lui din marginea satului. \u00cen bra\u021be \u021binea cea mai mic\u0103 feti\u021b\u0103, adormit\u0103. Ceilal\u021bi doi p\u0103\u0219eau nesiguri, cu ochii mari.<\/p>\n\n\n\n<p>\u2014 Aici e cald, a spus el. \u0218i e lini\u0219te.<\/p>\n\n\n\n<p>Feti\u021ba i-a prins degetul.<\/p>\n\n\n\n<p>Ursu a sim\u021bit cum ceva vechi, \u00eenghe\u021bat \u00een el, \u00eencepea s\u0103 se topeasc\u0103.<\/p>\n\n\n\n<p>Nu to\u021bi eroii poart\u0103 costume. Unii poart\u0103 geci vechi de piele, m\u00e2ini b\u0103t\u0103torite \u0219i un suflet care, la momentul potrivit, alege s\u0103 nu treac\u0103 mai departe.<\/p>\n\n\n\n<p><em>Aceast\u0103 lucrare este inspirat\u0103 din evenimente \u0219i persoane reale, \u00eens\u0103 a fost fic\u021bionalizat\u0103 \u00een scopuri creative. Numele, personajele \u0219i detaliile au fost schimbate pentru a proteja intimitatea \u0219i pentru a \u00eembun\u0103t\u0103\u021bi nara\u021biunea. Orice asem\u0103nare cu persoane reale, \u00een via\u021b\u0103 sau decedate, sau cu evenimente reale este pur \u00eent\u00e2mpl\u0103toare \u0219i nu este inten\u021bionat\u0103 de c\u0103tre autor.<\/em><\/p>\n\n\n\n<p><em>Autorul \u0219i editorul nu \u00ee\u0219i asum\u0103 responsabilitatea pentru exactitatea evenimentelor sau pentru modul \u00een care sunt portretizate personajele \u0219i nu sunt r\u0103spunz\u0103tori pentru eventuale interpret\u0103ri gre\u0219ite. Aceast\u0103 poveste este oferit\u0103 \u201eca atare\u201d, iar orice opinii exprimate apar\u021bin personajelor \u0219i nu reflect\u0103 punctele de vedere ale autorului sau ale editorului.<\/em><\/p>\n","protected":false},"excerpt":{"rendered":"<p>Ambulan\u021ba a sosit \u00een tromb\u0103, luminile albastre t\u0103ind diminea\u021ba cenu\u0219ie. Paramedicii au preluat copiii cu mi\u0219c\u0103ri rapide, sigure. U\u0219ile s-au tr\u00e2ntit, iar motorul a pornit<\/p>\n","protected":false},"author":1,"featured_media":44268,"comment_status":"closed","ping_status":"closed","sticky":false,"template":"","format":"standard","meta":[],"categories":[1],"tags":[],"_links":{"self":[{"href":"https:\/\/calatorinromania.com\/index.php?rest_route=\/wp\/v2\/posts\/44798"}],"collection":[{"href":"https:\/\/calatorinromania.com\/index.php?rest_route=\/wp\/v2\/posts"}],"about":[{"href":"https:\/\/calatorinromania.com\/index.php?rest_route=\/wp\/v2\/types\/post"}],"author":[{"embeddable":true,"href":"https:\/\/calatorinromania.com\/index.php?rest_route=\/wp\/v2\/users\/1"}],"replies":[{"embeddable":true,"href":"https:\/\/calatorinromania.com\/index.php?rest_route=%2Fwp%2Fv2%2Fcomments&post=44798"}],"version-history":[{"count":1,"href":"https:\/\/calatorinromania.com\/index.php?rest_route=\/wp\/v2\/posts\/44798\/revisions"}],"predecessor-version":[{"id":44799,"href":"https:\/\/calatorinromania.com\/index.php?rest_route=\/wp\/v2\/posts\/44798\/revisions\/44799"}],"wp:featuredmedia":[{"embeddable":true,"href":"https:\/\/calatorinromania.com\/index.php?rest_route=\/wp\/v2\/media\/44268"}],"wp:attachment":[{"href":"https:\/\/calatorinromania.com\/index.php?rest_route=%2Fwp%2Fv2%2Fmedia&parent=44798"}],"wp:term":[{"taxonomy":"category","embeddable":true,"href":"https:\/\/calatorinromania.com\/index.php?rest_route=%2Fwp%2Fv2%2Fcategories&post=44798"},{"taxonomy":"post_tag","embeddable":true,"href":"https:\/\/calatorinromania.com\/index.php?rest_route=%2Fwp%2Fv2%2Ftags&post=44798"}],"curies":[{"name":"wp","href":"https:\/\/api.w.org\/{rel}","templated":true}]}}