{"id":44796,"date":"2026-01-13T09:56:46","date_gmt":"2026-01-13T09:56:46","guid":{"rendered":"https:\/\/calatorinromania.com\/?p=44796"},"modified":"2026-01-13T09:56:46","modified_gmt":"2026-01-13T09:56:46","slug":"totul-a-inceput-cu-un-telefon-intr-o-seara-de-miercuri","status":"publish","type":"post","link":"https:\/\/calatorinromania.com\/?p=44796","title":{"rendered":"Totul a \u00eenceput cu un telefon, \u00eentr-o sear\u0103 de miercuri."},"content":{"rendered":"\n<p>Am urcat sc\u0103rile \u00eencet, cu inima b\u0103t\u00e2ndu-mi \u00een urechi. C\u00e2nd am deschis u\u0219a, primul lucru pe care l-am sim\u021bit a fost mirosul. Nu de m\u00e2ncare. De dezordine.<\/p>\n\n\n\n<p><\/p>\n\n\n\n<p>Pantofi arunca\u021bi peste tot. Farfurii nesp\u0103late \u00een chiuvet\u0103. Pe mas\u0103, resturi de fast-food.<\/p>\n\n\n\n<p><\/p>\n\n\n\n<p>Andrei st\u0103tea pe canapea, obosit, cu barba crescut\u0103. C\u00e2nd m-a v\u0103zut, s-a ridicat brusc.<\/p>\n\n\n\n<p><\/p>\n\n\n\n<p>\u2014 Ana\u2026 a \u00eenceput el.<\/p>\n\n\n\n<p><\/p>\n\n\n\n<p>\u2014 Unde sunt? am \u00eentrebat calm.<\/p>\n\n\n\n<p><\/p>\n\n\n\n<p>\u2014 Au plecat ieri.<\/p>\n\n\n\n<p><\/p>\n\n\n\n<p>\u2014 De ce?<\/p>\n\n\n\n<p><\/p>\n\n\n\n<p>A oftat ad\u00e2nc \u0219i s-a l\u0103sat \u00eenapoi pe canapea.<\/p>\n\n\n\n<p>\u2014 Pentru c\u0103\u2026 n-a fost u\u0219or.<\/p>\n\n\n\n<p>Am l\u0103sat geanta jos \u0219i m-am a\u0219ezat \u00een fa\u021ba lui.<\/p>\n\n\n\n<p>\u2014 Spune.<\/p>\n\n\n\n<p>\u2014 \u00cen prima zi am comandat m\u00e2ncare. A doua zi la fel. A treia zi mama a zis c\u0103 nu e s\u0103n\u0103tos. Am \u00eencercat s\u0103 g\u0103tesc\u2026 a ie\u0219it prost. Copiii n-au m\u00e2ncat. Alina s-a sup\u0103rat c\u0103 nu mai e suc, c\u0103 nu e desert. Mama comenta tot timpul.<\/p>\n\n\n\n<p>A f\u0103cut o pauz\u0103.<\/p>\n\n\n\n<p>\u2014 \u0218i la un moment dat, unchiul Vasile a \u00eentrebat cine pl\u0103te\u0219te tot.<\/p>\n\n\n\n<p>Am ridicat o spr\u00e2ncean\u0103.<\/p>\n\n\n\n<p>\u2014 \u0218i?<\/p>\n\n\n\n<p>\u2014 Le-am spus adev\u0103rul. C\u0103 noi. C\u0103 tu. C\u0103 de obicei tu g\u0103te\u0219ti \u0219i cumperi tot.<\/p>\n\n\n\n<p>Am t\u0103cut.<\/p>\n\n\n\n<p>\u2014 Atunci mama s-a sup\u0103rat. A zis c\u0103 \u201enu a\u0219a se face la familie\u201d. Alina a zis c\u0103 nu \u0219tia c\u0103 ne e greu. Dar nimeni n-a scos un leu.<\/p>\n\n\n\n<p>\u2014 \u0218i?<\/p>\n\n\n\n<p>\u2014 \u0218i dup\u0103 ce am spus c\u0103 nu mai comand, c\u0103 nu mai am bani\u2026 au decis s\u0103 plece mai devreme.<\/p>\n\n\n\n<p>Lini\u0219te.<\/p>\n\n\n\n<p>\u2014 Ana\u2026 a continuat el. \u2014 Nu mi-am dat seama. Chiar nu mi-am dat seama c\u00e2t de mult duci singur\u0103.<\/p>\n\n\n\n<p>M-am ridicat \u0219i am deschis frigiderul. Era aproape gol.<\/p>\n\n\n\n<p>\u2014 Uite asta, Andrei. Asta e realitatea mea zilnic\u0103.<\/p>\n\n\n\n<p>S-a apropiat \u00eencet.<\/p>\n\n\n\n<p>\u2014 \u00cemi pare r\u0103u. Am fost la\u0219. Mi-a fost mai u\u0219or s\u0103 te las pe tine s\u0103 duci tot, dec\u00e2t s\u0103 spun ceva.<\/p>\n\n\n\n<p>\u2014 \u0218tiu, am spus simplu.<\/p>\n\n\n\n<p>A t\u0103cut.<\/p>\n\n\n\n<p>\u2014 Nu mai vreau s\u0103 fie a\u0219a, a spus el \u00eentr-un final. \u2014 Nici cu ei, nici cu nimeni. Dac\u0103 mai vin musafiri, stabilim clar. Sau nu mai vin.<\/p>\n\n\n\n<p>L-am privit atent. Nu vorbea defensiv. Vorbea obosit. Sincer.<\/p>\n\n\n\n<p>\u2014 Nu e vorba doar de ei, am spus. \u2014 E vorba de mine. De faptul c\u0103 m-ai luat de bun\u0103.<\/p>\n\n\n\n<p>A dat din cap.<\/p>\n\n\n\n<p>\u2014 Ai dreptate.<\/p>\n\n\n\n<p>\u00cen seara aceea n-am g\u0103tit. Am m\u00e2ncat sandvi\u0219uri. \u00cempreun\u0103. \u00cen lini\u0219te.<\/p>\n\n\n\n<p>\u00cen zilele urm\u0103toare, Andrei a \u00eenceput s\u0103 fac\u0103 lucruri m\u0103runte. A mers la cump\u0103r\u0103turi. A sp\u0103lat vasele. A g\u0103tit o ciorb\u0103 simpl\u0103 \u2014 nu grozav\u0103, dar a fost un \u00eenceput.<\/p>\n\n\n\n<p>Dup\u0103 o s\u0103pt\u0103m\u00e2n\u0103, mama lui a sunat.<\/p>\n\n\n\n<p>\u2014 Mai venim pe la voi luna viitoare? a \u00eentrebat ea.<\/p>\n\n\n\n<p>Andrei s-a uitat la mine.<\/p>\n\n\n\n<p>\u2014 Nu, mam\u0103, a spus ferm. \u2014 Data viitoare ne vedem la voi. Sau la restaurant. \u0218i fiecare pl\u0103te\u0219te ce m\u0103n\u00e2nc\u0103.<\/p>\n\n\n\n<p>Am z\u00e2mbit pentru prima dat\u0103 cu adev\u0103rat.<\/p>\n\n\n\n<p>Uneori, ca s\u0103 fii v\u0103zut, trebuie s\u0103 pleci.<br>Iar uneori, cinci zile de lini\u0219te pot schimba un mariaj mai mult dec\u00e2t ani de t\u0103cere.<\/p>\n\n\n\n<p><em>Aceast\u0103 lucrare este inspirat\u0103 din evenimente \u0219i persoane reale, \u00eens\u0103 a fost fic\u021bionalizat\u0103 \u00een scopuri creative. Numele, personajele \u0219i detaliile au fost schimbate pentru a proteja intimitatea \u0219i pentru a \u00eembun\u0103t\u0103\u021bi nara\u021biunea. Orice asem\u0103nare cu persoane reale, \u00een via\u021b\u0103 sau decedate, sau cu evenimente reale este pur \u00eent\u00e2mpl\u0103toare \u0219i nu este inten\u021bionat\u0103 de c\u0103tre autor.<\/em><\/p>\n\n\n\n<p><em>Autorul \u0219i editorul nu \u00ee\u0219i asum\u0103 responsabilitatea pentru exactitatea evenimentelor sau pentru modul \u00een care sunt portretizate personajele \u0219i nu sunt r\u0103spunz\u0103tori pentru eventuale interpret\u0103ri gre\u0219ite. Aceast\u0103 poveste este oferit\u0103 \u201eca atare\u201d, iar orice opinii exprimate apar\u021bin personajelor \u0219i nu reflect\u0103 punctele de vedere ale autorului sau ale editorului.<\/em><\/p>\n","protected":false},"excerpt":{"rendered":"<p>Am urcat sc\u0103rile \u00eencet, cu inima b\u0103t\u00e2ndu-mi \u00een urechi. C\u00e2nd am deschis u\u0219a, primul lucru pe care l-am sim\u021bit a fost mirosul. Nu de m\u00e2ncare.<\/p>\n","protected":false},"author":1,"featured_media":44268,"comment_status":"closed","ping_status":"closed","sticky":false,"template":"","format":"standard","meta":[],"categories":[1],"tags":[],"_links":{"self":[{"href":"https:\/\/calatorinromania.com\/index.php?rest_route=\/wp\/v2\/posts\/44796"}],"collection":[{"href":"https:\/\/calatorinromania.com\/index.php?rest_route=\/wp\/v2\/posts"}],"about":[{"href":"https:\/\/calatorinromania.com\/index.php?rest_route=\/wp\/v2\/types\/post"}],"author":[{"embeddable":true,"href":"https:\/\/calatorinromania.com\/index.php?rest_route=\/wp\/v2\/users\/1"}],"replies":[{"embeddable":true,"href":"https:\/\/calatorinromania.com\/index.php?rest_route=%2Fwp%2Fv2%2Fcomments&post=44796"}],"version-history":[{"count":1,"href":"https:\/\/calatorinromania.com\/index.php?rest_route=\/wp\/v2\/posts\/44796\/revisions"}],"predecessor-version":[{"id":44797,"href":"https:\/\/calatorinromania.com\/index.php?rest_route=\/wp\/v2\/posts\/44796\/revisions\/44797"}],"wp:featuredmedia":[{"embeddable":true,"href":"https:\/\/calatorinromania.com\/index.php?rest_route=\/wp\/v2\/media\/44268"}],"wp:attachment":[{"href":"https:\/\/calatorinromania.com\/index.php?rest_route=%2Fwp%2Fv2%2Fmedia&parent=44796"}],"wp:term":[{"taxonomy":"category","embeddable":true,"href":"https:\/\/calatorinromania.com\/index.php?rest_route=%2Fwp%2Fv2%2Fcategories&post=44796"},{"taxonomy":"post_tag","embeddable":true,"href":"https:\/\/calatorinromania.com\/index.php?rest_route=%2Fwp%2Fv2%2Ftags&post=44796"}],"curies":[{"name":"wp","href":"https:\/\/api.w.org\/{rel}","templated":true}]}}