{"id":44794,"date":"2026-01-13T09:53:52","date_gmt":"2026-01-13T09:53:52","guid":{"rendered":"https:\/\/calatorinromania.com\/?p=44794"},"modified":"2026-01-13T09:53:52","modified_gmt":"2026-01-13T09:53:52","slug":"plec-la-una-mai-tanara","status":"publish","type":"post","link":"https:\/\/calatorinromania.com\/?p=44794","title":{"rendered":"\u201ePlec la una mai t\u00e2n\u0103r\u0103!\u201d"},"content":{"rendered":"\n<p>Marina a l\u0103sat paharul jos cu grij\u0103, ca \u0219i cum zgomotul ar fi putut sparge ceva fragil din aer. A inspirat ad\u00e2nc. Nu tremura. Asta l-a surprins chiar \u0219i pe ea.<\/p>\n\n\n\n<p><\/p>\n\n\n\n<p>\u2014 Bine, Victor, a spus calm. Atunci hai s\u0103 vorbim pe bune.<\/p>\n\n\n\n<p><\/p>\n\n\n\n<p>Galina a str\u00e2mbat din nas. Jana \u0219i-a ridicat pentru o clip\u0103 ochii din telefon.<\/p>\n\n\n\n<p><\/p>\n\n\n\n<p>\u2014 Apartamentul despre care vorbe\u0219ti\u2026 nu e al t\u0103u.<\/p>\n\n\n\n<p><\/p>\n\n\n\n<p>Victor a z\u00e2mbit superior, convins c\u0103 urmeaz\u0103 o scen\u0103 jalnic\u0103.<\/p>\n\n\n\n<p><\/p>\n\n\n\n<p>\u2014 Marina, te rog\u2026 nu acum.<\/p>\n\n\n\n<p><\/p>\n\n\n\n<p>\u2014 Ba tocmai acum, a continuat ea, tot pe acela\u0219i ton lini\u0219tit. Apartamentul e pe numele meu. Luat \u00eenainte de c\u0103s\u0103torie. Cu banii mei.<\/p>\n\n\n\n<p><\/p>\n\n\n\n<p>S-a f\u0103cut din nou lini\u0219te.<\/p>\n\n\n\n<p>\u2014 Cum adic\u0103 ai t\u0103i? a izbucnit Galina.<\/p>\n\n\n\n<p>Marina s-a \u00eentors spre ea.<\/p>\n\n\n\n<p>\u2014 Din salariul meu, din munca mea, din nop\u021bile \u00een care el \u201eera la \u0219edin\u021be\u201d.<\/p>\n\n\n\n<p>Victor a \u00eenghe\u021bat.<\/p>\n\n\n\n<p>\u2014 Firma\u2026 a continuat Marina, privind direct la el. Firma nu e nici ea a ta. E pe numele meu. Pentru c\u0103 la banc\u0103 nu \u021bi-au dat credit, \u021bi-aminte\u0219ti?<\/p>\n\n\n\n<p>Jana a l\u0103sat telefonul jos.<\/p>\n\n\n\n<p>\u2014 Conturile\u2026 a spus Marina, ridic\u00e2nd u\u0219or din umeri. Sunt comune, dar m\u00e2ine diminea\u021b\u0103 le blochez. Legal.<\/p>\n\n\n\n<p>Victor a f\u0103cut un pas \u00een fa\u021b\u0103.<\/p>\n\n\n\n<p>\u2014 Ce jocuri faci?<\/p>\n\n\n\n<p>Marina a z\u00e2mbit. Pentru prima dat\u0103 \u00een seara aia.<\/p>\n\n\n\n<p>\u2014 Niciun joc. Doar adev\u0103rul. Tu n-ai construit nimic singur. Eu am fost funda\u021bia. Eu am semnat. Eu am garantat. Eu am pl\u0103tit c\u00e2nd \u201eafacerile\u201d tale erau pe minus.<\/p>\n\n\n\n<p>Galina s-a ridicat brusc.<\/p>\n\n\n\n<p>\u2014 Min\u021bi!<\/p>\n\n\n\n<p>Marina a scos din geant\u0103 un dosar sub\u021bire. L-a pus pe mas\u0103.<\/p>\n\n\n\n<p>\u2014 Acte. Contracte. Extrase. Tot.<\/p>\n\n\n\n<p>Victor s-a uitat \u00een jur. Nimeni nu-l mai admira. Nimeni nu-l mai sus\u021binea.<\/p>\n\n\n\n<p>\u2014 \u0218i Bali? a murmurat el.<\/p>\n\n\n\n<p>\u2014 Bali e frumos, a spus Marina. Dar scump. \u0218i f\u0103r\u0103 bani\u2026 e doar o poz\u0103 pe Instagram.<\/p>\n\n\n\n<p>S-a \u00eendreptat spre cuier, \u0219i-a luat geanta \u0219i paltonul.<\/p>\n\n\n\n<p>\u2014 Divor\u021bul \u00eel depun eu. M\u00e2ine. Tu ai dou\u0103 s\u0103pt\u0103m\u00e2ni s\u0103-\u021bi cau\u021bi unde s\u0103 stai.<\/p>\n\n\n\n<p>A deschis u\u0219a.<\/p>\n\n\n\n<p>\u2014 \u0218i, Victor\u2026 t\u00e2n\u0103ra aia o s\u0103 plece prima. Pentru c\u0103 n-ai nimic de oferit, f\u0103r\u0103 mine.<\/p>\n\n\n\n<p>U\u0219a s-a \u00eenchis \u00eencet.<\/p>\n\n\n\n<p>\u00cen apartament a r\u0103mas miros de ra\u021b\u0103 rece, parfum greu \u0219i un b\u0103rbat golit de putere.<\/p>\n\n\n\n<p>Marina a cobor\u00e2t sc\u0103rile, sim\u021bind pentru prima dat\u0103 dup\u0103 mul\u021bi ani c\u0103 respir\u0103 liber.<\/p>\n\n\n\n<p>Afar\u0103 era sear\u0103, Bucure\u0219tiul zumz\u0103ia, iar via\u021ba ei abia \u00eencepea.<\/p>\n\n\n\n<p><em>Aceast\u0103 lucrare este inspirat\u0103 din evenimente \u0219i persoane reale, \u00eens\u0103 a fost fic\u021bionalizat\u0103 \u00een scopuri creative. Numele, personajele \u0219i detaliile au fost schimbate pentru a proteja intimitatea \u0219i pentru a \u00eembun\u0103t\u0103\u021bi nara\u021biunea. Orice asem\u0103nare cu persoane reale, \u00een via\u021b\u0103 sau decedate, sau cu evenimente reale este pur \u00eent\u00e2mpl\u0103toare \u0219i nu este inten\u021bionat\u0103 de c\u0103tre autor.<\/em><\/p>\n\n\n\n<p><em>Autorul \u0219i editorul nu \u00ee\u0219i asum\u0103 responsabilitatea pentru exactitatea evenimentelor sau pentru modul \u00een care sunt portretizate personajele \u0219i nu sunt r\u0103spunz\u0103tori pentru eventuale interpret\u0103ri gre\u0219ite. Aceast\u0103 poveste este oferit\u0103 \u201eca atare\u201d, iar orice opinii exprimate apar\u021bin personajelor \u0219i nu reflect\u0103 punctele de vedere ale autorului sau ale editorului.<\/em><\/p>\n","protected":false},"excerpt":{"rendered":"<p>Marina a l\u0103sat paharul jos cu grij\u0103, ca \u0219i cum zgomotul ar fi putut sparge ceva fragil din aer. A inspirat ad\u00e2nc. Nu tremura. Asta<\/p>\n","protected":false},"author":1,"featured_media":44268,"comment_status":"closed","ping_status":"closed","sticky":false,"template":"","format":"standard","meta":[],"categories":[1],"tags":[],"_links":{"self":[{"href":"https:\/\/calatorinromania.com\/index.php?rest_route=\/wp\/v2\/posts\/44794"}],"collection":[{"href":"https:\/\/calatorinromania.com\/index.php?rest_route=\/wp\/v2\/posts"}],"about":[{"href":"https:\/\/calatorinromania.com\/index.php?rest_route=\/wp\/v2\/types\/post"}],"author":[{"embeddable":true,"href":"https:\/\/calatorinromania.com\/index.php?rest_route=\/wp\/v2\/users\/1"}],"replies":[{"embeddable":true,"href":"https:\/\/calatorinromania.com\/index.php?rest_route=%2Fwp%2Fv2%2Fcomments&post=44794"}],"version-history":[{"count":1,"href":"https:\/\/calatorinromania.com\/index.php?rest_route=\/wp\/v2\/posts\/44794\/revisions"}],"predecessor-version":[{"id":44795,"href":"https:\/\/calatorinromania.com\/index.php?rest_route=\/wp\/v2\/posts\/44794\/revisions\/44795"}],"wp:featuredmedia":[{"embeddable":true,"href":"https:\/\/calatorinromania.com\/index.php?rest_route=\/wp\/v2\/media\/44268"}],"wp:attachment":[{"href":"https:\/\/calatorinromania.com\/index.php?rest_route=%2Fwp%2Fv2%2Fmedia&parent=44794"}],"wp:term":[{"taxonomy":"category","embeddable":true,"href":"https:\/\/calatorinromania.com\/index.php?rest_route=%2Fwp%2Fv2%2Fcategories&post=44794"},{"taxonomy":"post_tag","embeddable":true,"href":"https:\/\/calatorinromania.com\/index.php?rest_route=%2Fwp%2Fv2%2Ftags&post=44794"}],"curies":[{"name":"wp","href":"https:\/\/api.w.org\/{rel}","templated":true}]}}