{"id":44792,"date":"2026-01-13T09:29:09","date_gmt":"2026-01-13T09:29:09","guid":{"rendered":"https:\/\/calatorinromania.com\/?p=44792"},"modified":"2026-01-13T09:29:09","modified_gmt":"2026-01-13T09:29:09","slug":"continuarea-aici-39","status":"publish","type":"post","link":"https:\/\/calatorinromania.com\/?p=44792","title":{"rendered":"Continuarea aici&#8230;"},"content":{"rendered":"\n<p>Andrei n-a mai auzit nimic pentru c\u00e2teva secunde. Doar un \u021biuit \u00een urechi \u0219i propria respira\u021bie, grea, sacadat\u0103.<\/p>\n\n\n\n<p><\/p>\n\n\n\n<p>\u0218i-a str\u00e2ns pumnii ca s\u0103 nu tremure.<\/p>\n\n\n\n<p><\/p>\n\n\n\n<p>\u201eC\u00e2nd s-a \u00eent\u00e2mplat asta?\u201d a \u00eentrebat, foarte \u00eencet.<\/p>\n\n\n\n<p><\/p>\n\n\n\n<p>\u201eC\u00e2nd ai fost plecat\u201d, a r\u0103spuns ea. \u201eA zis c\u0103 dac\u0103 spun cuiva, ne mut\u0103m\u2026 sau c\u0103 tu o s\u0103 pleci.\u201d<\/p>\n\n\n\n<p><\/p>\n\n\n\n<p>A sim\u021bit cum i se rupe ceva \u00een\u0103untru. Furia a venit prima, apoi vinov\u0103\u021bia. El fusese plecat. El nu fusese acolo.<\/p>\n\n\n\n<p><\/p>\n\n\n\n<p>A respirat ad\u00e2nc \u0219i a vorbit clar, hot\u0103r\u00e2t.<\/p>\n\n\n\n<p><\/p>\n\n\n\n<p>\u201eAscult\u0103-m\u0103, Sofia. Nimeni nu are voie s\u0103 te r\u0103neasc\u0103. Niciodat\u0103. Nici mama. Nici eu. Nimeni.\u201d<\/p>\n\n\n\n<p>Fata a ridicat privirea pentru prima dat\u0103. Ochii \u00eei erau mari, umezi, plini de ne\u00eencredere.<\/p>\n\n\n\n<p>\u201eNu te superi?\u201d a \u00eentrebat.<\/p>\n\n\n\n<p>\u201eNu pe tine\u201d, a spus el. \u201eNiciodat\u0103 pe tine.\u201d<\/p>\n\n\n\n<p>A chemat imediat un taxi \u0219i au mers la spitalul de copii. Pe drum, Sofia a adormit cu capul pe um\u0103rul lui, pentru prima dat\u0103 lini\u0219tit\u0103 dup\u0103 multe nop\u021bi.<\/p>\n\n\n\n<p>Radiografia a ar\u0103tat o contuzie serioas\u0103. Medicul a t\u0103cut o clip\u0103, apoi l-a privit drept \u00een ochi pe Andrei.<\/p>\n\n\n\n<p>\u201eCopilul \u0103sta a fost lovit.\u201d<\/p>\n\n\n\n<p>\u00cen acea sear\u0103, Andrei n-a mai mers acas\u0103. A stat pe un scaun de plastic, l\u00e2ng\u0103 patul fiicei lui, \u021bin\u00e2nd-o de m\u00e2n\u0103. A sunat un avocat. A sunat protec\u021bia copilului. A f\u0103cut ce trebuia f\u0103cut.<\/p>\n\n\n\n<p>C\u00e2nd mama Sofiei a aflat, a \u021bipat. A pl\u00e2ns. A amenin\u021bat. Dar nu mai conta.<\/p>\n\n\n\n<p>Au urmat luni grele. Procese. H\u00e2rtii. Drumuri. Salariul lui Andrei se ducea pe chirie, m\u00e2ncare, haine, \u0219edin\u021be de terapie. Tr\u0103iau simplu. Cu bani pu\u021bini, dar cu lini\u0219te.<\/p>\n\n\n\n<p>Sofia a \u00eenceput s\u0103 z\u00e2mbeasc\u0103 din nou. \u00cencet. Cu pa\u0219i mici. A \u00eenceput s\u0103 doarm\u0103 noaptea. S\u0103 deseneze. S\u0103 r\u00e2d\u0103.<\/p>\n\n\n\n<p>\u00centr-o sear\u0103, st\u0103teau am\u00e2ndoi pe canapea, m\u00e2nc\u00e2nd cl\u0103tite f\u0103cute \u00een cas\u0103.<\/p>\n\n\n\n<p>\u201eTati\u201d, a spus ea, cu gura plin\u0103. \u201e\u0218tii ceva?\u201d<\/p>\n\n\n\n<p>\u201eCe, puiule?\u201d<\/p>\n\n\n\n<p>\u201eNu m\u0103 mai doare spatele.\u201d<\/p>\n\n\n\n<p>Andrei a z\u00e2mbit \u0219i \u0219i-a \u0219ters ochii pe furi\u0219.<\/p>\n\n\n\n<p>Pentru prima dat\u0103, casa lor nu mai era un loc de fric\u0103. Era acas\u0103.<\/p>\n\n\n\n<p><em>Aceast\u0103 lucrare este inspirat\u0103 din evenimente \u0219i persoane reale, \u00eens\u0103 a fost fic\u021bionalizat\u0103 \u00een scopuri creative. Numele, personajele \u0219i detaliile au fost schimbate pentru a proteja intimitatea \u0219i pentru a \u00eembun\u0103t\u0103\u021bi nara\u021biunea. Orice asem\u0103nare cu persoane reale, \u00een via\u021b\u0103 sau decedate, sau cu evenimente reale este pur \u00eent\u00e2mpl\u0103toare \u0219i nu este inten\u021bionat\u0103 de c\u0103tre autor.<\/em><\/p>\n\n\n\n<p><em>Autorul \u0219i editorul nu \u00ee\u0219i asum\u0103 responsabilitatea pentru exactitatea evenimentelor sau pentru modul \u00een care sunt portretizate personajele \u0219i nu sunt r\u0103spunz\u0103tori pentru eventuale interpret\u0103ri gre\u0219ite. Aceast\u0103 poveste este oferit\u0103 \u201eca atare\u201d, iar orice opinii exprimate apar\u021bin personajelor \u0219i nu reflect\u0103 punctele de vedere ale autorului sau ale editorului.<\/em><\/p>\n","protected":false},"excerpt":{"rendered":"<p>Andrei n-a mai auzit nimic pentru c\u00e2teva secunde. Doar un \u021biuit \u00een urechi \u0219i propria respira\u021bie, grea, sacadat\u0103. \u0218i-a str\u00e2ns pumnii ca s\u0103 nu tremure.<\/p>\n","protected":false},"author":1,"featured_media":44268,"comment_status":"closed","ping_status":"closed","sticky":false,"template":"","format":"standard","meta":[],"categories":[1],"tags":[],"_links":{"self":[{"href":"https:\/\/calatorinromania.com\/index.php?rest_route=\/wp\/v2\/posts\/44792"}],"collection":[{"href":"https:\/\/calatorinromania.com\/index.php?rest_route=\/wp\/v2\/posts"}],"about":[{"href":"https:\/\/calatorinromania.com\/index.php?rest_route=\/wp\/v2\/types\/post"}],"author":[{"embeddable":true,"href":"https:\/\/calatorinromania.com\/index.php?rest_route=\/wp\/v2\/users\/1"}],"replies":[{"embeddable":true,"href":"https:\/\/calatorinromania.com\/index.php?rest_route=%2Fwp%2Fv2%2Fcomments&post=44792"}],"version-history":[{"count":1,"href":"https:\/\/calatorinromania.com\/index.php?rest_route=\/wp\/v2\/posts\/44792\/revisions"}],"predecessor-version":[{"id":44793,"href":"https:\/\/calatorinromania.com\/index.php?rest_route=\/wp\/v2\/posts\/44792\/revisions\/44793"}],"wp:featuredmedia":[{"embeddable":true,"href":"https:\/\/calatorinromania.com\/index.php?rest_route=\/wp\/v2\/media\/44268"}],"wp:attachment":[{"href":"https:\/\/calatorinromania.com\/index.php?rest_route=%2Fwp%2Fv2%2Fmedia&parent=44792"}],"wp:term":[{"taxonomy":"category","embeddable":true,"href":"https:\/\/calatorinromania.com\/index.php?rest_route=%2Fwp%2Fv2%2Fcategories&post=44792"},{"taxonomy":"post_tag","embeddable":true,"href":"https:\/\/calatorinromania.com\/index.php?rest_route=%2Fwp%2Fv2%2Ftags&post=44792"}],"curies":[{"name":"wp","href":"https:\/\/api.w.org\/{rel}","templated":true}]}}