{"id":44790,"date":"2026-01-13T09:25:15","date_gmt":"2026-01-13T09:25:15","guid":{"rendered":"https:\/\/calatorinromania.com\/?p=44790"},"modified":"2026-01-13T09:25:15","modified_gmt":"2026-01-13T09:25:15","slug":"stefania-dar-iarna-e-frig-acolo-soba-pe-lemne-trebuie-sa-cari-lemne","status":"publish","type":"post","link":"https:\/\/calatorinromania.com\/?p=44790","title":{"rendered":"\u2014 \u0218tefania, dar iarna e frig acolo! Sob\u0103 pe lemne, trebuie s\u0103 cari lemne!"},"content":{"rendered":"\n<p>Galina a r\u0103mas cu privirea pierdut\u0103 \u00een cana de ceai, care se r\u0103cise de mult.<\/p>\n\n\n\n<p><br>\u201eChiar de m\u00e2ine\u201d\u2026 Cuvintele acelea i-au b\u0103tut \u00een t\u00e2mple.<\/p>\n\n\n\n<p><\/p>\n\n\n\n<p>Nu a spus nici da, nici nu. Doar a dat din cap \u0219i a cerut timp de g\u00e2ndire. Dup\u0103 ce \u0218tefania a plecat, apartamentul a devenit brusc prea t\u0103cut. T\u0103cerea aceea care nu lini\u0219te\u0219te, ci apas\u0103.<\/p>\n\n\n\n<p><\/p>\n\n\n\n<p>Seara, Galina a deschis dulapul cu fotografii vechi. Poze alb-negru cu p\u0103rin\u021bii ei, cu casa de la \u021bar\u0103, cu soba pe care mama o cur\u0103\u021ba \u00een fiecare diminea\u021b\u0103. Da, crescuse la sat. Da, \u0219tia ce \u00eenseamn\u0103 frigul \u0219i lemnele. Dar una e copil\u0103ria, alta e b\u0103tr\u00e2ne\u021bea.<\/p>\n\n\n\n<p><\/p>\n\n\n\n<p>A dormit prost. S-a trezit de mai multe ori cu aceea\u0219i \u00eentrebare:\u00a0<em>Chiar at\u00e2t valorez?<\/em><\/p>\n\n\n\n<p><\/p>\n\n\n\n<p>A doua zi, a mers la pia\u021b\u0103. A vorbit cu vecina de palier, tanti Ileana. Apoi cu Viorica, de la etajul trei. Femei de v\u00e2rsta ei, cu acelea\u0219i dureri, acelea\u0219i bucurii mici. Toate i-au spus acela\u0219i lucru:<\/p>\n\n\n\n<p><br>\u2014 G\u00e2nde\u0219te-te bine, Galina. Odat\u0103 ce pleci, greu te mai \u00eentorci.<\/p>\n\n\n\n<p><\/p>\n\n\n\n<p>Dup\u0103-amiaza, a sunat-o pe \u0218tefania. Vocea fiicei era gr\u0103bit\u0103, plin\u0103 de planuri.<\/p>\n\n\n\n<p><br>\u2014 Mam\u0103, ne-am apucat deja de \u00eempachetat.<\/p>\n\n\n\n<p><\/p>\n\n\n\n<p>Atunci ceva s-a rupt \u00een Galina. Sau, dimpotriv\u0103, s-a legat la loc.<\/p>\n\n\n\n<p><\/p>\n\n\n\n<p>\u2014 \u0218tefania, \u2014 a spus calm, \u2014 am hot\u0103r\u00e2t.<\/p>\n\n\n\n<p><\/p>\n\n\n\n<p>S-a l\u0103sat lini\u0219te la cel\u0103lalt cap\u0103t.<\/p>\n\n\n\n<p><\/p>\n\n\n\n<p>\u2014 Nu pot pleca la \u021bar\u0103. Casa aceea nu e preg\u0103tit\u0103 pentru iarn\u0103. \u0218i nici eu nu mai sunt cea de la dou\u0103zeci de ani.<\/p>\n\n\n\n<p><\/p>\n\n\n\n<p>\u2014 Mam\u0103, dar noi ce facem?!<br>\u2014 Sta\u021bi cu mine, \u2014 a continuat Galina, \u2014 dar nu a\u0219a cum vrei tu.<\/p>\n\n\n\n<p>\u0218tefania a amu\u021bit.<\/p>\n\n\n\n<p>\u2014 O lun\u0103. Maximum dou\u0103. C\u0103uta\u021bi alt\u0103 chirie sau alt\u0103 solu\u021bie. Eu nu plec din casa mea. \u0218i nici nu pot tr\u0103i \u00eenghesuit\u0103, f\u0103r\u0103 reguli.<\/p>\n\n\n\n<p>\u2014 Oleg\u2026<br>\u2014 Oleg va respecta casa asta. F\u0103r\u0103 g\u0103l\u0103gie, f\u0103r\u0103 haos. Maria are program. Eu am nevoie de odihn\u0103. Dac\u0103 nu v\u0103 convine, \u00een\u021beleg.<\/p>\n\n\n\n<p>A urmat o pauz\u0103 lung\u0103. Apoi un oftat.<\/p>\n\n\n\n<p>\u2014 Bine, mam\u0103.<\/p>\n\n\n\n<p>\u00cen lunile care au urmat, n-a fost u\u0219or. A fost g\u0103l\u0103gie, au fost lacrimi, au fost certuri. Dar au fost \u0219i seri cu sup\u0103 cald\u0103, cu pove\u0219ti spuse Mariei, cu m\u00e2na \u0218tefaniei str\u00e2ns\u0103 \u00een a ei.<\/p>\n\n\n\n<p>La finalul celei de-a doua luni, \u0218tefania a venit cu un z\u00e2mbet timid.<br>\u2014 Am g\u0103sit o garsonier\u0103. Mic\u0103, dar a noastr\u0103. Chiria e mai mic\u0103.<\/p>\n\n\n\n<p>Galina a sim\u021bit cum i se umezesc ochii. Nu de triste\u021be. De u\u0219urare.<\/p>\n\n\n\n<p>\u00cen seara aceea, dup\u0103 ce casa s-a golit din nou, Galina a aprins veioza, s-a a\u0219ezat pe canapeaua ei \u0219i a z\u00e2mbit.<\/p>\n\n\n\n<p>Nu fusese egoist\u0103. Fusese dreapt\u0103.<\/p>\n\n\n\n<p>\u0218i pentru prima dat\u0103 dup\u0103 mult timp, a sim\u021bit c\u0103 respectul \u00eencepe cu un simplu \u201enu\u201d.<\/p>\n\n\n\n<p><em>Aceast\u0103 lucrare este inspirat\u0103 din evenimente \u0219i persoane reale, \u00eens\u0103 a fost fic\u021bionalizat\u0103 \u00een scopuri creative. Numele, personajele \u0219i detaliile au fost schimbate pentru a proteja intimitatea \u0219i pentru a \u00eembun\u0103t\u0103\u021bi nara\u021biunea. Orice asem\u0103nare cu persoane reale, \u00een via\u021b\u0103 sau decedate, sau cu evenimente reale este pur \u00eent\u00e2mpl\u0103toare \u0219i nu este inten\u021bionat\u0103 de c\u0103tre autor.<\/em><\/p>\n\n\n\n<p><em>Autorul \u0219i editorul nu \u00ee\u0219i asum\u0103 responsabilitatea pentru exactitatea evenimentelor sau pentru modul \u00een care sunt portretizate personajele \u0219i nu sunt r\u0103spunz\u0103tori pentru eventuale interpret\u0103ri gre\u0219ite. Aceast\u0103 poveste este oferit\u0103 \u201eca atare\u201d, iar orice opinii exprimate apar\u021bin personajelor \u0219i nu reflect\u0103 punctele de vedere ale autorului sau ale editorului.<\/em><\/p>\n","protected":false},"excerpt":{"rendered":"<p>Galina a r\u0103mas cu privirea pierdut\u0103 \u00een cana de ceai, care se r\u0103cise de mult. \u201eChiar de m\u00e2ine\u201d\u2026 Cuvintele acelea i-au b\u0103tut \u00een t\u00e2mple. Nu<\/p>\n","protected":false},"author":1,"featured_media":44268,"comment_status":"closed","ping_status":"closed","sticky":false,"template":"","format":"standard","meta":[],"categories":[1],"tags":[],"_links":{"self":[{"href":"https:\/\/calatorinromania.com\/index.php?rest_route=\/wp\/v2\/posts\/44790"}],"collection":[{"href":"https:\/\/calatorinromania.com\/index.php?rest_route=\/wp\/v2\/posts"}],"about":[{"href":"https:\/\/calatorinromania.com\/index.php?rest_route=\/wp\/v2\/types\/post"}],"author":[{"embeddable":true,"href":"https:\/\/calatorinromania.com\/index.php?rest_route=\/wp\/v2\/users\/1"}],"replies":[{"embeddable":true,"href":"https:\/\/calatorinromania.com\/index.php?rest_route=%2Fwp%2Fv2%2Fcomments&post=44790"}],"version-history":[{"count":1,"href":"https:\/\/calatorinromania.com\/index.php?rest_route=\/wp\/v2\/posts\/44790\/revisions"}],"predecessor-version":[{"id":44791,"href":"https:\/\/calatorinromania.com\/index.php?rest_route=\/wp\/v2\/posts\/44790\/revisions\/44791"}],"wp:featuredmedia":[{"embeddable":true,"href":"https:\/\/calatorinromania.com\/index.php?rest_route=\/wp\/v2\/media\/44268"}],"wp:attachment":[{"href":"https:\/\/calatorinromania.com\/index.php?rest_route=%2Fwp%2Fv2%2Fmedia&parent=44790"}],"wp:term":[{"taxonomy":"category","embeddable":true,"href":"https:\/\/calatorinromania.com\/index.php?rest_route=%2Fwp%2Fv2%2Fcategories&post=44790"},{"taxonomy":"post_tag","embeddable":true,"href":"https:\/\/calatorinromania.com\/index.php?rest_route=%2Fwp%2Fv2%2Ftags&post=44790"}],"curies":[{"name":"wp","href":"https:\/\/api.w.org\/{rel}","templated":true}]}}