{"id":44788,"date":"2026-01-13T09:22:30","date_gmt":"2026-01-13T09:22:30","guid":{"rendered":"https:\/\/calatorinromania.com\/?p=44788"},"modified":"2026-01-13T09:22:30","modified_gmt":"2026-01-13T09:22:30","slug":"in-timp-ce-zaceam-la-spital-soacra-mea-maria-a-decis-sa-si-sarbatoreasca-ziua-de-nastere-la-noi-acasa","status":"publish","type":"post","link":"https:\/\/calatorinromania.com\/?p=44788","title":{"rendered":"\u201d\u00cen timp ce z\u0103ceam la spital, soacra mea, Maria, a decis s\u0103-\u0219i s\u0103rb\u0103toreasc\u0103 ziua de na\u0219tere la noi acas\u0103\u201d"},"content":{"rendered":"\n<p>Am \u00eenchis u\u0219a dup\u0103 mine cu o for\u021b\u0103 care m-a durut la locul opera\u021biei. Pentru o clip\u0103 m-am g\u00e2ndit c\u0103 o s\u0103 izbucnesc \u00een pl\u00e2ns, dar \u00een loc de asta mi-am \u021binut respira\u021bia \u0219i m-am a\u015fezat pe scaun. Trebuia s\u0103 pun cap la cap un plan, nu s\u0103 las furia s\u0103-mi ia min\u021bile.<\/p>\n\n\n\n<p><\/p>\n\n\n\n<p>Am \u00eenceput cu telefonul. Am scos aparatul \u0219i, f\u0103r\u0103 s\u0103 m\u0103 g\u00e2ndesc prea mult, am f\u0103cut fotografii \u2014 un col\u021b de mas\u0103 cu pahare r\u0103sturnate, un bol cu m\u00e2ncare uscat\u0103, o gr\u0103mad\u0103 de farfurii. Fiecare poz\u0103 era ca o dovad\u0103. \u00cemi tremurau degetele, dar nu din durere, ci dintr-un fel de adrenalin\u0103 rece.<\/p>\n\n\n\n<p><\/p>\n\n\n\n<p><\/p>\n\n\n\n<p>A doua zi, c\u00e2t m-am urnit pu\u021bin din pat, am m\u0103surat situa\u021bia. Nu aveam chef s\u0103 declar r\u0103zboi; voiam doar s\u0103 le ar\u0103t tuturor ce \u00eenseamn\u0103 \u201ea profita de bun\u0103tatea cuiva\u201d. Am str\u00e2ns o sticl\u0103 de dezinfectant, fraze de h\u00e2rtie \u0219i m-am pus pe treab\u0103. Cur\u0103\u021benia urma s\u0103 fie f\u0103cut\u0103, dar nu pe banii mei.<\/p>\n\n\n\n<p><\/p>\n\n\n\n<p>Am scris un mesaj scurt, rece, adresat fiului meu, Bogdan. I-am spus doar at\u00e2t: \u201eAi grij\u0103 de cas\u0103 sau taxeaz\u0103 petrecerea soacrei. Eu nu sunt capabil\u0103 s\u0103 fac mai mult.\u201d L-am trimis \u0219i m-am pref\u0103cut obosit\u0103. Apoi am luat c\u00e2teva fotografii pe care le-am pus \u00eentr-un folder \u0219i le-am redenumit \u201epetrecere_mamei\u201d.<\/p>\n\n\n\n<p><\/p>\n\n\n\n<p>Nu a trecut mult p\u00e2n\u0103 c\u00e2nd Bogdan a sunat. Vocea lui era \u00eencurcat\u0103. Nu \u0219tia c\u0103 Maria fusese cea care a organizat totul la noi. C\u00e2nd i-am spus adev\u0103rul, s-a auzit o lini\u0219te lung\u0103. Apoi s-a gr\u0103bit s\u0103-mi spun\u0103 c\u0103 vine acas\u0103. Am sim\u021bit un mic triumf, dar nu m-am relaxat.<\/p>\n\n\n\n<p><\/p>\n\n\n\n<p>C\u00e2nd a ajuns, a v\u0103zut pozele. A privit \u00een jur, ru\u0219inat. Maria a \u00eencercat s\u0103 glumeasc\u0103, s\u0103 spun\u0103 c\u0103 \u201ea fost doar o mic\u0103 str\u00e2ngere de inim\u0103\u201d, dar nepotrivit. Bogdan a rostit un cuv\u00e2nt pe care nu-l mai auzisem de mult: \u201eru\u0219ine\u201d. Mushi\u015f, chiar \u0219i Maria a f\u0103cut un pas \u00eenapoi. Dar m-am g\u00e2ndit c\u0103 asta nu era de ajuns. R\u0103nile mele erau mai ad\u00e2nci dec\u00e2t murd\u0103ria din buc\u0103t\u0103rie. M-am g\u00e2ndit la zilele c\u00e2nd \u00eemi f\u0103ceam griji pentru to\u021bi, c\u00e2nd d\u0103deam totul pentru familie, iar recuno\u0219tin\u021ba se transforma \u00een indiferen\u021b\u0103. Am vrut o lec\u021bie care s\u0103 r\u0103m\u00e2n\u0103.<\/p>\n\n\n\n<p><\/p>\n\n\n\n<p>A\u0219a c\u0103 am pus la punct ce am numit \u00een g\u00e2nd \u201eplanul cur\u0103\u021beniei \u0219i al facturii\u201d. Am chemat o firm\u0103 de cur\u0103\u021benie, i-am spus exact ce era de f\u0103cut. I-am cerut s\u0103 fac\u0103 o cur\u0103\u021benie profesional\u0103, s\u0103 spele covoarele, s\u0103 degreseze buc\u0103t\u0103ria, s\u0103 dezinfecteze tot. Nu am spus cui apar\u021bine casa. Au venit a doua zi de diminea\u021b\u0103 cu echipament profesionist \u0219i au lucrat ore \u00eentregi.<\/p>\n\n\n\n<p><\/p>\n\n\n\n<p>C\u00e2nd factura a venit, nu am dat-o eu. Am l\u0103sat-o pe mas\u0103, la vedere, pe trei copii de h\u00e2rtie, cu totalul scris clar. Pe prima foaie am scris, cu un creion obosit: \u201ePetrecerea Mariei. V\u0103 rog s\u0103 achita\u021bi.\u201d Am sperat, poate egoist, ca ru\u0219inea s\u0103 fie acum mai ap\u0103s\u0103toare dec\u00e2t orice ceart\u0103.<\/p>\n\n\n\n<p><\/p>\n\n\n\n<p>Ceea ce s-a \u00eent\u00e2mplat dup\u0103 a fost un amestec de sinceritate \u0219i autoprotec\u021bie. Maria a \u00eenceput s\u0103 vin\u0103 mai des la vizite, dar nu pentru petreceri. Venea cu bun\u0103t\u0103\u021bi mici, cu scuze care sunau ca ploaia de var\u0103 \u2014 rare \u0219i rece. Bogdan a vorbit cu ea deschis. I-a spus c\u0103 familia nu \u00eenseamn\u0103 s\u0103 profi\u021bi, ci s\u0103 respec\u021bi. \u0218i, mai important, i-a spus c\u0103 eu am avut probleme serioase de s\u0103n\u0103tate \u0219i c\u0103 aveam nevoie de lini\u0219te.<\/p>\n\n\n\n<p><\/p>\n\n\n\n<p>Am remarcat, pe parcursul urm\u0103toarelor s\u0103pt\u0103m\u00e2ni, mici schimb\u0103ri. Maria nu a mai adus at\u00e2tea pahare. A \u00eenv\u0103\u021bat, \u00eencet, s\u0103 mi\u0219te farfuria murdar\u0103 \u00een co\u0219ul ei. Nu a fost magie. A fost dou\u0103 pa\u0219i \u00eenainte, un pas \u00eenapoi. Dar eu am sim\u021bit o lini\u0219te care nu se mai l\u0103sa cump\u0103rat\u0103 cu vorbe goale.<\/p>\n\n\n\n<p><\/p>\n\n\n\n<p>\u00centr-o sear\u0103, cu casa curat\u0103 \u0219i cu opera\u021bia uitat\u0103 doar de a mea cicatrice, Maria a venit cu dou\u0103 cesti de ceai. \u0218edea \u00een fotoliu, cu palmele tremur\u00e2nd pu\u021bin. M-a privit drept \u00een ochi \u0219i a spus: \u201e\u00cemi pare r\u0103u, Ana. Am gre\u0219it. Am uitat c\u0103 acas\u0103 nu e un loc de petrecere, e locul t\u0103u de vindecare.\u201d Vocea ei nu era teatral\u0103. Era sincer\u0103.<\/p>\n\n\n\n<p><\/p>\n\n\n\n<p>Acel moment mi-a t\u0103iat furia ca un ac. Am r\u0103spuns simplu: \u201eMul\u021bumesc.\u201d A fost tot ce am putut spune \u0219i, pentru prima dat\u0103 dup\u0103 multe zile, am sim\u021bit c\u0103 am f\u0103cut ceva corect. Nu pentru mine, nu doar pentru orgoliul meu, ci pentru ideea c\u0103 limitele trebuie respectate.<\/p>\n\n\n\n<p><\/p>\n\n\n\n<p>Nu am primit scuze glorioase sau gesturi grandioase. Am primit schimbare \u2014 mic\u0103, dar real\u0103. Maria a \u00eenceput s\u0103 \u00een\u021beleag\u0103 c\u0103 s\u0103rb\u0103torile nu sunt pretexte pentru comoditate, c\u0103 familia trebuie s\u0103 se sus\u021bin\u0103, nu s\u0103 profite. \u0218i eu am \u00eenv\u0103\u021bat ceva la r\u00e2ndul meu: nu toate lec\u021biile trebuie date cu ur\u0103. Uneori trebuie doar s\u0103-\u021bi aperi lini\u0219tea \u0219i s\u0103 la\u0219i via\u021ba s\u0103-\u021bi dea dreptatea, \u00eencet \u0219i sigur.<\/p>\n\n\n\n<p><\/p>\n\n\n\n<p>La final, la c\u00e2teva s\u0103pt\u0103m\u00e2ni dup\u0103, c\u00e2nd am g\u0103sit frigiderul curat \u0219i un mic aranjament de flori pe mas\u0103, am z\u00e2mbit. Nu era triumful pe care mi-l imaginam, dar era ceva mai bun: respectul revenise, \u00eencet, ca o umbr\u0103 de lumin\u0103 dup\u0103 o furtun\u0103.<\/p>\n\n\n\n<p><\/p>\n\n\n\n<p><em>Aceast\u0103 lucrare este inspirat\u0103 din evenimente \u0219i persoane reale, \u00eens\u0103 a fost fic\u021bionalizat\u0103 \u00een scopuri creative. Numele, personajele \u0219i detaliile au fost schimbate pentru a proteja intimitatea \u0219i pentru a \u00eembun\u0103t\u0103\u021bi nara\u021biunea. Orice asem\u0103nare cu persoane reale, \u00een via\u021b\u0103 sau decedate, sau cu evenimente reale este pur \u00eent\u00e2mpl\u0103toare \u0219i nu este inten\u021bionat\u0103 de c\u0103tre autor.<\/em><\/p>\n\n\n\n<p><em>Autorul \u0219i editorul nu \u00ee\u0219i asum\u0103 responsabilitatea pentru exactitatea evenimentelor sau pentru modul \u00een care sunt portretizate personajele \u0219i nu sunt r\u0103spunz\u0103tori pentru eventuale interpret\u0103ri gre\u0219ite. Aceast\u0103 poveste este oferit\u0103 \u201eca atare\u201d, iar orice opinii exprimate apar\u021bin personajelor \u0219i nu reflect\u0103 punctele de vedere ale autorului sau ale editorului.<\/em><\/p>\n","protected":false},"excerpt":{"rendered":"<p>Am \u00eenchis u\u0219a dup\u0103 mine cu o for\u021b\u0103 care m-a durut la locul opera\u021biei. Pentru o clip\u0103 m-am g\u00e2ndit c\u0103 o s\u0103 izbucnesc \u00een pl\u00e2ns,<\/p>\n","protected":false},"author":1,"featured_media":44268,"comment_status":"closed","ping_status":"closed","sticky":false,"template":"","format":"standard","meta":[],"categories":[1],"tags":[],"_links":{"self":[{"href":"https:\/\/calatorinromania.com\/index.php?rest_route=\/wp\/v2\/posts\/44788"}],"collection":[{"href":"https:\/\/calatorinromania.com\/index.php?rest_route=\/wp\/v2\/posts"}],"about":[{"href":"https:\/\/calatorinromania.com\/index.php?rest_route=\/wp\/v2\/types\/post"}],"author":[{"embeddable":true,"href":"https:\/\/calatorinromania.com\/index.php?rest_route=\/wp\/v2\/users\/1"}],"replies":[{"embeddable":true,"href":"https:\/\/calatorinromania.com\/index.php?rest_route=%2Fwp%2Fv2%2Fcomments&post=44788"}],"version-history":[{"count":1,"href":"https:\/\/calatorinromania.com\/index.php?rest_route=\/wp\/v2\/posts\/44788\/revisions"}],"predecessor-version":[{"id":44789,"href":"https:\/\/calatorinromania.com\/index.php?rest_route=\/wp\/v2\/posts\/44788\/revisions\/44789"}],"wp:featuredmedia":[{"embeddable":true,"href":"https:\/\/calatorinromania.com\/index.php?rest_route=\/wp\/v2\/media\/44268"}],"wp:attachment":[{"href":"https:\/\/calatorinromania.com\/index.php?rest_route=%2Fwp%2Fv2%2Fmedia&parent=44788"}],"wp:term":[{"taxonomy":"category","embeddable":true,"href":"https:\/\/calatorinromania.com\/index.php?rest_route=%2Fwp%2Fv2%2Fcategories&post=44788"},{"taxonomy":"post_tag","embeddable":true,"href":"https:\/\/calatorinromania.com\/index.php?rest_route=%2Fwp%2Fv2%2Ftags&post=44788"}],"curies":[{"name":"wp","href":"https:\/\/api.w.org\/{rel}","templated":true}]}}