{"id":44782,"date":"2026-01-13T09:05:39","date_gmt":"2026-01-13T09:05:39","guid":{"rendered":"https:\/\/calatorinromania.com\/?p=44782"},"modified":"2026-01-13T09:05:39","modified_gmt":"2026-01-13T09:05:39","slug":"doar-imi-verific-soldul-a-spus-femeia-de-90-de-ani-milionarul-a-pufnit-2","status":"publish","type":"post","link":"https:\/\/calatorinromania.com\/?p=44782","title":{"rendered":"\u201eDoar \u00eemi verific soldul\u201d \u2013 a spus femeia de 90 de ani\u2026 Milionarul a pufnit\u201d"},"content":{"rendered":"\n<p>\u2014 17.842.000 de lei, a spus func\u021bionara aproape \u00een \u0219oapt\u0103.<\/p>\n\n\n\n<p><\/p>\n\n\n\n<p>\u00cen banc\u0103 s-a l\u0103sat o lini\u0219te t\u0103ioas\u0103. Victor a \u00eencremenit. Z\u00e2mbetul i s-a stins de pe fa\u021b\u0103, iar spr\u00e2ncenele i s-au ridicat necontrolat. A f\u0103cut un pas \u00een fa\u021b\u0103, de parc\u0103 nu ar fi auzit bine.<\/p>\n\n\n\n<p><\/p>\n\n\n\n<p>\u2014 Cum\u2026 c\u00e2t? a b\u00e2iguit el.<\/p>\n\n\n\n<p><\/p>\n\n\n\n<p>Func\u021bionara a \u00eenghi\u021bit \u00een sec \u0219i a repetat, mai clar de data asta:<\/p>\n\n\n\n<p><\/p>\n\n\n\n<p>\u2014 \u0218aptesprezece milioane opt sute patruzeci \u0219i dou\u0103 de mii de lei, disponibili.<\/p>\n\n\n\n<p><\/p>\n\n\n\n<p>C\u00e2teva persoane din r\u00e2nd au scos un oftat surprins. Un b\u0103rbat \u0219i-a scos ochelarii ca s\u0103 se uite mai bine la Elena, iar o femeie \u0219i-a dus m\u00e2na la gur\u0103. Elena a dat din cap u\u0219or, de parc\u0103 ar fi confirmat o informa\u021bie banal\u0103.<\/p>\n\n\n\n<p><\/p>\n\n\n\n<p>\u2014 Mul\u021bumesc, draga mea, a spus calm. At\u00e2t voiam s\u0103 \u0219tiu.<\/p>\n\n\n\n<p><\/p>\n\n\n\n<p>Victor era ro\u0219u la fa\u021b\u0103. Costumul lui scump nu mai p\u0103rea at\u00e2t de impun\u0103tor. S-a uitat la Elena, apoi la func\u021bionar\u0103, apoi iar la Elena.<\/p>\n\n\n\n<p><\/p>\n\n\n\n<p>\u2014 Doamn\u0103\u2026 eu\u2026 probabil a fost o eroare, a morm\u0103it el, \u00eencerc\u00e2nd s\u0103-\u0219i salveze orgoliul.<\/p>\n\n\n\n<p>Elena s-a \u00eentors complet spre el. \u0218i pentru prima dat\u0103, vocea ei a avut o t\u0103rie care a f\u0103cut sala s\u0103 vibreze.<\/p>\n\n\n\n<p>\u2014 Nu, tinere. Nu e nicio eroare.<\/p>\n\n\n\n<p>S-a sprijinit u\u0219or \u00een baston \u0219i a z\u00e2mbit trist.<\/p>\n\n\n\n<p>\u2014 Am muncit din greu toat\u0103 via\u021ba. Am fost femeie de serviciu, croitoreas\u0103, am sp\u0103lat sc\u0103ri \u0219i am crescut copii care nu erau ai mei. Am pus deoparte fiecare leu. Nu m-am l\u0103udat niciodat\u0103. N-am sim\u021bit nevoia.<\/p>\n\n\n\n<p>Victor a cobor\u00e2t privirea.<\/p>\n\n\n\n<p>\u2014 So\u021bul meu a murit t\u00e2n\u0103r, a continuat ea. Am r\u0103mas singur\u0103, cu doi copii \u0219i f\u0103r\u0103 ajutor. Am investit pu\u021bin c\u00e2te pu\u021bin, am cump\u0103rat terenuri c\u00e2nd nimeni nu le voia. Am v\u00e2ndut c\u00e2nd to\u021bi r\u00e2deau de mine. \u0218i n-am cheltuit pe lucruri care s\u0103 par\u0103 scumpe.<\/p>\n\n\n\n<p>A f\u0103cut o pauz\u0103.<\/p>\n\n\n\n<p>\u2014 Demnitatea nu se \u00eembrac\u0103 \u00een haine de firm\u0103.<\/p>\n\n\n\n<p>Un murmur de aprobare a trecut prin banc\u0103. Victor a \u00eencercat s\u0103 spun\u0103 ceva, dar nu i-a ie\u0219it niciun cuv\u00e2nt. Func\u021bionara, \u00eenc\u0103 emo\u021bionat\u0103, a \u00eentrebat politicos:<\/p>\n\n\n\n<p>\u2014 Mai dori\u021bi ceva, doamn\u0103 Popescu?<\/p>\n\n\n\n<p>Elena a z\u00e2mbit din nou.<\/p>\n\n\n\n<p>\u2014 Da. A\u0219 vrea s\u0103 donez 200.000 de lei pentru c\u0103minul de b\u0103tr\u00e2ni din sectorul meu. \u0218i \u00eenc\u0103 100.000 pentru o burs\u0103 destinat\u0103 copiilor f\u0103r\u0103 posibilit\u0103\u021bi.<\/p>\n\n\n\n<p>\u00cen spate, cineva a \u00eenceput s\u0103 aplaude. Apoi altcineva. \u00cen c\u00e2teva secunde, \u00eentreaga banc\u0103 a izbucnit \u00een aplauze. Victor s-a dat la o parte, l\u0103s\u00e2nd-o s\u0103 treac\u0103. C\u00e2nd Elena a pornit spre ie\u0219ire, el a prins curaj.<\/p>\n\n\n\n<p>\u2014 Doamn\u0103\u2026 \u00eemi pare r\u0103u, a spus el \u00eencet.<\/p>\n\n\n\n<p>Elena s-a oprit \u0219i l-a privit cu bl\u00e2nde\u021be.<\/p>\n\n\n\n<p>\u2014 S\u0103-\u021bi par\u0103 r\u0103u nu pentru mine, tinere. Ci pentru to\u021bi cei pe care \u00eei judeci dup\u0103 aparen\u021be.<\/p>\n\n\n\n<p>Apoi a ie\u0219it din banc\u0103, cu pasul ei lent, dar sigur. Iar Victor a r\u0103mas acolo, pentru prima dat\u0103 \u00een via\u021b\u0103, sim\u021bindu-se s\u0103rac. Nu la bani. Ci la caracter.<\/p>\n\n\n\n<p><em>Aceast\u0103 lucrare este inspirat\u0103 din evenimente \u0219i persoane reale, \u00eens\u0103 a fost fic\u021bionalizat\u0103 \u00een scopuri creative. Numele, personajele \u0219i detaliile au fost schimbate pentru a proteja intimitatea \u0219i pentru a \u00eembun\u0103t\u0103\u021bi nara\u021biunea. Orice asem\u0103nare cu persoane reale, \u00een via\u021b\u0103 sau decedate, sau cu evenimente reale este pur \u00eent\u00e2mpl\u0103toare \u0219i nu este inten\u021bionat\u0103 de c\u0103tre autor.<\/em><\/p>\n\n\n\n<p><em>Autorul \u0219i editorul nu \u00ee\u0219i asum\u0103 responsabilitatea pentru exactitatea evenimentelor sau pentru modul \u00een care sunt portretizate personajele \u0219i nu sunt r\u0103spunz\u0103tori pentru eventuale interpret\u0103ri gre\u0219ite. Aceast\u0103 poveste este oferit\u0103 \u201eca atare\u201d, iar orice opinii exprimate apar\u021bin personajelor \u0219i nu reflect\u0103 punctele de vedere ale autorului sau ale editorului.<\/em><\/p>\n","protected":false},"excerpt":{"rendered":"<p>\u2014 17.842.000 de lei, a spus func\u021bionara aproape \u00een \u0219oapt\u0103. \u00cen banc\u0103 s-a l\u0103sat o lini\u0219te t\u0103ioas\u0103. Victor a \u00eencremenit. Z\u00e2mbetul i s-a stins de<\/p>\n","protected":false},"author":1,"featured_media":44268,"comment_status":"closed","ping_status":"closed","sticky":false,"template":"","format":"standard","meta":[],"categories":[1],"tags":[],"_links":{"self":[{"href":"https:\/\/calatorinromania.com\/index.php?rest_route=\/wp\/v2\/posts\/44782"}],"collection":[{"href":"https:\/\/calatorinromania.com\/index.php?rest_route=\/wp\/v2\/posts"}],"about":[{"href":"https:\/\/calatorinromania.com\/index.php?rest_route=\/wp\/v2\/types\/post"}],"author":[{"embeddable":true,"href":"https:\/\/calatorinromania.com\/index.php?rest_route=\/wp\/v2\/users\/1"}],"replies":[{"embeddable":true,"href":"https:\/\/calatorinromania.com\/index.php?rest_route=%2Fwp%2Fv2%2Fcomments&post=44782"}],"version-history":[{"count":1,"href":"https:\/\/calatorinromania.com\/index.php?rest_route=\/wp\/v2\/posts\/44782\/revisions"}],"predecessor-version":[{"id":44783,"href":"https:\/\/calatorinromania.com\/index.php?rest_route=\/wp\/v2\/posts\/44782\/revisions\/44783"}],"wp:featuredmedia":[{"embeddable":true,"href":"https:\/\/calatorinromania.com\/index.php?rest_route=\/wp\/v2\/media\/44268"}],"wp:attachment":[{"href":"https:\/\/calatorinromania.com\/index.php?rest_route=%2Fwp%2Fv2%2Fmedia&parent=44782"}],"wp:term":[{"taxonomy":"category","embeddable":true,"href":"https:\/\/calatorinromania.com\/index.php?rest_route=%2Fwp%2Fv2%2Fcategories&post=44782"},{"taxonomy":"post_tag","embeddable":true,"href":"https:\/\/calatorinromania.com\/index.php?rest_route=%2Fwp%2Fv2%2Ftags&post=44782"}],"curies":[{"name":"wp","href":"https:\/\/api.w.org\/{rel}","templated":true}]}}