{"id":44777,"date":"2026-01-13T08:40:13","date_gmt":"2026-01-13T08:40:13","guid":{"rendered":"https:\/\/calatorinromania.com\/?p=44777"},"modified":"2026-01-13T08:40:13","modified_gmt":"2026-01-13T08:40:13","slug":"medicii-spun-ca-mancatul-oualor-dimineata-iti-poate-transforma-discret-energia-si-sanatatea","status":"publish","type":"post","link":"https:\/\/calatorinromania.com\/?p=44777","title":{"rendered":"Medicii spun c\u0103 m\u00e2ncatul ou\u0103lor diminea\u021ba \u00ee\u021bi poate transforma discret energia \u0219i s\u0103n\u0103tatea"},"content":{"rendered":"\n<p><\/p>\n\n\n\n<p>Diminea\u021ba are un talent aparte: \u00ee\u021bi poate \u201escrie\u201d ziua \u00eenainte s\u0103 apuci s\u0103 verifici telefonul. Pentru mul\u021bi oameni \u2013 mai ales pe m\u0103sur\u0103 ce \u00eenainteaz\u0103 \u00een v\u00e2rst\u0103 \u2013 primele ore decid dac\u0103 urmeaz\u0103 un maraton cu mintea limpede sau o curs\u0103 cu pauze dese, cu oboseal\u0103, iritare \u0219i poft\u0103 de ceva dulce.<\/p>\n\n\n\n<p><\/p>\n\n\n\n<p>De aceea, tot mai mul\u021bi profesioni\u0219ti din s\u0103n\u0103tate privesc micul dejun ca pe o fereastr\u0103 critic\u0103: un interval scurt \u00een care corpul poate fi \u201ea\u0219ezat\u201d pe un ritm stabil, f\u0103r\u0103 v\u00e2rfuri \u0219i pr\u0103bu\u0219iri care se simt din plin spre finalul dimine\u021bii.<\/p>\n\n\n\n<p><\/p>\n\n\n\n<p>\u0218i totu\u0219i, \u00een discu\u021biile despre acest \u00eenceput de zi revine constant acela\u0219i detaliu: un aliment banal, aparent prea simplu ca s\u0103 conteze. Iar numele lui, rostit tot mai des, r\u0103m\u00e2ne \u00een aer: ou\u0103le.<\/p>\n\n\n\n<p><\/p>\n\n\n\n<p>Diminea\u021ba care \u00ee\u021bi decide ziua<br>Cei mai mul\u021bi recunosc scenariul: un mic dejun bazat pe produse rafinate sau foarte dulci poate da un start rapid, dar scurt. Corpul prime\u0219te un \u201eimpuls\u201d, apoi vine c\u0103derea \u2013 uneori cu cea\u021b\u0103 mental\u0103, alteori cu foame la doar c\u00e2teva ore dup\u0103 ce ai m\u00e2ncat.<\/p>\n\n\n\n<p><\/p>\n\n\n\n<p><br>\u00cen schimb, speciali\u0219tii insist\u0103 pe o idee simpl\u0103, dar greu de ignorat: \u00eenceputul zilei are nevoie de suficient\u0103 protein\u0103. Nu ca trend, ci ca mecanism practic prin care energia se distribuie mai uniform, iar senza\u021bia de sa\u021bietate se p\u0103streaz\u0103.<\/p>\n\n\n\n<p><\/p>\n\n\n\n<p>Asta schimb\u0103 subtil felul \u00een care func\u021bioneaz\u0103 restul dimine\u021bii. C\u00e2nd te sim\u021bi s\u0103tul mai mult timp, tenta\u021bia gust\u0103rilor ultraprocesate scade. C\u00e2nd nu alergi dup\u0103 \u201e\u00eenc\u0103 ceva\u201d \u00eentre \u0219edin\u021be, corpul nu intr\u0103 \u00een ciclul acela obositor de poft\u0103\u2013gustare\u2013poft\u0103. \u00cen timp, consecin\u021ba poate fi o reglare mai bun\u0103 a apetitului \u0219i o energie mai constant\u0103.<\/p>\n\n\n\n<p><\/p>\n\n\n\n<p>De ce revine mereu acela\u0219i aliment \u00een discu\u021bie<br>Un alt punct pe care medicii \u00eel aduc \u00een prim-plan, mai ales la adul\u021bi, este p\u0103strarea for\u021bei musculare. Nu e o discu\u021bie despre sal\u0103, ci despre echilibru, mi\u0219care \u0219i independen\u021ba de zi cu zi. Aici, aportul de aminoacizi esen\u021biali devine un detaliu care conteaz\u0103 mai mult dec\u00e2t pare.<\/p>\n\n\n\n<p><\/p>\n\n\n\n<p>\u00cen acela\u0219i timp, exist\u0103 nutrien\u021bi pe care mul\u021bi adul\u021bi nu \u00eei ating constant \u00een alimenta\u021bia lor. Se vorbe\u0219te frecvent despre vitamina B12, vitamina D \u0219i colina \u2013 elemente asociate cu func\u021bionarea creierului, s\u0103n\u0103tatea nervilor \u0219i metabolismul. C\u00e2nd un obicei alimentar aduce aceste lucruri f\u0103r\u0103 calcule complicate, el devine mai u\u0219or de \u021binut pe termen lung.<\/p>\n\n\n\n<p><\/p>\n\n\n\n<p>\u0218i mai e ceva: obiceiurile care chiar r\u0103m\u00e2n nu sunt, de regul\u0103, cele dramatice. Sunt cele repetabile. Un aliment accesibil, u\u0219or de g\u0103sit \u0219i u\u0219or de g\u0103tit, are \u0219anse mai mari s\u0103 devin\u0103 rutin\u0103 dec\u00e2t orice regul\u0103 rigid\u0103. De aceea, discu\u021bia despre micul dejun se \u00eentoarce, mereu, la op\u021biuni simple \u2013 iar ou\u0103le apar \u00een fundal, ca un nume care nu pleac\u0103.<\/p>\n\n\n\n<p><\/p>\n\n\n\n<p>Medicii spun c\u0103, tocmai prin combina\u021bia de protein\u0103 de calitate \u0219i gr\u0103simi naturale, consumul de ou\u0103 diminea\u021ba poate ajuta la men\u021binerea mai stabil\u0103 a glicemiei, la reducerea fluctua\u021biilor care duc la oboseal\u0103 \u0219i foame rapid\u0103, \u0219i la sus\u021binerea energiei, a for\u021bei \u0219i a clarit\u0103\u021bii mentale pe parcursul zilei.<\/p>\n","protected":false},"excerpt":{"rendered":"<p>Diminea\u021ba are un talent aparte: \u00ee\u021bi poate \u201escrie\u201d ziua \u00eenainte s\u0103 apuci s\u0103 verifici telefonul. Pentru mul\u021bi oameni \u2013 mai ales pe m\u0103sur\u0103 ce \u00eenainteaz\u0103<\/p>\n","protected":false},"author":1,"featured_media":44778,"comment_status":"closed","ping_status":"closed","sticky":false,"template":"","format":"standard","meta":[],"categories":[1],"tags":[],"_links":{"self":[{"href":"https:\/\/calatorinromania.com\/index.php?rest_route=\/wp\/v2\/posts\/44777"}],"collection":[{"href":"https:\/\/calatorinromania.com\/index.php?rest_route=\/wp\/v2\/posts"}],"about":[{"href":"https:\/\/calatorinromania.com\/index.php?rest_route=\/wp\/v2\/types\/post"}],"author":[{"embeddable":true,"href":"https:\/\/calatorinromania.com\/index.php?rest_route=\/wp\/v2\/users\/1"}],"replies":[{"embeddable":true,"href":"https:\/\/calatorinromania.com\/index.php?rest_route=%2Fwp%2Fv2%2Fcomments&post=44777"}],"version-history":[{"count":1,"href":"https:\/\/calatorinromania.com\/index.php?rest_route=\/wp\/v2\/posts\/44777\/revisions"}],"predecessor-version":[{"id":44779,"href":"https:\/\/calatorinromania.com\/index.php?rest_route=\/wp\/v2\/posts\/44777\/revisions\/44779"}],"wp:featuredmedia":[{"embeddable":true,"href":"https:\/\/calatorinromania.com\/index.php?rest_route=\/wp\/v2\/media\/44778"}],"wp:attachment":[{"href":"https:\/\/calatorinromania.com\/index.php?rest_route=%2Fwp%2Fv2%2Fmedia&parent=44777"}],"wp:term":[{"taxonomy":"category","embeddable":true,"href":"https:\/\/calatorinromania.com\/index.php?rest_route=%2Fwp%2Fv2%2Fcategories&post=44777"},{"taxonomy":"post_tag","embeddable":true,"href":"https:\/\/calatorinromania.com\/index.php?rest_route=%2Fwp%2Fv2%2Ftags&post=44777"}],"curies":[{"name":"wp","href":"https:\/\/api.w.org\/{rel}","templated":true}]}}