{"id":44766,"date":"2026-01-13T08:24:46","date_gmt":"2026-01-13T08:24:46","guid":{"rendered":"https:\/\/calatorinromania.com\/?p=44766"},"modified":"2026-01-13T08:24:46","modified_gmt":"2026-01-13T08:24:46","slug":"fiul-meu-a-disparut-intr-un-mall-iar-imaginile-de-pe-camerele-de-supraveghere-descoperite-ani-mai-tarziu-au-dezvaluit-adevarul","status":"publish","type":"post","link":"https:\/\/calatorinromania.com\/?p=44766","title":{"rendered":"Fiul meu a disp\u0103rut \u00eentr-un mall \u2014 iar imaginile de pe camerele de supraveghere, descoperite ani mai t\u00e2rziu, au dezv\u0103luit adev\u0103rul"},"content":{"rendered":"\n<p><\/p>\n\n\n\n<p><\/p>\n\n\n\n<p>C\u00e2nd fiul de patru ani al lui Ethan a disp\u0103rut \u00eentr-un mall aglomerat, cazul a fost clasat din lips\u0103 de dovezi, iar via\u021ba lui s-a pr\u0103bu\u0219it sub greutatea pierderii. Doi ani mai t\u00e2rziu, un apel de la un manager de securitate a redeschis trecutul cu ajutorul unor \u00eenregistr\u0103ri uitate. Ce au dezv\u0103luit, \u00een sf\u00e2r\u0219it, camerele?<\/p>\n\n\n\n<p><\/p>\n\n\n\n<p>Sunt un tat\u0103 singur. Acum doi ani, mi-am pierdut fiul la mall. Chiar \u0219i acum, s\u0103 scriu aceast\u0103 propozi\u021bie mi se pare ireal. \u00centr-o secund\u0103, Leo m\u0103 \u021binea de m\u00e2n\u0103; \u00een urm\u0103toarea, disp\u0103ruse. Pur \u0219i simplu disp\u0103ruse.<\/p>\n\n\n\n<p><\/p>\n\n\n\n<p>Leo avea patru ani, p\u0103r \u0219aten carionl\u00e2nt \u0219i purta hanoracul lui ro\u0219u preferat \u0219i adida\u0219i alba\u0219tri cu dinozauri care luminau c\u00e2nd alerga. Ne plimbam pe l\u00e2ng\u0103 chio\u0219curile cu juc\u0103rii c\u00e2nd mi-a vibrat telefonul \u00een buzunar. Doar o privire rapid\u0103, mi-am spus. C\u00e2nd am l\u0103sat privirea \u00een jos, m\u00e2na lui nu mai era acolo.<\/p>\n\n\n\n<p><\/p>\n\n\n\n<p>Mall-ul a intrat \u00een carantin\u0103 \u00een c\u00e2teva minute. Poli\u021bia a \u00eemp\u00e2nzit cl\u0103direa. Nu l-au g\u0103sit niciodat\u0103. Zilele care au urmat au fost o agonie pur\u0103. C\u0103snicia mea nu a supravie\u021buit durerii; fosta so\u021bie m-a \u00eenvinov\u0103\u021bit c\u0103 m-am uitat la telefon, iar eu n-am putut s\u0103 o contrazic.<\/p>\n\n\n\n<p><\/p>\n\n\n\n<p>Timp de doi ani, \u00een fiecare s\u0103pt\u0103m\u00e2n\u0103, m-am \u00eentors la acel mall. St\u0103team pe aceea\u0219i banc\u0103 de l\u00e2ng\u0103 chio\u0219cul de juc\u0103rii, locul unde l-am avut ultima dat\u0103 l\u00e2ng\u0103 mine. Sora mea, Rachel, m\u0103 vizita ocazional, st\u00e2nd l\u00e2ng\u0103 mine \u00een t\u0103cere. Ea fusese m\u0103tu\u0219a preferat\u0103 a lui Leo \u0219i pl\u00e2nsese al\u0103turi de mine, promi\u021b\u00e2nd c\u0103-l vom c\u0103uta mereu.<\/p>\n\n\n\n<p><\/p>\n\n\n\n<p>\u00centr-o dup\u0103-amiaz\u0103, m-a sunat un num\u0103r necunoscut. Era Kevin, noul manager de securitate de la mall. Mi-a spus c\u0103, \u00een timpul unei actualiz\u0103ri de sistem, au recuperat \u00eenregistr\u0103ri arhivate din ziua dispari\u021biei, care nu fuseser\u0103 verificate corect la momentul respectiv.<\/p>\n\n\n\n<p><\/p>\n\n\n\n<p>M-am dus \u00eentr-un suflet la biroul de securitate. Kevin a pornit filmarea. M-am v\u0103zut pe ecran, distras, \u0219i pe Leo st\u00e2nd lini\u0219tit. Apoi, o femeie s-a apropiat de el. I-a z\u00e2mbit cald, iar Leo s-a relaxat imediat. C\u00e2nd femeia s-a \u00eentors spre camer\u0103, inima mi s-a oprit.<\/p>\n\n\n\n<p><\/p>\n\n\n\n<p>Era Rachel. Sora mea.<\/p>\n\n\n\n<p><\/p>\n\n\n\n<p>Am privit-o cum \u00eel ia de m\u00e2n\u0103 \u0219i \u00eel scoate din mall pe l\u00e2ng\u0103 paznicii care nu au b\u0103nuit nimic. Kevin a derulat apoi la film\u0103rile din parcare. Rachel s-a \u00eent\u00e2lnit cu Mark, un prieten de familie care m\u0103 ajutase cu c\u0103ut\u0103rile \u00een primele s\u0103pt\u0103m\u00e2ni. L-au pus pe Leo \u00eentr-un scaun auto \u0219i au plecat.<\/p>\n\n\n\n<p><\/p>\n\n\n\n<p>Poli\u021bia a redeschis cazul cu o furie incredibil\u0103. Rachel \u0219i Mark au fost aresta\u021bi rapid. Rachel a morm\u0103it ceva despre faptul c\u0103 Leo merit\u0103 o via\u021b\u0103 mai stabil\u0103 dec\u00e2t \u00eei puteam oferi eu. Dup\u0103 trei zile, l-au g\u0103sit pe Leo \u00eentr-un or\u0103\u0219el din Pennsylvania; tr\u0103ia sub numele de \u201eEli\u201d \u0219i \u00eei cre\u0219tea pe post de p\u0103rin\u021bi.<\/p>\n\n\n\n<p>C\u00e2nd l-am rev\u0103zut, avea \u0219ase ani. Era tot mic, tot al meu, dar nu m\u0103 mai recuno\u0219tea complet. C\u00e2nd m-a numit \u201eEthan\u201d \u00een loc de \u201eTati\u201d, ceva \u00een mine s-a fr\u00e2nt. \u00cen acea noapte a venit acas\u0103 cu mine. A pl\u00e2ns dup\u0103 Rachel, dup\u0103 femeia pe care o credea mama lui, iar eu l-am leg\u0103nat p\u00e2n\u0103 a adormit.<\/p>\n\n\n\n<p>Vindecarea a fost lent\u0103. Dar dup\u0103 \u0219ase luni, s-a urcat \u00een bra\u021bele mele \u0219i mi-a spus din nou \u201eTati\u201d. Rachel \u0219i Mark au fost condamna\u021bi la c\u00e2te 15 ani de \u00eenchisoare.<\/p>\n\n\n\n<p>Am pierdut ani pre\u021bio\u0219i \u2014 a cincea aniversare, prima zi de gr\u0103dini\u021b\u0103, primul dinte c\u0103zut. Dar am restul vie\u021bii lui. Acum, c\u00e2nd mergem la mall, Leo m\u0103 \u021bine str\u00e2ns de m\u00e2n\u0103 \u0219i nu-mi mai d\u0103 drumul niciodat\u0103.<\/p>\n\n\n\n<p>Dac\u0103 oamenii \u00een care ai avut cea mai mare \u00eencredere te pot tr\u0103da \u00een cel mai crunt mod posibil, cum mai \u00eenve\u021bi s\u0103 ai \u00eencredere din nou \u2014 \u0219i cum \u00ee\u021bi \u00eenve\u021bi copilul s\u0103 fac\u0103 la fel?<\/p>\n","protected":false},"excerpt":{"rendered":"<p>C\u00e2nd fiul de patru ani al lui Ethan a disp\u0103rut \u00eentr-un mall aglomerat, cazul a fost clasat din lips\u0103 de dovezi, iar via\u021ba lui s-a<\/p>\n","protected":false},"author":1,"featured_media":44268,"comment_status":"closed","ping_status":"closed","sticky":false,"template":"","format":"standard","meta":[],"categories":[1],"tags":[],"_links":{"self":[{"href":"https:\/\/calatorinromania.com\/index.php?rest_route=\/wp\/v2\/posts\/44766"}],"collection":[{"href":"https:\/\/calatorinromania.com\/index.php?rest_route=\/wp\/v2\/posts"}],"about":[{"href":"https:\/\/calatorinromania.com\/index.php?rest_route=\/wp\/v2\/types\/post"}],"author":[{"embeddable":true,"href":"https:\/\/calatorinromania.com\/index.php?rest_route=\/wp\/v2\/users\/1"}],"replies":[{"embeddable":true,"href":"https:\/\/calatorinromania.com\/index.php?rest_route=%2Fwp%2Fv2%2Fcomments&post=44766"}],"version-history":[{"count":1,"href":"https:\/\/calatorinromania.com\/index.php?rest_route=\/wp\/v2\/posts\/44766\/revisions"}],"predecessor-version":[{"id":44767,"href":"https:\/\/calatorinromania.com\/index.php?rest_route=\/wp\/v2\/posts\/44766\/revisions\/44767"}],"wp:featuredmedia":[{"embeddable":true,"href":"https:\/\/calatorinromania.com\/index.php?rest_route=\/wp\/v2\/media\/44268"}],"wp:attachment":[{"href":"https:\/\/calatorinromania.com\/index.php?rest_route=%2Fwp%2Fv2%2Fmedia&parent=44766"}],"wp:term":[{"taxonomy":"category","embeddable":true,"href":"https:\/\/calatorinromania.com\/index.php?rest_route=%2Fwp%2Fv2%2Fcategories&post=44766"},{"taxonomy":"post_tag","embeddable":true,"href":"https:\/\/calatorinromania.com\/index.php?rest_route=%2Fwp%2Fv2%2Ftags&post=44766"}],"curies":[{"name":"wp","href":"https:\/\/api.w.org\/{rel}","templated":true}]}}