{"id":44761,"date":"2026-01-12T11:14:44","date_gmt":"2026-01-12T11:14:44","guid":{"rendered":"https:\/\/calatorinromania.com\/?p=44761"},"modified":"2026-01-12T11:14:44","modified_gmt":"2026-01-12T11:14:44","slug":"pe-un-drum-national-soferii-au-fost-martorii-unui-adevarat-miracol-de-craciun","status":"publish","type":"post","link":"https:\/\/calatorinromania.com\/?p=44761","title":{"rendered":"Pe un drum na\u021bional, \u0219oferii au fost martorii unui adev\u0103rat miracol de Cr\u0103ciun"},"content":{"rendered":"\n<p>C\u00e2nd ultimii cerbi au disp\u0103rut \u00een zare, lini\u0219tea s-a a\u0219ternut brusc peste drum. O lini\u0219te grea, ap\u0103s\u0103toare, care nu mai sem\u0103na deloc cu atmosfera de s\u0103rb\u0103toare de mai devreme. Oamenii \u00eenc\u0103 st\u0103teau pe marginea \u0219oselei, cu telefoanele \u00een m\u00e2n\u0103, dar z\u00e2mbetele le disp\u0103ruser\u0103.<\/p>\n\n\n\n<p><\/p>\n\n\n\n<p>Primul care a observat ceva neregul\u0103 a fost Ion, un \u0219ofer de TIR din Bac\u0103u. Se uita fix spre p\u0103dure, cu fruntea \u00eencruntat\u0103. A spus \u00eencet, aproape \u0219optit:<\/p>\n\n\n\n<p><\/p>\n\n\n\n<p>\u2014 Nu-i de bine\u2026 animalele nu fug a\u0219a f\u0103r\u0103 motiv.<\/p>\n\n\n\n<p><\/p>\n\n\n\n<p>La c\u00e2teva minute dup\u0103 aceea, dinspre p\u0103dure a \u00eenceput s\u0103 se simt\u0103 miros de fum. La \u00eenceput slab, abia perceptibil. Apoi tot mai puternic. Un b\u0103rbat a strigat:<\/p>\n\n\n\n<p><\/p>\n\n\n\n<p>\u2014 Arde p\u0103durea!<\/p>\n\n\n\n<p><\/p>\n\n\n\n<p>Panica s-a strecurat printre oameni ca un fior rece. Cineva a sunat la 112. Altcineva a pornit ma\u0219ina, \u00eencerc\u00e2nd s\u0103 dea \u00eenapoi. Dar traficul era prea blocat.<\/p>\n\n\n\n<p><\/p>\n\n\n\n<p>Cur\u00e2nd, fl\u0103c\u0103rile au devenit vizibile printre copaci. Un incendiu de propor\u021bii, izbucnit ad\u00e2nc \u00een p\u0103dure, se apropia rapid de \u0219osea, m\u00e2nat de v\u00e2ntul puternic. Cerbii nu fugiser\u0103 \u00eent\u00e2mpl\u0103tor. Fugiser\u0103 ca s\u0103 tr\u0103iasc\u0103.<\/p>\n\n\n\n<p>Sirenele pompierilor au \u00eenceput s\u0103 se aud\u0103 din dep\u0103rtare. Oamenii s-au mobilizat instinctiv. F\u0103r\u0103 ordine, f\u0103r\u0103 planuri, dar cu o solidaritate care se na\u0219te doar \u00een momentele limit\u0103.<\/p>\n\n\n\n<p>Mihai, un t\u00e2n\u0103r din Bra\u0219ov, a \u00eenceput s\u0103 dirijeze ma\u0219inile. O femeie mai \u00een v\u00e2rst\u0103, Maria, \u0219i-a deschis portbagajul \u0219i a \u00eemp\u0103r\u021bit sticle cu ap\u0103. Cineva a adus p\u0103turi. Altul a oferit ceai cald dintr-un termos.<\/p>\n\n\n\n<p>Un cuplu cu doi copii mici pl\u00e2ngea, speriat. Un b\u0103rbat le-a dat ad\u0103post \u00een ma\u0219ina lui, spun\u00e2nd simplu:<\/p>\n\n\n\n<p>\u2014 Sta\u021bi aici, e mai sigur.<\/p>\n\n\n\n<p>Pompierii au ajuns \u00een cele din urm\u0103 \u0219i au reu\u0219it s\u0103 opreasc\u0103 focul \u00eenainte s\u0103 ajung\u0103 la drum. Ore \u00eentregi au luptat cu fl\u0103c\u0103rile, iar oamenii au a\u0219teptat, \u00eenghe\u021ba\u021bi, obosi\u021bi, dar uni\u021bi.<\/p>\n\n\n\n<p>C\u00e2nd pericolul a trecut, nimeni nu s-a gr\u0103bit s\u0103 plece. Parc\u0103 to\u021bi sim\u021beau c\u0103 au tr\u0103it ceva care \u00eei lega.<\/p>\n\n\n\n<p>Un pompier le-a spus c\u0103 incendiul fusese provocat de neglijen\u021ba cuiva, o foc\u0103 l\u0103sat\u0103 nesupravegheat\u0103. O simpl\u0103 gre\u0219eal\u0103 care aproape a costat vie\u021bi \u2014 de oameni \u0219i de animale.<\/p>\n\n\n\n<p>\u00cen acea sear\u0103, mul\u021bi au ajuns acas\u0103 t\u00e2rziu. Cadourile erau tot acolo, masa de Cr\u0103ciun a fost mai simpl\u0103, poate doar o ciorb\u0103 cald\u0103 \u0219i p\u00e2ine. Dar nimeni nu s-a pl\u00e2ns.<\/p>\n\n\n\n<p>Pentru c\u0103 fiecare \u0219tia c\u0103 a primit ceva mai valoros dec\u00e2t orice cadou cump\u0103rat cu lei: o lec\u021bie.<\/p>\n\n\n\n<p>O lec\u021bie despre natur\u0103, despre responsabilitate \u0219i despre oameni. Despre cum, \u00eentr-o zi obi\u0219nuit\u0103 de iarn\u0103, pe un drum din Rom\u00e2nia, ni\u0219te cerbi au salvat vie\u021bi, iar ni\u0219te str\u0103ini au devenit, pentru c\u00e2teva ore, o adev\u0103rat\u0103 familie.<\/p>\n\n\n\n<p>\u0218i poate acesta a fost, de fapt, adev\u0103ratul miracol de Cr\u0103ciun.<\/p>\n\n\n\n<p><em>Aceast\u0103 lucrare este inspirat\u0103 din evenimente \u0219i persoane reale, \u00eens\u0103 a fost fic\u021bionalizat\u0103 \u00een scopuri creative. Numele, personajele \u0219i detaliile au fost schimbate pentru a proteja intimitatea \u0219i pentru a \u00eembun\u0103t\u0103\u021bi nara\u021biunea. Orice asem\u0103nare cu persoane reale, \u00een via\u021b\u0103 sau decedate, sau cu evenimente reale este pur \u00eent\u00e2mpl\u0103toare \u0219i nu este inten\u021bionat\u0103 de c\u0103tre autor.<\/em><\/p>\n\n\n\n<p><em>Autorul \u0219i editorul nu \u00ee\u0219i asum\u0103 responsabilitatea pentru exactitatea evenimentelor sau pentru modul \u00een care sunt portretizate personajele \u0219i nu sunt r\u0103spunz\u0103tori pentru eventuale interpret\u0103ri gre\u0219ite. Aceast\u0103 poveste este oferit\u0103 \u201eca atare\u201d, iar orice opinii exprimate apar\u021bin personajelor \u0219i nu reflect\u0103 punctele de vedere ale autorului sau ale editorului.<\/em><\/p>\n","protected":false},"excerpt":{"rendered":"<p>C\u00e2nd ultimii cerbi au disp\u0103rut \u00een zare, lini\u0219tea s-a a\u0219ternut brusc peste drum. O lini\u0219te grea, ap\u0103s\u0103toare, care nu mai sem\u0103na deloc cu atmosfera de<\/p>\n","protected":false},"author":1,"featured_media":44268,"comment_status":"closed","ping_status":"closed","sticky":false,"template":"","format":"standard","meta":[],"categories":[1],"tags":[],"_links":{"self":[{"href":"https:\/\/calatorinromania.com\/index.php?rest_route=\/wp\/v2\/posts\/44761"}],"collection":[{"href":"https:\/\/calatorinromania.com\/index.php?rest_route=\/wp\/v2\/posts"}],"about":[{"href":"https:\/\/calatorinromania.com\/index.php?rest_route=\/wp\/v2\/types\/post"}],"author":[{"embeddable":true,"href":"https:\/\/calatorinromania.com\/index.php?rest_route=\/wp\/v2\/users\/1"}],"replies":[{"embeddable":true,"href":"https:\/\/calatorinromania.com\/index.php?rest_route=%2Fwp%2Fv2%2Fcomments&post=44761"}],"version-history":[{"count":1,"href":"https:\/\/calatorinromania.com\/index.php?rest_route=\/wp\/v2\/posts\/44761\/revisions"}],"predecessor-version":[{"id":44762,"href":"https:\/\/calatorinromania.com\/index.php?rest_route=\/wp\/v2\/posts\/44761\/revisions\/44762"}],"wp:featuredmedia":[{"embeddable":true,"href":"https:\/\/calatorinromania.com\/index.php?rest_route=\/wp\/v2\/media\/44268"}],"wp:attachment":[{"href":"https:\/\/calatorinromania.com\/index.php?rest_route=%2Fwp%2Fv2%2Fmedia&parent=44761"}],"wp:term":[{"taxonomy":"category","embeddable":true,"href":"https:\/\/calatorinromania.com\/index.php?rest_route=%2Fwp%2Fv2%2Fcategories&post=44761"},{"taxonomy":"post_tag","embeddable":true,"href":"https:\/\/calatorinromania.com\/index.php?rest_route=%2Fwp%2Fv2%2Ftags&post=44761"}],"curies":[{"name":"wp","href":"https:\/\/api.w.org\/{rel}","templated":true}]}}