{"id":44754,"date":"2026-01-12T10:50:10","date_gmt":"2026-01-12T10:50:10","guid":{"rendered":"https:\/\/calatorinromania.com\/?p=44754"},"modified":"2026-01-12T10:50:10","modified_gmt":"2026-01-12T10:50:10","slug":"milionarul-se-intoarce-mai-devreme-acasa-la-conacul-de-la-tara","status":"publish","type":"post","link":"https:\/\/calatorinromania.com\/?p=44754","title":{"rendered":"MILIONARUL SE \u00ceNTOARCE MAI DEVREME ACAS\u0102, LA CONACUL DE LA \u021aAR\u0102"},"content":{"rendered":"\n<p>Ana iubise r\u00e2setele copiilor. Spunea mereu c\u0103 o cas\u0103 mare, f\u0103r\u0103 glasuri de copii, e doar o cl\u0103dire scump\u0103 \u0219i goal\u0103. Dup\u0103 moartea ei, Mihai investise \u00een renov\u0103ri, \u00een mobil\u0103 nou\u0103, \u00een sisteme de securitate. Dar nu reu\u0219ise s\u0103 aduc\u0103 via\u021b\u0103 \u00eenapoi.<\/p>\n\n\n\n<p><\/p>\n\n\n\n<p>P\u00e2n\u0103 acum.<\/p>\n\n\n\n<p><\/p>\n\n\n\n<p>A f\u0103cut c\u00e2\u021biva pa\u0219i \u00eenainte, iar pietri\u0219ul a trosnit u\u0219or sub pantofii lui. Maria s-a \u00eentors speriat\u0103. C\u00e2nd l-a v\u0103zut, s-a ridicat brusc, \u00eencerc\u00e2nd s\u0103-\u0219i cure\u021be uniforma murdar\u0103.<\/p>\n\n\n\n<p><\/p>\n\n\n\n<p>\u2014 Domnule Popescu\u2026 n-am \u0219tiut c\u0103 a\u021bi venit.<\/p>\n\n\n\n<p><\/p>\n\n\n\n<p>Copiii s-au lipit de picioarele ei.<\/p>\n\n\n\n<p><\/p>\n\n\n\n<p>\u2014 Tati! au strigat am\u00e2ndoi deodat\u0103.<\/p>\n\n\n\n<p><\/p>\n\n\n\n<p>Vocea lor era luminoas\u0103. Nu o mai auzise a\u0219a de mult timp.<\/p>\n\n\n\n<p><\/p>\n\n\n\n<p>\u2014 Ce face\u021bi aici? a \u00eentrebat Mihai calm, de\u0219i inima \u00eei b\u0103tea nebune\u0219te.<\/p>\n\n\n\n<p><\/p>\n\n\n\n<p>\u2014 Ne juc\u0103m, a spus Andrei simplu. Maria ne-a f\u0103cut uria\u0219i.<\/p>\n\n\n\n<p><\/p>\n\n\n\n<p>Mihai s-a uitat la Maria. Ochii ei erau obosi\u021bi, dar sinceri.<\/p>\n\n\n\n<p>\u2014 Ioana spune c\u0103 le e fric\u0103 de tine, a spus el direct.<\/p>\n\n\n\n<p>Maria a \u00eenghi\u021bit \u00een sec.<\/p>\n\n\n\n<p>\u2014 Nu e adev\u0103rat, a \u0219optit. Pl\u00e2ng uneori\u2026 ca to\u021bi copiii. Dar nu de mine. De dor. De mama lor.<\/p>\n\n\n\n<p>Cuvintele au c\u0103zut greu.<\/p>\n\n\n\n<p>Mihai s-a l\u0103sat pe o banc\u0103 de piatr\u0103. Pentru prima dat\u0103, cineva spunea adev\u0103rul f\u0103r\u0103 ocoli\u0219uri.<\/p>\n\n\n\n<p>\u2014 \u0218tii c\u00e2t c\u00e2\u0219tig aici? a \u00eentrebat el brusc.<\/p>\n\n\n\n<p>\u2014 2.800 de lei, a r\u0103spuns ea f\u0103r\u0103 s\u0103 clipeasc\u0103.<\/p>\n\n\n\n<p>\u2014 Ai putea c\u00e2\u0219tiga mai mult \u00een ora\u0219.<\/p>\n\n\n\n<p>Maria a z\u00e2mbit slab.<\/p>\n\n\n\n<p>\u2014 Da. Dar aici conteaz\u0103 altceva.<\/p>\n\n\n\n<p>Copiii s-au suit pe genunchii lui Mihai. Nu mai f\u0103cuser\u0103 asta de luni \u00eentregi.<\/p>\n\n\n\n<p>\u2014 Tati, Maria ne cite\u0219te seara, a spus Matei. \u0218i nu stinge lumina p\u00e2n\u0103 adormim.<\/p>\n\n\n\n<p>Un nod i-a str\u00e2ns pieptul.<\/p>\n\n\n\n<p>\u00cen seara aceea, Mihai nu s-a dus la cin\u0103 cu Ioana. A r\u0103mas acas\u0103. A m\u00e2ncat cu copiii la masa mare din buc\u0103t\u0103rie. Sup\u0103 simpl\u0103, p\u00e2ine cald\u0103. Maria a stat la cap\u0103tul mesei, nesigur\u0103.<\/p>\n\n\n\n<p>\u2014 Stai cu noi, i-a spus Mihai.<\/p>\n\n\n\n<p>Dup\u0103 ce copiii au adormit, Mihai a ie\u0219it pe teras\u0103. Aerul mirosea a iarb\u0103 ud\u0103.<\/p>\n\n\n\n<p>Ioana a sunat.<\/p>\n\n\n\n<p>\u2014 Ai concediat-o? a \u00eentrebat imediat.<\/p>\n\n\n\n<p>\u2014 Nu, a r\u0103spuns el.<\/p>\n\n\n\n<p>\u2014 Atunci eu nu mai pot veni acolo.<\/p>\n\n\n\n<p>Mihai a \u00eenchis ochii. Pentru prima dat\u0103, nu a sim\u021bit panic\u0103.<\/p>\n\n\n\n<p>\u2014 Cred c\u0103 e mai bine a\u0219a, a spus calm.<\/p>\n\n\n\n<p>A doua zi, a reziliat logodna. F\u0103r\u0103 scandal. F\u0103r\u0103 explica\u021bii lungi.<\/p>\n\n\n\n<p>\u00cen lunile care au urmat, casa s-a umplut de via\u021b\u0103. Nu luxul a schimbat totul, ci prezen\u021ba unei femei simple, care \u0219tia s\u0103 asculte.<\/p>\n\n\n\n<p>\u00centr-o diminea\u021b\u0103, Mihai a prins-o pe Maria r\u00e2z\u00e2nd cu copiii, iar pentru prima dat\u0103 dup\u0103 mult timp, a sim\u021bit pace.<\/p>\n\n\n\n<p>Nu era o poveste despre bani.<\/p>\n\n\n\n<p>Era o poveste despre adev\u0103r.<\/p>\n\n\n\n<p>\u0218i despre cum uneori, acas\u0103 nu e un loc.<\/p>\n\n\n\n<p>E un om.<\/p>\n\n\n\n<p><em>Aceast\u0103 lucrare este inspirat\u0103 din evenimente \u0219i persoane reale, \u00eens\u0103 a fost fic\u021bionalizat\u0103 \u00een scopuri creative. Numele, personajele \u0219i detaliile au fost schimbate pentru a proteja intimitatea \u0219i pentru a \u00eembun\u0103t\u0103\u021bi nara\u021biunea. Orice asem\u0103nare cu persoane reale, \u00een via\u021b\u0103 sau decedate, sau cu evenimente reale este pur \u00eent\u00e2mpl\u0103toare \u0219i nu este inten\u021bionat\u0103 de c\u0103tre autor.<\/em><\/p>\n\n\n\n<p><em>Autorul \u0219i editorul nu \u00ee\u0219i asum\u0103 responsabilitatea pentru exactitatea evenimentelor sau pentru modul \u00een care sunt portretizate personajele \u0219i nu sunt r\u0103spunz\u0103tori pentru eventuale interpret\u0103ri gre\u0219ite. Aceast\u0103 poveste este oferit\u0103 \u201eca atare\u201d, iar orice opinii exprimate apar\u021bin personajelor \u0219i nu reflect\u0103 punctele de vedere ale autorului sau ale editorului.<\/em><\/p>\n","protected":false},"excerpt":{"rendered":"<p>Ana iubise r\u00e2setele copiilor. Spunea mereu c\u0103 o cas\u0103 mare, f\u0103r\u0103 glasuri de copii, e doar o cl\u0103dire scump\u0103 \u0219i goal\u0103. Dup\u0103 moartea ei, Mihai<\/p>\n","protected":false},"author":1,"featured_media":44268,"comment_status":"closed","ping_status":"closed","sticky":false,"template":"","format":"standard","meta":[],"categories":[1],"tags":[],"_links":{"self":[{"href":"https:\/\/calatorinromania.com\/index.php?rest_route=\/wp\/v2\/posts\/44754"}],"collection":[{"href":"https:\/\/calatorinromania.com\/index.php?rest_route=\/wp\/v2\/posts"}],"about":[{"href":"https:\/\/calatorinromania.com\/index.php?rest_route=\/wp\/v2\/types\/post"}],"author":[{"embeddable":true,"href":"https:\/\/calatorinromania.com\/index.php?rest_route=\/wp\/v2\/users\/1"}],"replies":[{"embeddable":true,"href":"https:\/\/calatorinromania.com\/index.php?rest_route=%2Fwp%2Fv2%2Fcomments&post=44754"}],"version-history":[{"count":1,"href":"https:\/\/calatorinromania.com\/index.php?rest_route=\/wp\/v2\/posts\/44754\/revisions"}],"predecessor-version":[{"id":44755,"href":"https:\/\/calatorinromania.com\/index.php?rest_route=\/wp\/v2\/posts\/44754\/revisions\/44755"}],"wp:featuredmedia":[{"embeddable":true,"href":"https:\/\/calatorinromania.com\/index.php?rest_route=\/wp\/v2\/media\/44268"}],"wp:attachment":[{"href":"https:\/\/calatorinromania.com\/index.php?rest_route=%2Fwp%2Fv2%2Fmedia&parent=44754"}],"wp:term":[{"taxonomy":"category","embeddable":true,"href":"https:\/\/calatorinromania.com\/index.php?rest_route=%2Fwp%2Fv2%2Fcategories&post=44754"},{"taxonomy":"post_tag","embeddable":true,"href":"https:\/\/calatorinromania.com\/index.php?rest_route=%2Fwp%2Fv2%2Ftags&post=44754"}],"curies":[{"name":"wp","href":"https:\/\/api.w.org\/{rel}","templated":true}]}}