{"id":44750,"date":"2026-01-12T10:38:17","date_gmt":"2026-01-12T10:38:17","guid":{"rendered":"https:\/\/calatorinromania.com\/?p=44750"},"modified":"2026-01-12T10:38:17","modified_gmt":"2026-01-12T10:38:17","slug":"apararea-a-ras-cand-a-vazut-cainele-pe-banca-martorilor","status":"publish","type":"post","link":"https:\/\/calatorinromania.com\/?p=44750","title":{"rendered":"Ap\u0103rarea a r\u00e2s c\u00e2nd a v\u0103zut c\u00e2inele pe banca martorilor"},"content":{"rendered":"\n<p>Cuvintele au r\u0103mas suspendate \u00een aer, ca un clopot spart. Nimeni nu mai mi\u0219ca. Nici judec\u0103toarea. Nici avoca\u021bii. Nici m\u0103car cei din public.<\/p>\n\n\n\n<p><\/p>\n\n\n\n<p>Maria a tras aer \u00een piept, scurt, sacadat. Rex nu s-a clintit. Doar i-a ap\u0103sat capul mai tare de genunchi, ca \u0219i cum i-ar fi spus f\u0103r\u0103 vorbe: sunt aici.<\/p>\n\n\n\n<p><\/p>\n\n\n\n<p>\u201eMaria\u201d, a spus judec\u0103toarea Popescu, mult mai bl\u00e2nd acum. \u201ePo\u021bi continua. Nu te gr\u0103be\u0219te nimeni.\u201d<\/p>\n\n\n\n<p><\/p>\n\n\n\n<p>Feti\u021ba a dat din cap. Nu s-a uitat la nimeni. Doar la c\u00e2ine.<\/p>\n\n\n\n<p><\/p>\n\n\n\n<p>\u201eEra sear\u0103\u201d, a spus ea. \u201eMama f\u0103cea m\u00e2ncare. Eu desenam pe jos.\u201d<\/p>\n\n\n\n<p><\/p>\n\n\n\n<p>Vocea \u00eei tremura, dar nu se oprea.<\/p>\n\n\n\n<p><\/p>\n\n\n\n<p>\u201eEl a venit. A \u00eenchis u\u0219a tare. Mama a \u021bipat.\u201d<\/p>\n\n\n\n<p><\/p>\n\n\n\n<p>\u00cen sal\u0103 s-a auzit un oftat.<\/p>\n\n\n\n<p><\/p>\n\n\n\n<p>\u201eEu m-am ascuns sub mas\u0103. Rex m-a v\u0103zut atunci. El era afar\u0103. A l\u0103trat.\u201d<\/p>\n\n\n\n<p>Avocatul ap\u0103r\u0103rii a f\u0103cut un pas \u00eenapoi. Fa\u021ba i se albise.<\/p>\n\n\n\n<p>\u201eOmul s-a \u00eentors spre mine\u201d, a continuat Maria. \u201eMi-a zis s\u0103 tac. Avea haina aia\u2026 maro. \u0218i pantofii murdari.\u201d<\/p>\n\n\n\n<p>Andreea Ionescu sim\u021bea cum i se str\u00e2nge pieptul. Detaliile. \u00cen sf\u00e2r\u0219it, detaliile.<\/p>\n\n\n\n<p>\u201eA lovit-o pe mama\u201d, a spus copilul, aproape f\u0103r\u0103 voce. \u201eA c\u0103zut. N-a mai vorbit.\u201d<\/p>\n\n\n\n<p>\u00cen sal\u0103 se auzea doar respira\u021bia oamenilor.<\/p>\n\n\n\n<p>\u201eDup\u0103 aceea a fugit. Rex l-a urm\u0103rit. Eu i-am spus lui Rex. I-am spus cine era.\u201d<\/p>\n\n\n\n<p>Judec\u0103toarea a b\u0103tut u\u0219or cu cioc\u0103nelul.<\/p>\n\n\n\n<p>\u201eInstan\u021ba consemneaz\u0103 declara\u021bia\u201d, a spus clar.<\/p>\n\n\n\n<p>Avocatul Enache a \u00eenceput s\u0103 vorbeasc\u0103, dar nu mai avea siguran\u021b\u0103. Nu mai avea ironie.<\/p>\n\n\n\n<p>\u201eObiec\u2014\u201d<\/p>\n\n\n\n<p>\u201eRespins\u201d, a t\u0103iat judec\u0103toarea. \u201eCopilul descrie fapte \u0219i detalii verificabile.\u201d<\/p>\n\n\n\n<p>Un poli\u021bist din sal\u0103 a ridicat m\u00e2na.<\/p>\n\n\n\n<p>\u201eDoamn\u0103 judec\u0103tor\u201d, a spus el. \u201eC\u00e2inele a condus patrula, \u00een noaptea respectiv\u0103, p\u00e2n\u0103 la un bloc din cartierul Obor. A l\u0103trat la u\u0219a inculpatului.\u201d<\/p>\n\n\n\n<p>Un murmur a trecut prin sal\u0103.<\/p>\n\n\n\n<p>\u201ePantofii maro cu noroi au fost g\u0103si\u021bi acolo\u201d, a ad\u0103ugat poli\u021bistul. \u201eLa fel \u0219i o geac\u0103 p\u0103tat\u0103.\u201d<\/p>\n\n\n\n<p>Mihai Enache s-a a\u0219ezat \u00eencet pe scaun. Pentru prima dat\u0103, nu mai avea nimic de spus.<\/p>\n\n\n\n<p>Maria a t\u0103cut. \u0218i-a str\u00e2ns m\u00e2inile \u00een blana c\u00e2inelui \u0219i a \u0219optit:<\/p>\n\n\n\n<p>\u201eGata.\u201d<\/p>\n\n\n\n<p>Judec\u0103toarea a \u00eencuviin\u021bat din cap.<\/p>\n\n\n\n<p>\u201ePo\u021bi merge, puiule.\u201d<\/p>\n\n\n\n<p>Rex s-a ridicat primul. Maria l-a urmat, cu pa\u0219i mici. C\u00e2nd au trecut pe l\u00e2ng\u0103 inculpat, acesta \u0219i-a ferit privirea.<\/p>\n\n\n\n<p>Dup\u0103 c\u00e2teva zile, verdictul a fost clar.<\/p>\n\n\n\n<p>Vinovat.<\/p>\n\n\n\n<p>\u00cen fa\u021ba instan\u021bei, oamenii vorbeau \u00eencet. Unii pl\u00e2ngeau. Al\u021bii \u00ee\u0219i f\u0103ceau cruce.<\/p>\n\n\n\n<p>Maria st\u0103tea pe treptele tribunalului, m\u00e2nc\u00e2nd un covrig. Rex l\u00e2ng\u0103 ea.<\/p>\n\n\n\n<p>Soarele b\u0103tea cald.<\/p>\n\n\n\n<p>Pentru prima dat\u0103 dup\u0103 mult timp, nu mai era fric\u0103.<\/p>\n\n\n\n<p>A spus adev\u0103rul.<\/p>\n\n\n\n<p>\u0218i a fost ascultat\u0103.<\/p>\n\n\n\n<p><em>Aceast\u0103 lucrare este inspirat\u0103 din evenimente \u0219i persoane reale, \u00eens\u0103 a fost fic\u021bionalizat\u0103 \u00een scopuri creative. Numele, personajele \u0219i detaliile au fost schimbate pentru a proteja intimitatea \u0219i pentru a \u00eembun\u0103t\u0103\u021bi nara\u021biunea. Orice asem\u0103nare cu persoane reale, \u00een via\u021b\u0103 sau decedate, sau cu evenimente reale este pur \u00eent\u00e2mpl\u0103toare \u0219i nu este inten\u021bionat\u0103 de c\u0103tre autor.<\/em><\/p>\n\n\n\n<p><em>Autorul \u0219i editorul nu \u00ee\u0219i asum\u0103 responsabilitatea pentru exactitatea evenimentelor sau pentru modul \u00een care sunt portretizate personajele \u0219i nu sunt r\u0103spunz\u0103tori pentru eventuale interpret\u0103ri gre\u0219ite. Aceast\u0103 poveste este oferit\u0103 \u201eca atare\u201d, iar orice opinii exprimate apar\u021bin personajelor \u0219i nu reflect\u0103 punctele de vedere ale autorului sau ale editorului.<\/em><\/p>\n","protected":false},"excerpt":{"rendered":"<p>Cuvintele au r\u0103mas suspendate \u00een aer, ca un clopot spart. Nimeni nu mai mi\u0219ca. Nici judec\u0103toarea. Nici avoca\u021bii. Nici m\u0103car cei din public. Maria a<\/p>\n","protected":false},"author":1,"featured_media":44268,"comment_status":"closed","ping_status":"closed","sticky":false,"template":"","format":"standard","meta":[],"categories":[1],"tags":[],"_links":{"self":[{"href":"https:\/\/calatorinromania.com\/index.php?rest_route=\/wp\/v2\/posts\/44750"}],"collection":[{"href":"https:\/\/calatorinromania.com\/index.php?rest_route=\/wp\/v2\/posts"}],"about":[{"href":"https:\/\/calatorinromania.com\/index.php?rest_route=\/wp\/v2\/types\/post"}],"author":[{"embeddable":true,"href":"https:\/\/calatorinromania.com\/index.php?rest_route=\/wp\/v2\/users\/1"}],"replies":[{"embeddable":true,"href":"https:\/\/calatorinromania.com\/index.php?rest_route=%2Fwp%2Fv2%2Fcomments&post=44750"}],"version-history":[{"count":1,"href":"https:\/\/calatorinromania.com\/index.php?rest_route=\/wp\/v2\/posts\/44750\/revisions"}],"predecessor-version":[{"id":44751,"href":"https:\/\/calatorinromania.com\/index.php?rest_route=\/wp\/v2\/posts\/44750\/revisions\/44751"}],"wp:featuredmedia":[{"embeddable":true,"href":"https:\/\/calatorinromania.com\/index.php?rest_route=\/wp\/v2\/media\/44268"}],"wp:attachment":[{"href":"https:\/\/calatorinromania.com\/index.php?rest_route=%2Fwp%2Fv2%2Fmedia&parent=44750"}],"wp:term":[{"taxonomy":"category","embeddable":true,"href":"https:\/\/calatorinromania.com\/index.php?rest_route=%2Fwp%2Fv2%2Fcategories&post=44750"},{"taxonomy":"post_tag","embeddable":true,"href":"https:\/\/calatorinromania.com\/index.php?rest_route=%2Fwp%2Fv2%2Ftags&post=44750"}],"curies":[{"name":"wp","href":"https:\/\/api.w.org\/{rel}","templated":true}]}}