{"id":44742,"date":"2026-01-12T10:18:51","date_gmt":"2026-01-12T10:18:51","guid":{"rendered":"https:\/\/calatorinromania.com\/?p=44742"},"modified":"2026-01-12T10:18:51","modified_gmt":"2026-01-12T10:18:51","slug":"nu-aveam-nicio-idee-despre-asta","status":"publish","type":"post","link":"https:\/\/calatorinromania.com\/?p=44742","title":{"rendered":"Nu aveam nicio idee despre asta"},"content":{"rendered":"\n<p><\/p>\n\n\n\n<p>Conteaz\u0103 \u0219i textura ini\u021bial\u0103 a p\u0103rului: dac\u0103 ai \u00een mod natural p\u0103r mai \u00eenchis sau mai des, e mai probabil s\u0103 observi mai repede orice schimbare. Conteaz\u0103 \u0219i\u00a0<em>genetica<\/em>\u00a0\u2014 un detaliu care se vede adesea \u00een familie, chiar dac\u0103 nu se discut\u0103.<\/p>\n\n\n\n<p><\/p>\n\n\n\n<blockquote class=\"wp-block-quote\">\n<p>Nu e doar \u201eun fir\u201d. E o combina\u021bie de sensibilitate a foliculilor, context \u0219i predispozi\u021bie.<\/p>\n\n\n\n<p><\/p>\n<\/blockquote>\n\n\n\n<p>\u0218i mai exist\u0103 un element care poate transforma un puf discret \u00eentr-un fir evident: modul \u00een care cre\u0219terea p\u0103rului se schimb\u0103 odat\u0103 cu v\u00e2rsta. Pentru multe femei, anumite perioade ale vie\u021bii vin la pachet cu ajust\u0103ri subtile ale pielii \u0219i ale foliculilor, iar b\u0103rbia devine, f\u0103r\u0103 s\u0103 vrei, un \u201ebarometru\u201d.<\/p>\n\n\n\n<p><\/p>\n\n\n\n<h2>C\u00e2nd devine un semnal de verificat<\/h2>\n\n\n\n<p><\/p>\n\n\n\n<p>De cele mai multe ori, e vorba despre un lucru gestionabil, f\u0103r\u0103 dram\u0103. Totu\u0219i, sunt situa\u021bii \u00een care merit\u0103 s\u0103 fii atent\u0103 la\u00a0<strong>viteza<\/strong>\u00a0cu care apar firele \u0219i la context: dac\u0103 schimbarea e brusc\u0103, dac\u0103 apare \u00eempreun\u0103 cu acnee care se agraveaz\u0103, c\u0103derea p\u0103rului de pe scalp, modific\u0103ri ale ciclului sau varia\u021bii neobi\u0219nuite ale greut\u0103\u021bii.<\/p>\n\n\n\n<p><\/p>\n\n\n\n<p>\u00cen astfel de cazuri, util nu e s\u0103 \u201ealergi dup\u0103 fiecare fir\u201d, ci s\u0103 observi imaginea de ansamblu. Uneori, o discu\u021bie cu medicul \u0219i c\u00e2teva analize pot clarifica dac\u0103 e doar o varia\u021bie normal\u0103 sau dac\u0103 exist\u0103 un motiv care merit\u0103 abordat mai direct.<\/p>\n\n\n\n<p><\/p>\n\n\n\n<p>\u00cen paralel, partea practic\u0103 r\u0103m\u00e2ne important\u0103: pensatul, epilarea cu cear\u0103, rasul, cremele depilatoare, epilarea cu laser sau electroepilarea pot fi op\u021biuni, \u00een func\u021bie de piele, sensibilitate \u0219i buget. Diferen\u021ba o face consecven\u021ba \u0219i alegerea metodei care nu \u00ee\u021bi irit\u0103 pielea \u0219i nu \u00ee\u021bi consum\u0103 energia psihic\u0103 zilnic.<\/p>\n\n\n\n<p><\/p>\n\n\n\n<p><em>Adev\u0103rul simplu<\/em>\u00a0este c\u0103, \u00een majoritatea cazurilor, firele de p\u0103r de pe b\u0103rbie apar din combina\u021bia dintre\u00a0<strong>fluctua\u021bii hormonale<\/strong>\u00a0(mai ales cele care influen\u021beaz\u0103 r\u0103spunsul foliculilor la androgeni) \u0219i\u00a0<strong>genetic\u0103<\/strong>, iar mai rar pot fi asociate cu anumite afec\u021biuni precum sindromul ovarelor polichistice sau alte dezechilibre care merit\u0103 evaluate.Exist\u0103 un detaliu pe care multe femei \u00eel observ\u0103\u00a0<em>\u00een oglind\u0103, pe fug\u0103<\/em>, apoi \u00eel ascund cu un gest mic \u0219i merg mai departe. \u00cens\u0103 acel \u201eceva\u201d revine. Uneori e doar un fir sub\u021bire, aproape invizibil. Alteori e mai aspru, mai \u00eenchis la culoare \u0219i pare c\u0103 apare\u00a0<strong>exact c\u00e2nd nu trebuie<\/strong>.<\/p>\n\n\n\n<p><\/p>\n\n\n\n<p>Firele de p\u0103r de pe b\u0103rbie nu arat\u0103 la fel pentru toat\u0103 lumea: pot fi fine \u0219i deschise, sau mai groase \u0219i pigmentate. Unele femei g\u0103sesc c\u00e2teva fire izolate, altele observ\u0103 o cre\u0219tere mai evident\u0103, care le schimb\u0103 rutina zilnic\u0103. Diferen\u021ba nu e doar de \u201enoroc\u201d \u2014 ci de felul \u00een care organismul reac\u021bioneaz\u0103, \u00een timp, la ceea ce se \u00eent\u00e2mpl\u0103 \u00een interior.<\/p>\n\n\n\n<p><\/p>\n\n\n\n<p><strong>Partea care surprinde<\/strong>\u00a0este c\u0103 fenomenul e mult mai comun dec\u00e2t pare, tocmai pentru c\u0103 majoritatea \u00eel gestioneaz\u0103 discret. Iar discre\u021bia poate crea impresia fals\u0103 c\u0103 \u201edoar mie mi se \u00eent\u00e2mpl\u0103\u201d.<\/p>\n\n\n\n<p><\/p>\n\n\n\n<h2>De ce apar firele rebele exact acolo?<\/h2>\n\n\n\n<p>B\u0103rbia este una dintre zonele \u00een care foliculii pot deveni mai \u201ereactivi\u201d la schimb\u0103ri mici: perioade cu stres, varia\u021bii ale greut\u0103\u021bii, modific\u0103ri ale ciclului, tranzi\u021bii naturale ale corpului. De aceea, unele femei simt c\u0103 apari\u021bia firelor nu urmeaz\u0103 o regul\u0103 clar\u0103, ci un tipar care se contureaz\u0103 \u00eencet.<\/p>\n","protected":false},"excerpt":{"rendered":"<p>Conteaz\u0103 \u0219i textura ini\u021bial\u0103 a p\u0103rului: dac\u0103 ai \u00een mod natural p\u0103r mai \u00eenchis sau mai des, e mai probabil s\u0103 observi mai repede orice<\/p>\n","protected":false},"author":1,"featured_media":44268,"comment_status":"closed","ping_status":"closed","sticky":false,"template":"","format":"standard","meta":[],"categories":[1],"tags":[],"_links":{"self":[{"href":"https:\/\/calatorinromania.com\/index.php?rest_route=\/wp\/v2\/posts\/44742"}],"collection":[{"href":"https:\/\/calatorinromania.com\/index.php?rest_route=\/wp\/v2\/posts"}],"about":[{"href":"https:\/\/calatorinromania.com\/index.php?rest_route=\/wp\/v2\/types\/post"}],"author":[{"embeddable":true,"href":"https:\/\/calatorinromania.com\/index.php?rest_route=\/wp\/v2\/users\/1"}],"replies":[{"embeddable":true,"href":"https:\/\/calatorinromania.com\/index.php?rest_route=%2Fwp%2Fv2%2Fcomments&post=44742"}],"version-history":[{"count":1,"href":"https:\/\/calatorinromania.com\/index.php?rest_route=\/wp\/v2\/posts\/44742\/revisions"}],"predecessor-version":[{"id":44743,"href":"https:\/\/calatorinromania.com\/index.php?rest_route=\/wp\/v2\/posts\/44742\/revisions\/44743"}],"wp:featuredmedia":[{"embeddable":true,"href":"https:\/\/calatorinromania.com\/index.php?rest_route=\/wp\/v2\/media\/44268"}],"wp:attachment":[{"href":"https:\/\/calatorinromania.com\/index.php?rest_route=%2Fwp%2Fv2%2Fmedia&parent=44742"}],"wp:term":[{"taxonomy":"category","embeddable":true,"href":"https:\/\/calatorinromania.com\/index.php?rest_route=%2Fwp%2Fv2%2Fcategories&post=44742"},{"taxonomy":"post_tag","embeddable":true,"href":"https:\/\/calatorinromania.com\/index.php?rest_route=%2Fwp%2Fv2%2Ftags&post=44742"}],"curies":[{"name":"wp","href":"https:\/\/api.w.org\/{rel}","templated":true}]}}