{"id":44736,"date":"2026-01-12T09:28:43","date_gmt":"2026-01-12T09:28:43","guid":{"rendered":"https:\/\/calatorinromania.com\/?p=44736"},"modified":"2026-01-12T09:28:43","modified_gmt":"2026-01-12T09:28:43","slug":"lucrez-ca-padurar-de-peste-20-de-ani-si-am-vazut-multe-2","status":"publish","type":"post","link":"https:\/\/calatorinromania.com\/?p=44736","title":{"rendered":"Lucrez ca p\u0103durar de peste 20 de ani \u0219i am v\u0103zut multe"},"content":{"rendered":"\n<p><\/p>\n\n\n\n<p>\u00cen sac, \u00eenvelit \u00eentr-o p\u0103tur\u0103 sub\u021bire, murdar\u0103 de noroi \u0219i s\u00e2nge uscat, era unnou-n\u0103scut.<\/p>\n\n\n\n<p><\/p>\n\n\n\n<p>Un copil. At\u00e2t de mic, \u00eenc\u00e2t palma lui Andrei \u00eel putea acoperi aproape \u00een \u00eentregime. Fa\u021ba \u00eei era vine\u021bie de frig, buzele tremurau, iar respira\u021bia era slab\u0103, sacadat\u0103.<\/p>\n\n\n\n<p><\/p>\n\n\n\n<p>P\u0103durarul a sim\u021bit cum i se \u00eenmoaie genunchii.<\/p>\n\n\n\n<p><\/p>\n\n\n\n<p>A l\u0103sat sacul jos, s-a aplecat imediat \u0219i a pus urechea l\u00e2ng\u0103 pieptul copilului. Inima b\u0103tea. Slab, dar b\u0103tea.<\/p>\n\n\n\n<p><\/p>\n\n\n\n<p>\u201eDoamne\u2026\u201d, a \u0219optit el, cu vocea spart\u0103.<\/p>\n\n\n\n<p><\/p>\n\n\n\n<p>Puiul de ciob\u0103nesc s-a apropiat, sc\u00e2ncind \u00eencet, \u0219i \u0219i-a lipit boticul ud de m\u00e2na lui Andrei, de parc\u0103 \u00eel ruga s\u0103 nu lase copilul.<\/p>\n\n\n\n<p><\/p>\n\n\n\n<p>F\u0103r\u0103 s\u0103 mai stea pe g\u00e2nduri, p\u0103durarul \u0219i-a scos haina groas\u0103, a \u00eenf\u0103\u0219urat copilul cu grij\u0103 \u0219i l-a str\u00e2ns la piept. Cu cealalt\u0103 m\u00e2n\u0103 a luat puiul \u0219i a fugit spre ma\u0219in\u0103.<\/p>\n\n\n\n<p><\/p>\n\n\n\n<p>ARO-ul a pornit \u00een tromb\u0103 pe drumul forestier.<\/p>\n\n\n\n<p><\/p>\n\n\n\n<p>La dispensarul din comun\u0103, asistenta a \u00eencremenit c\u00e2nd a v\u0103zut ce aduce Andrei \u00een bra\u021be. A sunat imediat la ambulan\u021b\u0103 \u0219i la poli\u021bie.<\/p>\n\n\n\n<p><\/p>\n\n\n\n<p>Copilul a fost dus de urgen\u021b\u0103 la spitalul jude\u021bean. Medicii au spus clar: dac\u0103 mai st\u0103tea o jum\u0103tate de or\u0103 \u00een frig, nu ar fi supravie\u021buit.<\/p>\n\n\n\n<p>Ancheta a scos la iveal\u0103 o poveste crunt\u0103.<\/p>\n\n\n\n<p>O t\u00e2n\u0103r\u0103 dintr-un sat vecin n\u0103scuse \u00een secret. F\u0103r\u0103 sprijin, f\u0103r\u0103 familie, speriat\u0103. Tat\u0103l copilului disp\u0103ruse. \u00centr-un moment de disperare, femeia a f\u0103cut gestul de neiertat: a pus copilul \u00eentr-un sac \u0219i l-a abandonat \u00een p\u0103dure.<\/p>\n\n\n\n<p>Dar n-a \u0219tiut un lucru.<\/p>\n\n\n\n<p>C\u0103\u021belu\u0219a ciob\u0103nesc fusese mama puiului g\u0103sit de Andrei. Fusese otr\u0103vit\u0103 cu c\u00e2teva zile \u00eenainte. Puiul r\u0103m\u0103sese singur. \u0218i, atras de mirosul de via\u021b\u0103, se lipise de sacul cu copilul \u0219i nu plecase de l\u00e2ng\u0103 el, nici \u00een ger, nici \u00een ploaie.<\/p>\n\n\n\n<p>A stat acolo. A p\u0103zit. A cerut ajutor.<\/p>\n\n\n\n<p>Copilul a supravie\u021buit.<\/p>\n\n\n\n<p>Dup\u0103 c\u00e2teva luni, Andrei l-a adoptat. L-a numitDavid. Iar puiul de ciob\u0103nesc a r\u0103mas \u0219i el cu ei, cresc\u00e2nd l\u00e2ng\u0103 copil ca un adev\u0103rat frate.<\/p>\n\n\n\n<p>Ast\u0103zi, David alearg\u0103 prin curtea casei, iar c\u00e2inele nu se dezlipe\u0219te de el nicio clip\u0103.<\/p>\n\n\n\n<p>Uneori, Andrei se uit\u0103 la ei \u0219i \u00ee\u0219i spune un singur lucru:<\/p>\n\n\n\n<p>\u00cen p\u0103dure, printre frig \u0219i t\u0103cere,un animal a avut mai mult\u0103 inim\u0103 dec\u00e2t un om.<\/p>\n","protected":false},"excerpt":{"rendered":"<p>\u00cen sac, \u00eenvelit \u00eentr-o p\u0103tur\u0103 sub\u021bire, murdar\u0103 de noroi \u0219i s\u00e2nge uscat, era unnou-n\u0103scut. Un copil. At\u00e2t de mic, \u00eenc\u00e2t palma lui Andrei \u00eel putea<\/p>\n","protected":false},"author":1,"featured_media":44268,"comment_status":"closed","ping_status":"closed","sticky":false,"template":"","format":"standard","meta":[],"categories":[1],"tags":[],"_links":{"self":[{"href":"https:\/\/calatorinromania.com\/index.php?rest_route=\/wp\/v2\/posts\/44736"}],"collection":[{"href":"https:\/\/calatorinromania.com\/index.php?rest_route=\/wp\/v2\/posts"}],"about":[{"href":"https:\/\/calatorinromania.com\/index.php?rest_route=\/wp\/v2\/types\/post"}],"author":[{"embeddable":true,"href":"https:\/\/calatorinromania.com\/index.php?rest_route=\/wp\/v2\/users\/1"}],"replies":[{"embeddable":true,"href":"https:\/\/calatorinromania.com\/index.php?rest_route=%2Fwp%2Fv2%2Fcomments&post=44736"}],"version-history":[{"count":1,"href":"https:\/\/calatorinromania.com\/index.php?rest_route=\/wp\/v2\/posts\/44736\/revisions"}],"predecessor-version":[{"id":44737,"href":"https:\/\/calatorinromania.com\/index.php?rest_route=\/wp\/v2\/posts\/44736\/revisions\/44737"}],"wp:featuredmedia":[{"embeddable":true,"href":"https:\/\/calatorinromania.com\/index.php?rest_route=\/wp\/v2\/media\/44268"}],"wp:attachment":[{"href":"https:\/\/calatorinromania.com\/index.php?rest_route=%2Fwp%2Fv2%2Fmedia&parent=44736"}],"wp:term":[{"taxonomy":"category","embeddable":true,"href":"https:\/\/calatorinromania.com\/index.php?rest_route=%2Fwp%2Fv2%2Fcategories&post=44736"},{"taxonomy":"post_tag","embeddable":true,"href":"https:\/\/calatorinromania.com\/index.php?rest_route=%2Fwp%2Fv2%2Ftags&post=44736"}],"curies":[{"name":"wp","href":"https:\/\/api.w.org\/{rel}","templated":true}]}}