{"id":44559,"date":"2026-01-06T09:43:06","date_gmt":"2026-01-06T09:43:06","guid":{"rendered":"https:\/\/calatorinromania.com\/?p=44559"},"modified":"2026-01-06T09:43:06","modified_gmt":"2026-01-06T09:43:06","slug":"pentru-voi-nu-e-loc-aici-a-spus-soacra-cand-am-ajuns-cu-copiii-de-anul-nou-la-casa-mea","status":"publish","type":"post","link":"https:\/\/calatorinromania.com\/?p=44559","title":{"rendered":"\u201ePentru voi nu e loc aici\u201d, a spus soacra, c\u00e2nd am ajuns cu copiii de Anul Nou la casa mea."},"content":{"rendered":"\n<p><\/p>\n\n\n\n<p>Irina a \u00eenchis telefonul \u0219i a r\u0103mas c\u00e2teva secunde cu m\u00e2na pe volan.<\/p>\n\n\n\n<p><\/p>\n\n\n\n<p>Inima \u00eei b\u0103tea tare, dar nu mai era fric\u0103. Era ceva nou. Claritate.<\/p>\n\n\n\n<p><\/p>\n\n\n\n<p>Casa aceea nu era doar ni\u0219te pere\u021bi. Era tot ce construise ea \u00een ultimii zece ani.<\/p>\n\n\n\n<p><\/p>\n\n\n\n<p>Creditul pe care \u00eel pl\u0103tise din salariul ei. Ratele achitate lun\u0103 de lun\u0103, f\u0103r\u0103 \u00eent\u00e2rziere. Nop\u021bile \u00een care adormea cu laptopul pe piept, lucr\u00e2nd dup\u0103 ce copiii se culcau. Toate astea nu le datora nim\u0103nui.<\/p>\n\n\n\n<p><\/p>\n\n\n\n<p>Nici m\u0103car lui Andrei.<\/p>\n\n\n\n<p><\/p>\n\n\n\n<p>Andrei, care plecase \u201e\u00een delega\u021bie\u201d \u00eenainte de Cr\u0103ciun \u0219i nu mai r\u0103spunsese dec\u00e2t rar. Andrei, care spusese c\u0103 vine de Anul Nou, dar nu mai ap\u0103ruse.<\/p>\n\n\n\n<p><\/p>\n\n\n\n<p>Irina s-a uitat spre ferestrele luminate. Umbrele se mi\u0219cau \u00een\u0103untru. R\u00e2sete. Muzic\u0103. Oameni str\u0103ini care m\u00e2ncau la masa ei, st\u0103teau pe canapeaua ei, dormeau, probabil, \u00een paturile ei.<\/p>\n\n\n\n<p><\/p>\n\n\n\n<p>Copiii se uitau la desene, dar David a \u00eentors capul spre ea.<\/p>\n\n\n\n<p>\u2014 Mam\u0103, mergem acas\u0103?<\/p>\n\n\n\n<p>Irina a z\u00e2mbit.<\/p>\n\n\n\n<p>\u2014 Suntem deja acas\u0103.<\/p>\n\n\n\n<p>Dup\u0103 zece minute, ma\u0219ina de paz\u0103 a oprit \u00een fa\u021ba por\u021bii. Doi agen\u021bi au cobor\u00e2t, urma\u021bi de Sergiu.<\/p>\n\n\n\n<p>\u2014 Bun\u0103 seara, doamn\u0103 Irina. Ne ar\u0103ta\u021bi actele?<\/p>\n\n\n\n<p>Irina a scos dosarul din torpedou. Contractul de v\u00e2nzare-cump\u0103rare. Extrasul de carte funciar\u0103. Totul pe numele ei.<\/p>\n\n\n\n<p>Sergiu a dat din cap.<\/p>\n\n\n\n<p>\u2014 E clar. Deschidem.<\/p>\n\n\n\n<p>C\u00e2nd au b\u0103tut la u\u0219\u0103, muzica s-a oprit brusc. Tamara Andreea a ap\u0103rut, iritat\u0103.<\/p>\n\n\n\n<p>\u2014 Ce se \u00eent\u00e2mpl\u0103 aici?<\/p>\n\n\n\n<p>\u2014 Control de rutin\u0103, \u2014 a spus Sergiu calm. \u2014 Avem o sesizare de ocupare ilegal\u0103.<\/p>\n\n\n\n<p>\u2014 Ce prostii! Suntem familie!<\/p>\n\n\n\n<p>\u2014 Familia nu \u00eenseamn\u0103 proprietate, \u2014 a intervenit Irina, p\u0103\u0219ind \u00een fa\u021b\u0103. \u2014 Casa este a mea. V\u0103 rog s\u0103 o p\u0103r\u0103si\u021bi.<\/p>\n\n\n\n<p>Victoria a ap\u0103rut din spate, palid\u0103.<\/p>\n\n\n\n<p>\u2014 Irina, hai s\u0103 vorbim ca oamenii\u2026<\/p>\n\n\n\n<p>\u2014 Am vorbit destul, \u2014 a spus Irina. \u2014 \u00cen seara asta, copiii mei au fost da\u021bi afar\u0103 din propria cas\u0103. Asta nu se negociaz\u0103.<\/p>\n\n\n\n<p>Tamara Andreea a \u00eenceput s\u0103 \u021bipe, s\u0103 se pl\u00e2ng\u0103, s\u0103 dea vina pe toat\u0103 lumea. Dar agen\u021bii erau deja \u00een interior, not\u00e2nd, fotografiind.<\/p>\n\n\n\n<p>\u00cen mai pu\u021bin de o or\u0103, invita\u021bii plecau bomb\u0103nind. Victoria a ie\u0219it ultima, \u021bin\u00e2nd rochia str\u00e2ns pe ea.<\/p>\n\n\n\n<p>\u2014 O s\u0103 regre\u021bi, \u2014 a \u0219optit.<\/p>\n\n\n\n<p>Irina nu a r\u0103spuns.<\/p>\n\n\n\n<p>Dup\u0103 ce poarta s-a \u00eenchis, casa a devenit lini\u0219tit\u0103. Irina i-a adus pe copii \u00een\u0103untru.<\/p>\n\n\n\n<p>\u2014 Mam\u0103, e iar casa noastr\u0103? \u2014 a \u00eentrebat Maria.<\/p>\n\n\n\n<p>\u2014 Da, puiule. A fost mereu.<\/p>\n\n\n\n<p>\u00cen noaptea aceea, Irina nu a pus masa mare, nu a f\u0103cut poze, nu a deschis \u0219ampanie. A f\u0103cut ceai, a scos pr\u0103jituri dintr-o cutie \u0219i s-au a\u0219ezat to\u021bi trei pe covor, sub brad.<\/p>\n\n\n\n<p>La miezul nop\u021bii, telefonul a vibrat.<\/p>\n\n\n\n<p>Un mesaj de la Andrei:<br>\u201eCe ai f\u0103cut?! Mama pl\u00e2nge. Puteai s\u0103 fii mai \u00een\u021beleg\u0103toare.\u201d<\/p>\n\n\n\n<p>Irina a citit mesajul o dat\u0103. Apoi l-a \u0219ters.<\/p>\n\n\n\n<p>A doua zi, a sunat un avocat.<\/p>\n\n\n\n<p>Peste o lun\u0103, a depus actele de divor\u021b.<\/p>\n\n\n\n<p>Peste trei luni, casa era din nou plin\u0103. Dar de lini\u0219te. De r\u00e2sete curate. De siguran\u021b\u0103.<\/p>\n\n\n\n<p>Irina a \u00eenv\u0103\u021bat ceva atunci, \u00een prag, cu gen\u021bile \u00een m\u00e2ini \u0219i copiii l\u00e2ng\u0103 ea.<\/p>\n\n\n\n<p>C\u0103 uneori, ca s\u0103-\u021bi p\u0103strezi casa, trebuie s\u0103 dai afar\u0103 pe cei care nu te-au considerat niciodat\u0103 acas\u0103.<\/p>\n\n\n\n<p><em>Aceast\u0103 lucrare este inspirat\u0103 din evenimente \u0219i persoane reale, \u00eens\u0103 a fost fic\u021bionalizat\u0103 \u00een scopuri creative. Numele, personajele \u0219i detaliile au fost schimbate pentru a proteja intimitatea \u0219i pentru a \u00eembun\u0103t\u0103\u021bi nara\u021biunea. Orice asem\u0103nare cu persoane reale, \u00een via\u021b\u0103 sau decedate, sau cu evenimente reale este pur \u00eent\u00e2mpl\u0103toare \u0219i nu este inten\u021bionat\u0103 de c\u0103tre autor.<\/em><\/p>\n\n\n\n<p><em>Autorul \u0219i editorul nu \u00ee\u0219i asum\u0103 responsabilitatea pentru exactitatea evenimentelor sau pentru modul \u00een care sunt portretizate personajele \u0219i nu sunt r\u0103spunz\u0103tori pentru eventuale interpret\u0103ri gre\u0219ite. Aceast\u0103 poveste este oferit\u0103 \u201eca atare\u201d, iar orice opinii exprimate apar\u021bin personajelor \u0219i nu reflect\u0103 punctele de vedere ale autorului sau ale editorului.<\/em><\/p>\n","protected":false},"excerpt":{"rendered":"<p>Irina a \u00eenchis telefonul \u0219i a r\u0103mas c\u00e2teva secunde cu m\u00e2na pe volan. Inima \u00eei b\u0103tea tare, dar nu mai era fric\u0103. Era ceva nou.<\/p>\n","protected":false},"author":1,"featured_media":44268,"comment_status":"closed","ping_status":"closed","sticky":false,"template":"","format":"standard","meta":[],"categories":[1],"tags":[],"_links":{"self":[{"href":"https:\/\/calatorinromania.com\/index.php?rest_route=\/wp\/v2\/posts\/44559"}],"collection":[{"href":"https:\/\/calatorinromania.com\/index.php?rest_route=\/wp\/v2\/posts"}],"about":[{"href":"https:\/\/calatorinromania.com\/index.php?rest_route=\/wp\/v2\/types\/post"}],"author":[{"embeddable":true,"href":"https:\/\/calatorinromania.com\/index.php?rest_route=\/wp\/v2\/users\/1"}],"replies":[{"embeddable":true,"href":"https:\/\/calatorinromania.com\/index.php?rest_route=%2Fwp%2Fv2%2Fcomments&post=44559"}],"version-history":[{"count":1,"href":"https:\/\/calatorinromania.com\/index.php?rest_route=\/wp\/v2\/posts\/44559\/revisions"}],"predecessor-version":[{"id":44560,"href":"https:\/\/calatorinromania.com\/index.php?rest_route=\/wp\/v2\/posts\/44559\/revisions\/44560"}],"wp:featuredmedia":[{"embeddable":true,"href":"https:\/\/calatorinromania.com\/index.php?rest_route=\/wp\/v2\/media\/44268"}],"wp:attachment":[{"href":"https:\/\/calatorinromania.com\/index.php?rest_route=%2Fwp%2Fv2%2Fmedia&parent=44559"}],"wp:term":[{"taxonomy":"category","embeddable":true,"href":"https:\/\/calatorinromania.com\/index.php?rest_route=%2Fwp%2Fv2%2Fcategories&post=44559"},{"taxonomy":"post_tag","embeddable":true,"href":"https:\/\/calatorinromania.com\/index.php?rest_route=%2Fwp%2Fv2%2Ftags&post=44559"}],"curies":[{"name":"wp","href":"https:\/\/api.w.org\/{rel}","templated":true}]}}