{"id":44557,"date":"2026-01-06T09:35:34","date_gmt":"2026-01-06T09:35:34","guid":{"rendered":"https:\/\/calatorinromania.com\/?p=44557"},"modified":"2026-01-06T09:35:34","modified_gmt":"2026-01-06T09:35:34","slug":"lectia-de-umanitate-de-la-imperiu-la-bunatate","status":"publish","type":"post","link":"https:\/\/calatorinromania.com\/?p=44557","title":{"rendered":"Lec\u021bia de umanitate: De la imperiu la bun\u0103tate"},"content":{"rendered":"\n<p><\/p>\n\n\n\n<h2>Decizia de a testa natura uman\u0103<\/h2>\n\n\n\n<p><\/p>\n\n\n\n<p>La v\u00e2rsta de nou\u0103zeci de ani, am sim\u021bit nevoia de a verifica umanitatea. M-am deghizat \u00een persoan\u0103 f\u0103r\u0103 ad\u0103post \u0219i am intrat \u00een unul dintre supermarketurile mele \u2013 imperiul pe care l-am creat dup\u0103 r\u0103zboi, \u00eencep\u00e2nd cu un mic magazin de col\u021b. \u00cen momentul \u00een care am p\u0103\u0219it, m-am lovit de privirile critice ale celor din jur: r\u00e2njete dispre\u021buitoare, murmure t\u0103cute \u0219i un director care m\u0103 soma s\u0103 p\u0103r\u0103sesc locul. Ani de munc\u0103 asidu\u0103 pentru a dezvolta o afacere \u0219i a oferi locuri de munc\u0103 p\u0103reau a nu conta deloc. Atunci am realizat c\u0103 regalitatea mea era doar o iluzie, construit\u0103 pe aparen\u021be \u0219i nu pe valori autentice.<\/p>\n\n\n\n<p><\/p>\n\n\n\n<p>Urm\u0103rile acestei experien\u021be m-au purtat c\u0103tre Lewis, un t\u00e2n\u0103r angajat al departamentului administrativ, care mi-a oferit considera\u021bie. Nu a \u00eentrebat cine sunt sau ce avere am; mi-a adus pur \u0219i simplu hran\u0103 \u0219i respect. Prima dat\u0103 \u00een decenii, am sim\u021bit cum se na\u0219te speran\u021ba. Aceasta era o persoan\u0103 care \u00een\u021belegea cu adev\u0103rat ce conteaz\u0103: bun\u0103tatea, decen\u021ba, integritatea \u2013 chiar \u0219i atunci c\u00e2nd nimeni nu se uit\u0103. Acea clip\u0103 a schimbat totul.<\/p>\n\n\n\n<p><\/p>\n\n\n\n<p>Imediat, am realizat c\u0103 Lewis era diferit. O compasiune ca a lui nu se \u00eenva\u021b\u0103, ci se cultiv\u0103 \u00eentr-un mod profund: se na\u0219te din experien\u021be de via\u021b\u0103, din lupte \u0219i din alegeri con\u0219tiente. Ulterior, am descoperit un avertisment legat de trecutul s\u0103u \u2013 un parcurs tumultuos \u00een tinere\u021be \u2013 \u0219i m-am temut c\u0103 m-am \u00een\u0219elat. \u00cens\u0103, c\u00e2nd l-am \u00eentrebat, s-a deschis complet \u0219i a explicat cum perioada petrecut\u0103 \u00een \u00eenchisoare l-a transformat \u00eentr-un om care \u00eei trateaz\u0103 pe ceilal\u021bi ca pe oameni, nu ca pe obiecte. Onestitatea, umilin\u021ba \u0219i integritatea sa m-au convins c\u0103 el este adev\u0103ratul meu mo\u0219tenitor \u2013 nu \u00een sens material, ci moral.<\/p>\n\n\n\n<p><\/p>\n\n\n\n<p>Privind la rudele mele avide \u0219i la o familie privilegiat\u0103, am luat o hot\u0103r\u00e2re. Am rescris testamentul, l\u0103s\u00e2ndu-i lui Lewis \u00eentreaga mea avere, afacerile \u0219i bunurile. Nu din interes personal, ci pentru c\u0103 el \u0219tia cum s\u0103 onoreze o mo\u0219tenire de umanitate. Am observat cum arogan\u021ba se confrunta cu integritatea \u0219i, \u00een sf\u00e2r\u0219it, am \u00een\u021beles: s\u00e2ngele nu define\u0219te o mo\u0219tenire \u2013 compasiunea o face.<\/p>\n\n\n\n<p><\/p>\n\n\n\n<p>Am \u00eenfiin\u021bat Funda\u021bia Hutchins pentru Dignitate Uman\u0103, axat\u0103 pe sprijinirea celor nevoia\u0219i, primirea celor f\u0103r\u0103 ad\u0103post \u0219i oferirea unei a doua \u0219anse celor care au fost uita\u021bi de societate. L-am pus pe Lewis la conducere, convins c\u0103 lucrarea de-o via\u021b\u0103 a mea va continua prin el. La nou\u0103zeci de ani, mi-am dat seama de cea mai profund\u0103 adev\u0103r: avu\u021bia dispare, puterea se evapor\u0103, dar mo\u0219tenirea bun\u0103t\u0103\u021bii r\u0103m\u00e2ne \u2013 iar valoarea unei vie\u021bi nu se m\u0103soar\u0103 prin ceea ce prime\u0219ti, ci prin ceea ce d\u0103ruie\u0219ti.<\/p>\n\n\n\n<p><\/p>\n\n\n\n<p><strong>Concluzie:<\/strong>&nbsp;Via\u021ba a demonstrat c\u0103 adev\u0103rata m\u0103sur\u0103 a succesului se reg\u0103se\u0219te nu \u00een acumularea de bunuri materiale, ci \u00een impactul pozitiv pe care \u00eel avem asupra celor din jur. Aceast\u0103 poveste este o inspira\u021bie s\u0103 alegem \u00eentotdeauna bun\u0103tatea \u0219i compasiunea.<\/p>\n","protected":false},"excerpt":{"rendered":"<p>Decizia de a testa natura uman\u0103 La v\u00e2rsta de nou\u0103zeci de ani, am sim\u021bit nevoia de a verifica umanitatea. M-am deghizat \u00een persoan\u0103 f\u0103r\u0103 ad\u0103post<\/p>\n","protected":false},"author":1,"featured_media":44268,"comment_status":"closed","ping_status":"closed","sticky":false,"template":"","format":"standard","meta":[],"categories":[1],"tags":[],"_links":{"self":[{"href":"https:\/\/calatorinromania.com\/index.php?rest_route=\/wp\/v2\/posts\/44557"}],"collection":[{"href":"https:\/\/calatorinromania.com\/index.php?rest_route=\/wp\/v2\/posts"}],"about":[{"href":"https:\/\/calatorinromania.com\/index.php?rest_route=\/wp\/v2\/types\/post"}],"author":[{"embeddable":true,"href":"https:\/\/calatorinromania.com\/index.php?rest_route=\/wp\/v2\/users\/1"}],"replies":[{"embeddable":true,"href":"https:\/\/calatorinromania.com\/index.php?rest_route=%2Fwp%2Fv2%2Fcomments&post=44557"}],"version-history":[{"count":1,"href":"https:\/\/calatorinromania.com\/index.php?rest_route=\/wp\/v2\/posts\/44557\/revisions"}],"predecessor-version":[{"id":44558,"href":"https:\/\/calatorinromania.com\/index.php?rest_route=\/wp\/v2\/posts\/44557\/revisions\/44558"}],"wp:featuredmedia":[{"embeddable":true,"href":"https:\/\/calatorinromania.com\/index.php?rest_route=\/wp\/v2\/media\/44268"}],"wp:attachment":[{"href":"https:\/\/calatorinromania.com\/index.php?rest_route=%2Fwp%2Fv2%2Fmedia&parent=44557"}],"wp:term":[{"taxonomy":"category","embeddable":true,"href":"https:\/\/calatorinromania.com\/index.php?rest_route=%2Fwp%2Fv2%2Fcategories&post=44557"},{"taxonomy":"post_tag","embeddable":true,"href":"https:\/\/calatorinromania.com\/index.php?rest_route=%2Fwp%2Fv2%2Ftags&post=44557"}],"curies":[{"name":"wp","href":"https:\/\/api.w.org\/{rel}","templated":true}]}}