{"id":44555,"date":"2026-01-05T10:24:51","date_gmt":"2026-01-05T10:24:51","guid":{"rendered":"https:\/\/calatorinromania.com\/?p=44555"},"modified":"2026-01-05T10:24:51","modified_gmt":"2026-01-05T10:24:51","slug":"sa-vedem-cum-se-descurca-fara-noi-au-spus-copiii","status":"publish","type":"post","link":"https:\/\/calatorinromania.com\/?p=44555","title":{"rendered":"\u201dS\u0103 vedem cum se descurc\u0103 f\u0103r\u0103 noi\u201d \u2013 au spus copiii\u201d"},"content":{"rendered":"\n<p>Am r\u0103mas c\u00e2teva secunde f\u0103r\u0103 s\u0103 pot spune nimic. Doar \u00eei priveam. Doi oameni care \u00ee\u0219i tr\u0103iser\u0103 via\u021ba muncind, cresc\u00e2nd copii, f\u0103c\u00e2nd sacrificii, ajunseser\u0103 abandona\u021bi ca ni\u0219te bagaje vechi pe marginea drumului.<\/p>\n\n\n\n<p><\/p>\n\n\n\n<p>\u201eNu sunte\u021bi o povar\u0103\u201d, am spus ferm, de\u0219i vocea \u00eemi tremura. \u201e\u0218i nu o s\u0103 r\u0103m\u00e2ne\u021bi aici.\u201d<\/p>\n\n\n\n<p><\/p>\n\n\n\n<p>Le-am \u00eentins o sticl\u0103 de ap\u0103 rece din ma\u0219in\u0103. Femeia a b\u0103ut cu m\u00e2inile tremur\u00e2nde, ca \u0219i cum apa ar fi fost un lux. B\u0103rbatul a refuzat la \u00eenceput, din m\u00e2ndrie, apoi a luat c\u00e2teva \u00eenghi\u021bituri mici.<\/p>\n\n\n\n<p><\/p>\n\n\n\n<p>I-am ajutat s\u0103 se ridice. Genunchii le sc\u00e2r\u021b\u00e2iau, la fel ca via\u021ba lor \u00een momentul acela. I-am urcat \u00een ma\u0219in\u0103 \u0219i am pornit aerul condi\u021bionat. Femeia a \u00eenchis ochii \u0219i a oftat ad\u00e2nc, ca \u0219i cum abia atunci \u00ee\u0219i d\u0103dea voie s\u0103 respire.<\/p>\n\n\n\n<p><\/p>\n\n\n\n<p>Pe drum, mi-au spus povestea lor. Se numeau Elena \u0219i Gheorghe. Fuseser\u0103 toat\u0103 via\u021ba oameni simpli, de la \u021bar\u0103, muta\u021bi la ora\u0219 ca s\u0103 fie aproape de copii. V\u00e2nduser\u0103 casa p\u0103rinteasc\u0103, puseser\u0103 banii deoparte \u201epentru zile negre\u201d. Zilele negre veniser\u0103, dar nu cum se a\u0219teptau.<\/p>\n\n\n\n<p>Copiii lor, doi b\u0103ie\u021bi \u0219i o fat\u0103, ajunseser\u0103 s\u0103 se certe pe bani, pe \u00eengrijire, pe responsabilitate. \u00cen diminea\u021ba aceea, le spuseser\u0103 c\u0103 \u00eei duc \u201ela aer curat\u201d, pu\u021bin \u00een afara ora\u0219ului. \u0218i \u00eei l\u0103saser\u0103 acolo.<\/p>\n\n\n\n<p>I-am dus la mine acas\u0103. Nu aveam mult, un apartament modest, dar curat. Le-am preg\u0103tit o sup\u0103, le-am pus lenjerie proasp\u0103t\u0103 pe canapea. Elena pl\u00e2ngea \u00een t\u0103cere, iar Gheorghe st\u0103tea drept, ca \u0219i cum \u00eenc\u0103 mai \u00eencerca s\u0103 fie st\u00e2lpul familiei.<\/p>\n\n\n\n<p>Seara, dup\u0103 ce s-au mai lini\u0219tit, Gheorghe m-a rugat s\u0103 stau jos.<\/p>\n\n\n\n<p>\u201eDoamn\u0103 doctor, e ceva ce trebuie s\u0103 \u0219ti\u021bi.\u201d<\/p>\n\n\n\n<p>A scos din buzunar un plic gros, uzat. \u00cen\u0103untru erau acte. H\u00e2rtii vechi, bine p\u0103strate.<\/p>\n\n\n\n<p>\u201eAvem ni\u0219te bani. Mul\u021bi. Dintr-o mo\u0219tenire veche, de la un unchi plecat din \u021bar\u0103. Copiii n-au \u0219tiut niciodat\u0103 suma exact\u0103.\u201d<\/p>\n\n\n\n<p>Am \u00een\u021beles atunci r\u00e2sul din acea diminea\u021b\u0103. \u201eS\u0103 vedem cum se descurc\u0103 f\u0103r\u0103 noi.\u201d<\/p>\n\n\n\n<p>Nu i-au abandonat pentru c\u0103 nu aveau bani. I-au abandonat pentru c\u0103 voiau banii.<\/p>\n\n\n\n<p>\u00cen zilele urm\u0103toare, i-am ajutat s\u0103 ia leg\u0103tura cu un notar. Au decis ceva care m-a l\u0103sat f\u0103r\u0103 cuvinte. Nu le-au dat nimic copiilor. Niciun leu.<\/p>\n\n\n\n<p>Au donat o parte pentru un c\u0103min de b\u0103tr\u00e2ni din jude\u021b. Alt\u0103 parte pentru burse unor copii din sate s\u0103race. \u0218i-au p\u0103strat suficient c\u00e2t s\u0103 tr\u0103iasc\u0103 lini\u0219ti\u021bi, f\u0103r\u0103 griji, f\u0103r\u0103 fric\u0103.<\/p>\n\n\n\n<p>\u00centr-o diminea\u021b\u0103, Gheorghe mi-a pus plicul \u00een m\u00e2n\u0103.<br>\u201ePentru dumneavoastr\u0103. Nu bani. Doar o scrisoare.\u201d<\/p>\n\n\n\n<p>\u00cen ea scria at\u00e2t: \u201eNe-ai oprit din drum c\u00e2nd nimeni nu ne mai vedea. Ne-ai tratat ca pe oameni. Asta valoreaz\u0103 mai mult dec\u00e2t orice mo\u0219tenire.\u201d<\/p>\n\n\n\n<p>Au plecat dup\u0103 c\u00e2teva luni, \u00eentr-un or\u0103\u0219el lini\u0219tit de munte. Din c\u00e2nd \u00een c\u00e2nd \u00eemi trimit o carte po\u0219tal\u0103. Cu poze, cu mul\u021bumiri, cu via\u021b\u0103.<\/p>\n\n\n\n<p>Iar copiii lor? Au aflat prea t\u00e2rziu c\u0103 au r\u00e2s exact \u00eenainte s\u0103 piard\u0103 tot.<\/p>\n\n\n\n<p><em>Aceast\u0103 lucrare este inspirat\u0103 din evenimente \u0219i persoane reale, \u00eens\u0103 a fost fic\u021bionalizat\u0103 \u00een scopuri creative. Numele, personajele \u0219i detaliile au fost schimbate pentru a proteja intimitatea \u0219i pentru a \u00eembun\u0103t\u0103\u021bi nara\u021biunea. Orice asem\u0103nare cu persoane reale, \u00een via\u021b\u0103 sau decedate, sau cu evenimente reale este pur \u00eent\u00e2mpl\u0103toare \u0219i nu este inten\u021bionat\u0103 de c\u0103tre autor.<\/em><\/p>\n\n\n\n<p><em>Autorul \u0219i editorul nu \u00ee\u0219i asum\u0103 responsabilitatea pentru exactitatea evenimentelor sau pentru modul \u00een care sunt portretizate personajele \u0219i nu sunt r\u0103spunz\u0103tori pentru eventuale interpret\u0103ri gre\u0219ite. Aceast\u0103 poveste este oferit\u0103 \u201eca atare\u201d, iar orice opinii exprimate apar\u021bin personajelor \u0219i nu reflect\u0103 punctele de vedere ale autorului sau ale editorului.<\/em><\/p>\n","protected":false},"excerpt":{"rendered":"<p>Am r\u0103mas c\u00e2teva secunde f\u0103r\u0103 s\u0103 pot spune nimic. Doar \u00eei priveam. Doi oameni care \u00ee\u0219i tr\u0103iser\u0103 via\u021ba muncind, cresc\u00e2nd copii, f\u0103c\u00e2nd sacrificii, ajunseser\u0103 abandona\u021bi<\/p>\n","protected":false},"author":1,"featured_media":44268,"comment_status":"closed","ping_status":"closed","sticky":false,"template":"","format":"standard","meta":[],"categories":[1],"tags":[],"_links":{"self":[{"href":"https:\/\/calatorinromania.com\/index.php?rest_route=\/wp\/v2\/posts\/44555"}],"collection":[{"href":"https:\/\/calatorinromania.com\/index.php?rest_route=\/wp\/v2\/posts"}],"about":[{"href":"https:\/\/calatorinromania.com\/index.php?rest_route=\/wp\/v2\/types\/post"}],"author":[{"embeddable":true,"href":"https:\/\/calatorinromania.com\/index.php?rest_route=\/wp\/v2\/users\/1"}],"replies":[{"embeddable":true,"href":"https:\/\/calatorinromania.com\/index.php?rest_route=%2Fwp%2Fv2%2Fcomments&post=44555"}],"version-history":[{"count":1,"href":"https:\/\/calatorinromania.com\/index.php?rest_route=\/wp\/v2\/posts\/44555\/revisions"}],"predecessor-version":[{"id":44556,"href":"https:\/\/calatorinromania.com\/index.php?rest_route=\/wp\/v2\/posts\/44555\/revisions\/44556"}],"wp:featuredmedia":[{"embeddable":true,"href":"https:\/\/calatorinromania.com\/index.php?rest_route=\/wp\/v2\/media\/44268"}],"wp:attachment":[{"href":"https:\/\/calatorinromania.com\/index.php?rest_route=%2Fwp%2Fv2%2Fmedia&parent=44555"}],"wp:term":[{"taxonomy":"category","embeddable":true,"href":"https:\/\/calatorinromania.com\/index.php?rest_route=%2Fwp%2Fv2%2Fcategories&post=44555"},{"taxonomy":"post_tag","embeddable":true,"href":"https:\/\/calatorinromania.com\/index.php?rest_route=%2Fwp%2Fv2%2Ftags&post=44555"}],"curies":[{"name":"wp","href":"https:\/\/api.w.org\/{rel}","templated":true}]}}