{"id":44543,"date":"2026-01-05T09:58:01","date_gmt":"2026-01-05T09:58:01","guid":{"rendered":"https:\/\/calatorinromania.com\/?p=44543"},"modified":"2026-01-05T09:58:02","modified_gmt":"2026-01-05T09:58:02","slug":"mama-a-facut-dementa","status":"publish","type":"post","link":"https:\/\/calatorinromania.com\/?p=44543","title":{"rendered":"Mama a f\u0103cut demen\u021b\u0103."},"content":{"rendered":"\n<p>\u2026El era notarul din ora\u0219ul vecin.<\/p>\n\n\n\n<p><\/p>\n\n\n\n<p>Vocea lui era calm\u0103, aproape prea calm\u0103 pentru ce urma s\u0103-mi spun\u0103. Mi-a cerut s\u0103 m\u0103 a\u0219ez. Am sim\u021bit cum mi se taie picioarele. Trei zile trecuser\u0103 de la \u00eenmorm\u00e2ntare. Casa era \u00eenc\u0103 plin\u0103 de mirosul mamei. Ceai de tei \u0219i s\u0103pun ieftin.<\/p>\n\n\n\n<p><\/p>\n\n\n\n<p>Notarul mi-a spus c\u0103 mama l-a c\u0103utat cu aproape un an \u00eenainte s\u0103 moar\u0103. Singur\u0103. Pe picioarele ei, \u00eentr-o zi bun\u0103, c\u00e2nd \u00eenc\u0103 mai \u0219tia cine este \u0219i unde se afl\u0103. A venit cu autobuzul, cu o saco\u0219\u0103 de rafie, din aia veche.<\/p>\n\n\n\n<p><\/p>\n\n\n\n<p>\u201eA vrut s\u0103 l\u0103mureasc\u0103 ceva\u201d, mi-a spus el.<\/p>\n\n\n\n<p><\/p>\n\n\n\n<p>Am t\u0103cut. Nu \u0219tiam ce s\u0103 spun. \u00cen fa\u021ba mea, pe mas\u0103, era \u00eenc\u0103 farfuria ei. Nu avusesem puterea s-o str\u00e2ng.<\/p>\n\n\n\n<p><\/p>\n\n\n\n<p>Mi-a explicat c\u0103 testamentul fusese f\u0103cut corect, legal, \u0219i c\u0103 nu fusese nicio gre\u0219eal\u0103 \u00een \u00eemp\u0103r\u021birea bunurilor. Casa de la \u021bar\u0103, terenul, banii din banc\u0103 \u2013 totul fusese \u00eemp\u0103r\u021bit \u00een mod egal \u00eentre noi, copiii.<\/p>\n\n\n\n<p><\/p>\n\n\n\n<p>Exact cum \u0219tiam deja.<\/p>\n\n\n\n<p>Apoi a f\u0103cut o pauz\u0103.<\/p>\n\n\n\n<p>\u0218i pauza aia m-a speriat mai tare dec\u00e2t orice.<\/p>\n\n\n\n<p>\u201eDar mai este ceva\u201d, a spus el.<\/p>\n\n\n\n<p>Mi-a spus c\u0103 mama deschisese un cont separat. Pe numele meu. Doar pe numele meu. Nu o avere. Nu ceva care s\u0103 \u00eentoarc\u0103 lumea pe dos. Dar suficient.<\/p>\n\n\n\n<p>63.000 de lei.<\/p>\n\n\n\n<p>Bani str\u00e2n\u0219i \u00eencet. Pensie pus\u0103 deoparte. V\u00e2nduse \u0219i o bucat\u0103 mic\u0103 de teren, f\u0103r\u0103 s\u0103 spun\u0103 nim\u0103nui. \u00cemi l\u0103sase mie acei bani. Cu o singur\u0103 condi\u021bie: s\u0103-i primesc abia dup\u0103 ce ea nu mai e.<\/p>\n\n\n\n<p>Am sim\u021bit cum mi se str\u00e2nge pieptul.<\/p>\n\n\n\n<p>Notarul mi-a citit \u0219i o scrisoare. Scrisul ei tremurat. O recuno\u0219team dintr-o mie.<\/p>\n\n\n\n<p>\u201eDac\u0103 cite\u0219ti asta, \u00eenseamn\u0103 c\u0103 nu mai sunt. \u0218tiu c\u0103 \u021bi-a fost greu. \u0218tiu c\u0103 ai renun\u021bat la multe pentru mine. Nu \u021bi-am putut spune mul\u021bumesc atunci, c\u0103 nu mai \u0219tiam cum. Dar am \u0219tiut mereu cine e\u0219ti.\u201d<\/p>\n\n\n\n<p>Am \u00eenceput s\u0103 pl\u00e2ng. Nu zgomotos. A\u0219a, pe din\u0103untru.<\/p>\n\n\n\n<p>\u00cen scrisoare spunea c\u0103 fra\u021bii mei au ales drumul u\u0219or. C\u0103 nu-i judec\u0103. Dar c\u0103 eu am ales-o pe ea. Zilnic. Cu nervi, cu oboseal\u0103, cu nop\u021bi nedormite. C\u0103 m-a v\u0103zut cum \u00eei sp\u0103lam p\u0103rul, cum \u00eei vorbeam chiar \u0219i c\u00e2nd nu r\u0103spundea. C\u0103 m-a auzit pl\u00e2ng\u00e2nd \u00een baie, crez\u00e2nd c\u0103 ea doarme.<\/p>\n\n\n\n<p>\u201eBanii \u0103\u0219tia nu-\u021bi pl\u0103tesc via\u021ba pierdut\u0103\u201d, scria. \u201eDar poate te ajut\u0103 s-o iei de la cap\u0103t.\u201d<\/p>\n\n\n\n<p>Dup\u0103 ce am \u00eenchis telefonul, am stat mult pe marginea patului. Am privit pere\u021bii. Amintirile. Momentele \u00een care m\u0103 \u00eentreba cine sunt. \u0218i cele, rare, \u00een care \u00eemi z\u00e2mbea \u0219i-mi spunea pe nume.<\/p>\n\n\n\n<p>Cu banii \u0103ia n-am f\u0103cut minuni. Mi-am pl\u0103tit datoriile. Mi-am luat timp. Am respirat. Am urmat un curs. Am g\u0103sit un loc de munc\u0103 mai modest, dar lini\u0219tit.<\/p>\n\n\n\n<p>Fra\u021bii mei n-au aflat niciodat\u0103. N-am sim\u021bit nevoia s\u0103 le spun. Nu din r\u0103zbunare. Ci pentru c\u0103 nu era despre ei.<\/p>\n\n\n\n<p>Era despre o femeie care, chiar \u0219i c\u00e2nd mintea o tr\u0103da, a \u0219tiut unde i-a fost inima.<\/p>\n\n\n\n<p>\u0218i despre mine.<\/p>\n\n\n\n<p>Care, pentru prima dat\u0103 dup\u0103 mult timp, am sim\u021bit c\u0103 n-am fost prost. N-am fost slab. Am fost om.<\/p>\n\n\n\n<p>Iar uneori, asta e tot ce conteaz\u0103.<\/p>\n\n\n\n<p><em>Aceast\u0103 lucrare este inspirat\u0103 din evenimente \u0219i persoane reale, \u00eens\u0103 a fost fic\u021bionalizat\u0103 \u00een scopuri creative. Numele, personajele \u0219i detaliile au fost schimbate pentru a proteja intimitatea \u0219i pentru a \u00eembun\u0103t\u0103\u021bi nara\u021biunea. Orice asem\u0103nare cu persoane reale, \u00een via\u021b\u0103 sau decedate, sau cu evenimente reale este pur \u00eent\u00e2mpl\u0103toare \u0219i nu este inten\u021bionat\u0103 de c\u0103tre autor.<\/em><\/p>\n\n\n\n<p><em>Autorul \u0219i editorul nu \u00ee\u0219i asum\u0103 responsabilitatea pentru exactitatea evenimentelor sau pentru modul \u00een care sunt portretizate personajele \u0219i nu sunt r\u0103spunz\u0103tori pentru eventuale interpret\u0103ri gre\u0219ite. Aceast\u0103 poveste este oferit\u0103 \u201eca atare\u201d, iar orice opinii exprimate apar\u021bin personajelor \u0219i nu reflect\u0103 punctele de vedere ale autorului sau ale editorului.<\/em><\/p>\n","protected":false},"excerpt":{"rendered":"<p>\u2026El era notarul din ora\u0219ul vecin. Vocea lui era calm\u0103, aproape prea calm\u0103 pentru ce urma s\u0103-mi spun\u0103. Mi-a cerut s\u0103 m\u0103 a\u0219ez. Am sim\u021bit<\/p>\n","protected":false},"author":1,"featured_media":44268,"comment_status":"closed","ping_status":"closed","sticky":false,"template":"","format":"standard","meta":[],"categories":[1],"tags":[],"_links":{"self":[{"href":"https:\/\/calatorinromania.com\/index.php?rest_route=\/wp\/v2\/posts\/44543"}],"collection":[{"href":"https:\/\/calatorinromania.com\/index.php?rest_route=\/wp\/v2\/posts"}],"about":[{"href":"https:\/\/calatorinromania.com\/index.php?rest_route=\/wp\/v2\/types\/post"}],"author":[{"embeddable":true,"href":"https:\/\/calatorinromania.com\/index.php?rest_route=\/wp\/v2\/users\/1"}],"replies":[{"embeddable":true,"href":"https:\/\/calatorinromania.com\/index.php?rest_route=%2Fwp%2Fv2%2Fcomments&post=44543"}],"version-history":[{"count":1,"href":"https:\/\/calatorinromania.com\/index.php?rest_route=\/wp\/v2\/posts\/44543\/revisions"}],"predecessor-version":[{"id":44544,"href":"https:\/\/calatorinromania.com\/index.php?rest_route=\/wp\/v2\/posts\/44543\/revisions\/44544"}],"wp:featuredmedia":[{"embeddable":true,"href":"https:\/\/calatorinromania.com\/index.php?rest_route=\/wp\/v2\/media\/44268"}],"wp:attachment":[{"href":"https:\/\/calatorinromania.com\/index.php?rest_route=%2Fwp%2Fv2%2Fmedia&parent=44543"}],"wp:term":[{"taxonomy":"category","embeddable":true,"href":"https:\/\/calatorinromania.com\/index.php?rest_route=%2Fwp%2Fv2%2Fcategories&post=44543"},{"taxonomy":"post_tag","embeddable":true,"href":"https:\/\/calatorinromania.com\/index.php?rest_route=%2Fwp%2Fv2%2Ftags&post=44543"}],"curies":[{"name":"wp","href":"https:\/\/api.w.org\/{rel}","templated":true}]}}