{"id":44539,"date":"2026-01-05T09:47:25","date_gmt":"2026-01-05T09:47:25","guid":{"rendered":"https:\/\/calatorinromania.com\/?p=44539"},"modified":"2026-01-05T09:47:25","modified_gmt":"2026-01-05T09:47:25","slug":"un-milionar-a-montat-camere-ca-sa-si-supravegheze-bona","status":"publish","type":"post","link":"https:\/\/calatorinromania.com\/?p=44539","title":{"rendered":"Un milionar a montat CAMERE ca s\u0103-\u0219i supravegheze bona"},"content":{"rendered":"\n<p>Mihai a \u00eenchis \u00eencet fermoarul gen\u021bii, cu m\u00e2inile u\u0219or tremur\u00e2nde. Imaginea din medalion \u00eei r\u0103m\u0103sese lipit\u0103 de minte. B\u0103rbatul din fotografie sem\u0103na izbitor cu tat\u0103l lui, doar c\u0103 era mai \u00een v\u00e2rst\u0103. Mult mai \u00een v\u00e2rst\u0103.<\/p>\n\n\n\n<p><\/p>\n\n\n\n<p>A stat pe scaun c\u00e2teva minute bune, f\u0103r\u0103 s\u0103 mi\u0219te un deget.<\/p>\n\n\n\n<p><\/p>\n\n\n\n<p>Nu avea nicio explica\u021bie logic\u0103.<\/p>\n\n\n\n<p><\/p>\n\n\n\n<p>Seara, a deschis din nou camerele. Ana \u00eei citea lui Petru o poveste, cu voce cald\u0103, r\u0103bd\u0103toare. Copilul r\u00e2dea, \u00eei atingea fa\u021ba, \u00eei spunea st\u00e2lcit pe nume. Era o imagine de familie. Prea\u2026 natural\u0103.<\/p>\n\n\n\n<p><\/p>\n\n\n\n<p>\u00cen noaptea aceea, Mihai n-a dormit.<\/p>\n\n\n\n<p><\/p>\n\n\n\n<p>A doua zi, a decis s\u0103 o urm\u0103reasc\u0103 atent, dar nu prin camere. Cu ochii lui. A observat lucruri m\u0103runte: felul \u00een care \u00eei preg\u0103tea copilului micul dejun, exact a\u0219a cum \u00eei pl\u0103cea lui; cum \u00eei aranja hainele, cu o grij\u0103 care dep\u0103\u0219ea o simpl\u0103 fi\u0219\u0103 de post; cum \u00eei vorbea despre el, tat\u0103l, mereu cu respect, niciodat\u0103 cu fric\u0103.<\/p>\n\n\n\n<p><\/p>\n\n\n\n<p>\u00centr-un moment de lini\u0219te, Ana a ie\u0219it \u00een curte cu copilul. Mihai i-a urm\u0103rit de la fereastr\u0103. A v\u0103zut-o \u0219terg\u00e2ndu-\u0219i o lacrim\u0103, crez\u00e2ndu-se singur\u0103.<\/p>\n\n\n\n<p><\/p>\n\n\n\n<p>Atunci a \u0219tiut c\u0103 trebuie s\u0103 afle adev\u0103rul.<\/p>\n\n\n\n<p>Seara, dup\u0103 ce Petru a adormit, Mihai a chemat-o \u00een birou. Nu era furios. Era obosit.<\/p>\n\n\n\n<p>\u2014 Ana, trebuie s\u0103 vorbim, a spus calm.<\/p>\n\n\n\n<p>Fata a \u00eencremenit o clip\u0103. Apoi a dat din cap.<\/p>\n\n\n\n<p>Mihai a scos medalionul \u0219i l-a pus pe birou.<\/p>\n\n\n\n<p>Ana s-a albit la fa\u021b\u0103.<\/p>\n\n\n\n<p>\u2014 De unde ave\u021bi asta? a \u0219optit.<\/p>\n\n\n\n<p>\u2014 Din geanta ta. Spune-mi cine sunt oamenii din poz\u0103.<\/p>\n\n\n\n<p>Ana s-a a\u0219ezat \u00eencet pe scaun. I-au dat lacrimile.<\/p>\n\n\n\n<p>\u2014 B\u0103rbatul\u2026 e bunicul meu, a spus ea. Iar femeia e mama mea.<\/p>\n\n\n\n<p>Mihai a sim\u021bit cum \u00eei bate inima \u00een g\u00e2t.<\/p>\n\n\n\n<p>\u2014 Tat\u0103l meu, a continuat Ana, a fost muncitor pe un \u0219antier unde compania dumneavoastr\u0103 f\u0103cea angaj\u0103ri acum peste 30 de ani. A murit \u00eentr-un accident. Nimeni n-a r\u0103spuns atunci. Mama mea a crescut singur\u0103, cu greu. Bunicul\u2026 bunicul ne-a \u021binut pe am\u00e2ndou\u0103.<\/p>\n\n\n\n<p>Mihai a \u00eenchis ochii.<\/p>\n\n\n\n<p>\u0218tia exact despre ce accident vorbea.<\/p>\n\n\n\n<p>\u2014 Mama mea v-a v\u0103zut \u00eentr-o zi la televizor, a spus Ana. A recunoscut numele. A \u0219tiut c\u0103 sunte\u021bi fiul omului care semnase documentele atunci.<\/p>\n\n\n\n<p>\u2014 \u0218i de ce ai venit aici? a \u00eentrebat el, cu voce joas\u0103.<\/p>\n\n\n\n<p>Ana l-a privit drept \u00een ochi.<\/p>\n\n\n\n<p>\u2014 Nu pentru bani. Nici pentru r\u0103zbunare. Am vrut doar s\u0103 v\u0103 v\u0103d copilul. S\u0103 m\u0103 asigur c\u0103 e crescut cu dragoste. Pentru c\u0103, oric\u00e2t ar p\u0103rea de ciudat\u2026 suntem lega\u021bi.<\/p>\n\n\n\n<p>T\u0103cerea a fost grea.<\/p>\n\n\n\n<p>Mihai s-a ridicat \u0219i a mers spre fereastr\u0103. Toat\u0103 via\u021ba lui fusese construit\u0103 pe control, pe fric\u0103, pe ziduri ridicate prea sus. \u0218i, f\u0103r\u0103 s\u0103-\u0219i dea seama, r\u0103nise oameni.<\/p>\n\n\n\n<p>\u2014 \u0218tii\u2026 a spus el, \u00eentorc\u00e2ndu-se, tat\u0103l meu n-a vorbit niciodat\u0103 despre acel accident. Dar eu am \u0219tiut mereu c\u0103 a fost ceva murdar acolo.<\/p>\n\n\n\n<p>A scos un plic din sertar.<\/p>\n\n\n\n<p>\u2014 Aici sunt 200.000 de lei. Pentru mama ta. Nu ca s\u0103 cump\u0103r iertare. Ci ca s\u0103 repar ce se mai poate.<\/p>\n\n\n\n<p>Ana a izbucnit \u00een pl\u00e2ns.<\/p>\n\n\n\n<p>\u2014 Vreau s\u0103 r\u0103m\u00e2i, a continuat el. Dac\u0103 mai vrei. Nu ca bon\u0103 supravegheat\u0103. Ci ca om de \u00eencredere.<\/p>\n\n\n\n<p>Ana a dat din cap, printre lacrimi.<\/p>\n\n\n\n<p>\u00cen zilele urm\u0103toare, camerele au fost demontate. Una c\u00e2te una.<\/p>\n\n\n\n<p>Casa a devenit mai lini\u0219tit\u0103. Mai cald\u0103.<\/p>\n\n\n\n<p>Iar Mihai, milionarul care nu avea \u00eencredere \u00een nimeni, a \u00eenv\u0103\u021bat cea mai grea lec\u021bie a vie\u021bii lui: uneori, adev\u0103rata avere nu e s\u0103 vezi tot, ci s\u0103 sim\u021bi c\u00e2nd cineva \u00ee\u021bi \u00eentinde o m\u00e2n\u0103 sincer\u0103.<\/p>\n\n\n\n<p><em>Aceast\u0103 lucrare este inspirat\u0103 din evenimente \u0219i persoane reale, \u00eens\u0103 a fost fic\u021bionalizat\u0103 \u00een scopuri creative. Numele, personajele \u0219i detaliile au fost schimbate pentru a proteja intimitatea \u0219i pentru a \u00eembun\u0103t\u0103\u021bi nara\u021biunea. Orice asem\u0103nare cu persoane reale, \u00een via\u021b\u0103 sau decedate, sau cu evenimente reale este pur \u00eent\u00e2mpl\u0103toare \u0219i nu este inten\u021bionat\u0103 de c\u0103tre autor.<\/em><\/p>\n\n\n\n<p><em>Autorul \u0219i editorul nu \u00ee\u0219i asum\u0103 responsabilitatea pentru exactitatea evenimentelor sau pentru modul \u00een care sunt portretizate personajele \u0219i nu sunt r\u0103spunz\u0103tori pentru eventuale interpret\u0103ri gre\u0219ite. Aceast\u0103 poveste este oferit\u0103 \u201eca atare\u201d, iar orice opinii exprimate apar\u021bin personajelor \u0219i nu reflect\u0103 punctele de vedere ale autorului sau ale editorului.<\/em><\/p>\n","protected":false},"excerpt":{"rendered":"<p>Mihai a \u00eenchis \u00eencet fermoarul gen\u021bii, cu m\u00e2inile u\u0219or tremur\u00e2nde. Imaginea din medalion \u00eei r\u0103m\u0103sese lipit\u0103 de minte. B\u0103rbatul din fotografie sem\u0103na izbitor cu tat\u0103l<\/p>\n","protected":false},"author":1,"featured_media":44268,"comment_status":"closed","ping_status":"closed","sticky":false,"template":"","format":"standard","meta":[],"categories":[1],"tags":[],"_links":{"self":[{"href":"https:\/\/calatorinromania.com\/index.php?rest_route=\/wp\/v2\/posts\/44539"}],"collection":[{"href":"https:\/\/calatorinromania.com\/index.php?rest_route=\/wp\/v2\/posts"}],"about":[{"href":"https:\/\/calatorinromania.com\/index.php?rest_route=\/wp\/v2\/types\/post"}],"author":[{"embeddable":true,"href":"https:\/\/calatorinromania.com\/index.php?rest_route=\/wp\/v2\/users\/1"}],"replies":[{"embeddable":true,"href":"https:\/\/calatorinromania.com\/index.php?rest_route=%2Fwp%2Fv2%2Fcomments&post=44539"}],"version-history":[{"count":1,"href":"https:\/\/calatorinromania.com\/index.php?rest_route=\/wp\/v2\/posts\/44539\/revisions"}],"predecessor-version":[{"id":44540,"href":"https:\/\/calatorinromania.com\/index.php?rest_route=\/wp\/v2\/posts\/44539\/revisions\/44540"}],"wp:featuredmedia":[{"embeddable":true,"href":"https:\/\/calatorinromania.com\/index.php?rest_route=\/wp\/v2\/media\/44268"}],"wp:attachment":[{"href":"https:\/\/calatorinromania.com\/index.php?rest_route=%2Fwp%2Fv2%2Fmedia&parent=44539"}],"wp:term":[{"taxonomy":"category","embeddable":true,"href":"https:\/\/calatorinromania.com\/index.php?rest_route=%2Fwp%2Fv2%2Fcategories&post=44539"},{"taxonomy":"post_tag","embeddable":true,"href":"https:\/\/calatorinromania.com\/index.php?rest_route=%2Fwp%2Fv2%2Ftags&post=44539"}],"curies":[{"name":"wp","href":"https:\/\/api.w.org\/{rel}","templated":true}]}}