{"id":44511,"date":"2026-01-04T10:35:33","date_gmt":"2026-01-04T10:35:33","guid":{"rendered":"https:\/\/calatorinromania.com\/?p=44511"},"modified":"2026-01-04T10:35:33","modified_gmt":"2026-01-04T10:35:33","slug":"dupa-ce-si-a-dus-fiul-in-clasa-intai-vlad-a-observat-la-o-fetita-un-detaliu-ciudat","status":"publish","type":"post","link":"https:\/\/calatorinromania.com\/?p=44511","title":{"rendered":"Dup\u0103 ce \u0219i-a dus fiul \u00een clasa \u00eent\u00e2i, Vlad a observat la o feti\u021b\u0103 un detaliu ciudat"},"content":{"rendered":"\n<p>\u00cen prag st\u0103tea o femeie slab\u0103, cu p\u0103rul prins neglijent \u0219i cu fa\u021ba palid\u0103. Ochii ei obosi\u021bi se ridicar\u0103 \u00eencet \u0219i se oprir\u0103 pe Vlad.<\/p>\n\n\n\n<p><\/p>\n\n\n\n<p>Pentru o clip\u0103, niciunul nu spuse nimic.<\/p>\n\n\n\n<p><\/p>\n\n\n\n<p>\u2014\u00a0<strong>Ana\u2026<\/strong>\u00a0\u00eei sc\u0103p\u0103 lui, abia auzit.<\/p>\n\n\n\n<p><\/p>\n\n\n\n<p>Femeia tres\u0103ri. Degetele i se str\u00e2nser\u0103 pe tocul u\u0219ii. Privirea \u00eei tremur\u0103, apoi se \u00eentunec\u0103.<\/p>\n\n\n\n<p><\/p>\n\n\n\n<p>\u2014 Nu\u2026 nu se poate\u2026 \u0219opti ea.<\/p>\n\n\n\n<p><\/p>\n\n\n\n<p>Feti\u021ba intr\u0103 \u00een apartament f\u0103r\u0103 s\u0103 se \u00eentoarc\u0103. Vlad r\u0103mase nemi\u0219cat pe palier, cu inima b\u0103t\u00e2ndu-i \u00een urechi.<\/p>\n\n\n\n<p><\/p>\n\n\n\n<p>Ana fusese marea lui iubire. Femeia pentru care renun\u021base la multe, dar pe care o pierduse dintr-o gre\u0219eal\u0103 stupid\u0103. Se desp\u0103r\u021biser\u0103 ur\u00e2t, f\u0103r\u0103 explica\u021bii, f\u0103r\u0103 r\u0103mas-bun. Dup\u0103 aceea, ea disp\u0103ruse.<\/p>\n\n\n\n<p>\u2014 De ce e\u0219ti aici? \u00eentreb\u0103 Ana, cu o voce rece.<\/p>\n\n\n\n<p>Vlad \u00eenghi\u021bi \u00een sec.<\/p>\n\n\n\n<p>\u2014 Br\u0103\u021bara\u2026 spuse el. Am v\u0103zut br\u0103\u021bara.<\/p>\n\n\n\n<p>Ana \u00ee\u0219i cobor\u00ee privirea. M\u00e2inile \u00eei tremurau.<\/p>\n\n\n\n<p>\u2014 Intr\u0103, spuse \u00eentr-un final, d\u00e2ndu-se la o parte.<\/p>\n\n\n\n<p>Apartamentul era mic, dar curat. Mobil\u0103 veche, un covor rom\u00e2nesc decolorat, o icoan\u0103 pe perete. Feti\u021ba st\u0103tea pe un scaun, cu m\u00e2inile \u00een poal\u0103. Se uita la Vlad f\u0103r\u0103 team\u0103.<\/p>\n\n\n\n<p>\u2014 Cum te cheam\u0103? \u00eentreb\u0103 el, \u00eencet.<\/p>\n\n\n\n<p>\u2014&nbsp;<strong>Maria<\/strong>, r\u0103spunse ea.<\/p>\n\n\n\n<p>Numele \u00eel lovi ca un pumn. A\u0219a se hot\u0103r\u00e2ser\u0103 c\u00e2ndva s\u0103-\u0219i numeasc\u0103 feti\u021ba, dac\u0103 ar fi avut una.<\/p>\n\n\n\n<p>Vlad se \u00eentoarse spre Ana.<\/p>\n\n\n\n<p>\u2014 E\u2026 a mea?<\/p>\n\n\n\n<p>Ana \u00ee\u0219i mu\u0219c\u0103 buza. Lacrimile \u00eei umplur\u0103 ochii, dar nu c\u0103zur\u0103.<\/p>\n\n\n\n<p>\u2014 Da, spuse ea. Este a ta.<\/p>\n\n\n\n<p>Lumea se pr\u0103bu\u0219i \u0219i se reconstrui \u00een acela\u0219i timp. Vlad se sprijini de mas\u0103, ca s\u0103 nu cad\u0103.<\/p>\n\n\n\n<p>\u2014 De ce nu mi-ai spus?<\/p>\n\n\n\n<p>Ana izbucni.<\/p>\n\n\n\n<p>\u2014 Pentru c\u0103 atunci ai ales altceva! Ai ales banii, serviciul, via\u021ba ta confortabil\u0103! Eu am r\u0103mas singur\u0103. Singur\u0103 cu un copil \u0219i cu datorii. Am tr\u0103it din salariu \u00een salariu, cu chiria pe cap, cu facturi nepl\u0103tite!<\/p>\n\n\n\n<p>Maria \u00ee\u0219i ridic\u0103 ochii spre mama ei, speriat\u0103.<\/p>\n\n\n\n<p>Vlad se apropie de feti\u021b\u0103 \u0219i se l\u0103s\u0103 \u00een genunchi \u00een fa\u021ba ei.<\/p>\n\n\n\n<p>\u2014 \u0218tii cine sunt? \u00eentreb\u0103 el.<\/p>\n\n\n\n<p>Maria d\u0103du din cap.<\/p>\n\n\n\n<p>\u2014 Mama spune c\u0103 e\u0219ti tata.<\/p>\n\n\n\n<p>Inima lui ced\u0103. \u00cei cuprinse m\u00e2inile mici.<\/p>\n\n\n\n<p>\u2014 \u00cemi pare r\u0103u c\u0103 n-am fost aici, spuse el. Dar sunt acum. \u0218i nu mai plec.<\/p>\n\n\n\n<p>\u00cen urm\u0103toarele s\u0103pt\u0103m\u00e2ni, via\u021ba tuturor se schimb\u0103. Vlad \u00eencepu s\u0103 vin\u0103 zilnic. O ducea pe Maria la \u0219coal\u0103, o ajuta la teme, \u00eei cump\u0103r\u0103 ghiozdan nou \u0219i ghete pentru iarn\u0103. Nu cu bani arunca\u021bi, ci cu grij\u0103.<\/p>\n\n\n\n<p>Ana \u00eel privea de la distan\u021b\u0103, ne\u00eencrez\u0103toare. Dar \u00eencet-\u00eencet, zidurile ei se cr\u0103par\u0103.<\/p>\n\n\n\n<p>\u00centr-o sear\u0103, st\u0103teau to\u021bi trei la mas\u0103. O ciorb\u0103 simpl\u0103, p\u00e2ine cald\u0103. Maria r\u00e2dea.<\/p>\n\n\n\n<p>\u2014 Tati, m\u00e2ine vii iar? \u00eentreb\u0103 ea.<\/p>\n\n\n\n<p>\u2014 Vin \u00een fiecare zi, r\u0103spunse Vlad.<\/p>\n\n\n\n<p>Ana \u00ee\u0219i \u0219terse ochii.<\/p>\n\n\n\n<p>Dup\u0103 c\u00e2teva luni, Vlad le mut\u0103 \u00eentr-un apartament mai bun. Nu mare, nu luxos, dar cald. Cu lumin\u0103. Cu lini\u0219te.<\/p>\n\n\n\n<p>\u00centr-o diminea\u021b\u0103 de prim\u0103var\u0103, Maria \u00ee\u0219i scoase br\u0103\u021bara \u0219i i-o \u00eentinse.<\/p>\n\n\n\n<p>\u2014 E a ta, spuse ea.<\/p>\n\n\n\n<p>Vlad o lu\u0103 \u0219i i-o puse la loc pe m\u00e2n\u0103.<\/p>\n\n\n\n<p>\u2014 Nu. Acum e a noastr\u0103.<\/p>\n\n\n\n<p>Ana z\u00e2mbi pentru prima dat\u0103 f\u0103r\u0103 team\u0103.<\/p>\n\n\n\n<p>Uneori, via\u021ba nu \u00ee\u021bi d\u0103 a doua \u0219ans\u0103 u\u0219or. Dar c\u00e2nd o face, trebuie s\u0103 ai curajul s\u0103 nu o ratezi din nou.<\/p>\n\n\n\n<p>Iar Vlad \u0219tia un lucru sigur: de data asta, nu va mai pleca.<\/p>\n\n\n\n<p><em>Aceast\u0103 lucrare este inspirat\u0103 din evenimente \u0219i persoane reale, \u00eens\u0103 a fost fic\u021bionalizat\u0103 \u00een scopuri creative. Numele, personajele \u0219i detaliile au fost schimbate pentru a proteja intimitatea \u0219i pentru a \u00eembun\u0103t\u0103\u021bi nara\u021biunea. Orice asem\u0103nare cu persoane reale, \u00een via\u021b\u0103 sau decedate, sau cu evenimente reale este pur \u00eent\u00e2mpl\u0103toare \u0219i nu este inten\u021bionat\u0103 de c\u0103tre autor.<\/em><\/p>\n\n\n\n<p><em>Autorul \u0219i editorul nu \u00ee\u0219i asum\u0103 responsabilitatea pentru exactitatea evenimentelor sau pentru modul \u00een care sunt portretizate personajele \u0219i nu sunt r\u0103spunz\u0103tori pentru eventuale interpret\u0103ri gre\u0219ite. Aceast\u0103 poveste este oferit\u0103 \u201eca atare\u201d, iar orice opinii exprimate apar\u021bin personajelor \u0219i nu reflect\u0103 punctele de vedere ale autorului sau ale editorului.<\/em><\/p>\n\n\n\n<p><a href=\"https:\/\/www.pinterest.com\/pin\/create\/button\/?url=https%3A%2F%2Fbumzi.ro%2F%3Fp%3D16193&amp;description=Dup%C4%83+ce+%C8%99i-a+dus+fiul+%C3%AEn+clasa+%C3%AEnt%C3%A2i%2C+Vlad+a+observat+la+o+feti%C8%9B%C4%83+un+detaliu+ciudat\" target=\"_blank\" rel=\"noreferrer noopener\"><\/a><\/p>\n\n\n\n<p><a href=\"https:\/\/www.facebook.com\/sharer\/sharer.php?u=https%3A%2F%2Fbumzi.ro%2F%3Fp%3D16193\" target=\"_blank\" rel=\"noreferrer noopener\"><\/a><\/p>\n\n\n\n<p><a href=\"https:\/\/twitter.com\/intent\/tweet?url=https%3A%2F%2Fbumzi.ro%2F%3Fp%3D16193&amp;text=Dup%C4%83+ce+%C8%99i-a+dus+fiul+%C3%AEn+clasa+%C3%AEnt%C3%A2i%2C+Vlad+a+observat+la+o+feti%C8%9B%C4%83+un+detaliu+ciudat\" target=\"_blank\" rel=\"noreferrer noopener\"><\/a><a href=\"https:\/\/bumzi.ro\/?p=16190\"><\/a><\/p>\n","protected":false},"excerpt":{"rendered":"<p>\u00cen prag st\u0103tea o femeie slab\u0103, cu p\u0103rul prins neglijent \u0219i cu fa\u021ba palid\u0103. Ochii ei obosi\u021bi se ridicar\u0103 \u00eencet \u0219i se oprir\u0103 pe Vlad.<\/p>\n","protected":false},"author":1,"featured_media":44268,"comment_status":"closed","ping_status":"closed","sticky":false,"template":"","format":"standard","meta":[],"categories":[1],"tags":[],"_links":{"self":[{"href":"https:\/\/calatorinromania.com\/index.php?rest_route=\/wp\/v2\/posts\/44511"}],"collection":[{"href":"https:\/\/calatorinromania.com\/index.php?rest_route=\/wp\/v2\/posts"}],"about":[{"href":"https:\/\/calatorinromania.com\/index.php?rest_route=\/wp\/v2\/types\/post"}],"author":[{"embeddable":true,"href":"https:\/\/calatorinromania.com\/index.php?rest_route=\/wp\/v2\/users\/1"}],"replies":[{"embeddable":true,"href":"https:\/\/calatorinromania.com\/index.php?rest_route=%2Fwp%2Fv2%2Fcomments&post=44511"}],"version-history":[{"count":1,"href":"https:\/\/calatorinromania.com\/index.php?rest_route=\/wp\/v2\/posts\/44511\/revisions"}],"predecessor-version":[{"id":44512,"href":"https:\/\/calatorinromania.com\/index.php?rest_route=\/wp\/v2\/posts\/44511\/revisions\/44512"}],"wp:featuredmedia":[{"embeddable":true,"href":"https:\/\/calatorinromania.com\/index.php?rest_route=\/wp\/v2\/media\/44268"}],"wp:attachment":[{"href":"https:\/\/calatorinromania.com\/index.php?rest_route=%2Fwp%2Fv2%2Fmedia&parent=44511"}],"wp:term":[{"taxonomy":"category","embeddable":true,"href":"https:\/\/calatorinromania.com\/index.php?rest_route=%2Fwp%2Fv2%2Fcategories&post=44511"},{"taxonomy":"post_tag","embeddable":true,"href":"https:\/\/calatorinromania.com\/index.php?rest_route=%2Fwp%2Fv2%2Ftags&post=44511"}],"curies":[{"name":"wp","href":"https:\/\/api.w.org\/{rel}","templated":true}]}}