{"id":44465,"date":"2026-01-03T08:59:39","date_gmt":"2026-01-03T08:59:39","guid":{"rendered":"https:\/\/calatorinromania.com\/?p=44465"},"modified":"2026-01-03T08:59:39","modified_gmt":"2026-01-03T08:59:39","slug":"ai-avea-grija-de-copilul-meu","status":"publish","type":"post","link":"https:\/\/calatorinromania.com\/?p=44465","title":{"rendered":"Ai avea grij\u0103 de copilul meu?"},"content":{"rendered":"\n<p>Maria n-a r\u0103spuns pe loc.<\/p>\n\n\n\n<p><\/p>\n\n\n\n<p>S-a aplecat, \u0219i-a ridicat geanta \u0219i a str\u00e2ns-o la piept, de parc\u0103 ar fi fost singurul lucru sigur din via\u021ba ei.<\/p>\n\n\n\n<p><\/p>\n\n\n\n<p>\u2014 Domnule Darius\u2026 eu sunt o femeie simpl\u0103, a spus \u00eencet.<\/p>\n\n\n\n<p><br>Nu \u0219tiu lumea dumneavoastr\u0103. Nu \u0219tiu tribunale, contracte, vile.<\/p>\n\n\n\n<p><\/p>\n\n\n\n<p>Darius a l\u0103sat capul \u00een jos.<\/p>\n\n\n\n<p><\/p>\n\n\n\n<p>\u2014 \u0218tiu. De asta mi-e ru\u0219ine s\u0103-\u021bi cer a\u0219a ceva.<\/p>\n\n\n\n<p><br>Dar nu mai am pe nimeni.<\/p>\n\n\n\n<p><\/p>\n\n\n\n<p>Pl\u00e2nsul lui Noah s-a auzit din nou, slab, obosit.<\/p>\n\n\n\n<p><\/p>\n\n\n\n<p>Maria s-a apropiat instinctiv.<\/p>\n\n\n\n<p><br>L-a luat \u00een bra\u021be f\u0103r\u0103 s\u0103-\u0219i dea seama.<\/p>\n\n\n\n<p><\/p>\n\n\n\n<p>Copilul s-a lini\u0219tit imediat.<\/p>\n\n\n\n<p><\/p>\n\n\n\n<p>Darius a privit scena cu ochii umezi.<\/p>\n\n\n\n<p><\/p>\n\n\n\n<p>\u2014 Uite\u2026 asta e dovada, a \u0219optit el.<br>Ai ceva ce eu nu pot cump\u0103ra.<\/p>\n\n\n\n<p>\u00cen acea noapte, Maria n-a dormit.<\/p>\n\n\n\n<p>S-a g\u00e2ndit la mama ei bolnav\u0103, la chiria restant\u0103, la via\u021ba grea pe care o ducea.<\/p>\n\n\n\n<p>Dar s-a g\u00e2ndit \u0219i la Noah.<\/p>\n\n\n\n<p>La felul \u00een care o privea.<\/p>\n\n\n\n<p>Diminea\u021ba, s-a \u00eentors.<\/p>\n\n\n\n<p>\u2014 Accept, a spus ea.<br>Dar nu pentru bani.<br>Pentru copil.<\/p>\n\n\n\n<p>C\u0103s\u0103toria a fost simpl\u0103.<br>F\u0103r\u0103 rochie.<br>F\u0103r\u0103 invita\u021bi.<\/p>\n\n\n\n<p>Doar dou\u0103 semn\u0103turi \u0219i un copil care dormea lini\u0219tit.<\/p>\n\n\n\n<p>La \u00eenceput, au fost str\u0103ini sub acela\u0219i acoperi\u0219.<\/p>\n\n\n\n<p>Dormitoare separate.<br>T\u0103ceri lungi.<br>Reguli clare.<\/p>\n\n\n\n<p>Dar via\u021ba adev\u0103rat\u0103 nu \u021bine cont de contracte.<\/p>\n\n\n\n<p>Maria \u00eei f\u0103cea m\u00e2ncare lui Darius.<br>\u00cei sp\u0103la c\u0103m\u0103\u0219ile.<br>\u00cel certa c\u00e2nd muncea prea mult.<\/p>\n\n\n\n<p>Noah a spus primul \u201emama\u201d uit\u00e2ndu-se la ea.<\/p>\n\n\n\n<p>Darius a auzit din birou.<\/p>\n\n\n\n<p>A pl\u00e2ns ca un copil.<\/p>\n\n\n\n<p>Socrii au venit \u00eentr-o zi, preg\u0103ti\u021bi de r\u0103zboi.<\/p>\n\n\n\n<p>Au v\u0103zut o cas\u0103 cald\u0103.<br>Un copil fericit.<br>O femeie care \u00eel \u021binea \u00een bra\u021be cu drag.<\/p>\n\n\n\n<p>Au plecat f\u0103r\u0103 proces.<\/p>\n\n\n\n<p>\u00centr-o sear\u0103, dup\u0103 ce Noah a adormit, Darius a stat pe canapea, \u00een lini\u0219te.<\/p>\n\n\n\n<p>\u2014 Maria\u2026 contractul se termin\u0103 peste o lun\u0103.<\/p>\n\n\n\n<p>Ea a sim\u021bit cum i se str\u00e2nge inima.<\/p>\n\n\n\n<p>\u2014 \u0218tiu.<\/p>\n\n\n\n<p>\u2014 Po\u021bi pleca atunci. O s\u0103 fii liber\u0103.<\/p>\n\n\n\n<p>Maria a z\u00e2mbit trist.<\/p>\n\n\n\n<p>\u2014 \u0218i tu?<\/p>\n\n\n\n<p>Darius a ridicat privirea.<\/p>\n\n\n\n<p>\u2014 Eu nu mai vreau s\u0103 fie o minciun\u0103.<\/p>\n\n\n\n<p>A \u00eengenuncheat \u00een fa\u021ba ei, f\u0103r\u0103 inel, f\u0103r\u0103 discurs.<\/p>\n\n\n\n<p>\u2014 Vrei s\u0103 r\u0103m\u00e2i\u2026 de-adev\u0103ratelea?<\/p>\n\n\n\n<p>Maria a izbucnit \u00een pl\u00e2ns.<\/p>\n\n\n\n<p>\u2014 De mult nu mai era o minciun\u0103 pentru mine.<\/p>\n\n\n\n<p>S-au \u00eembr\u0103\u021bi\u0219at.<\/p>\n\n\n\n<p>Iar casa aceea mare, care fusese c\u00e2ndva rece \u0219i goal\u0103, a devenit \u00een sf\u00e2r\u0219it acas\u0103.<\/p>\n\n\n\n<p><em>Aceast\u0103 lucrare este inspirat\u0103 din evenimente \u0219i persoane reale, \u00eens\u0103 a fost fic\u021bionalizat\u0103 \u00een scopuri creative. Numele, personajele \u0219i detaliile au fost schimbate pentru a proteja intimitatea \u0219i pentru a \u00eembun\u0103t\u0103\u021bi nara\u021biunea. Orice asem\u0103nare cu persoane reale, \u00een via\u021b\u0103 sau decedate, sau cu evenimente reale este pur \u00eent\u00e2mpl\u0103toare \u0219i nu este inten\u021bionat\u0103 de c\u0103tre autor.<\/em><\/p>\n\n\n\n<p><em>Autorul \u0219i editorul nu \u00ee\u0219i asum\u0103 responsabilitatea pentru exactitatea evenimentelor sau pentru modul \u00een care sunt portretizate personajele \u0219i nu sunt r\u0103spunz\u0103tori pentru eventuale interpret\u0103ri gre\u0219ite. Aceast\u0103 poveste este oferit\u0103 \u201eca atare\u201d, iar orice opinii exprimate apar\u021bin personajelor \u0219i nu reflect\u0103 punctele de vedere ale autorului sau ale editorului.<\/em><\/p>\n","protected":false},"excerpt":{"rendered":"<p>Maria n-a r\u0103spuns pe loc. S-a aplecat, \u0219i-a ridicat geanta \u0219i a str\u00e2ns-o la piept, de parc\u0103 ar fi fost singurul lucru sigur din via\u021ba<\/p>\n","protected":false},"author":1,"featured_media":44268,"comment_status":"closed","ping_status":"closed","sticky":false,"template":"","format":"standard","meta":[],"categories":[1],"tags":[],"_links":{"self":[{"href":"https:\/\/calatorinromania.com\/index.php?rest_route=\/wp\/v2\/posts\/44465"}],"collection":[{"href":"https:\/\/calatorinromania.com\/index.php?rest_route=\/wp\/v2\/posts"}],"about":[{"href":"https:\/\/calatorinromania.com\/index.php?rest_route=\/wp\/v2\/types\/post"}],"author":[{"embeddable":true,"href":"https:\/\/calatorinromania.com\/index.php?rest_route=\/wp\/v2\/users\/1"}],"replies":[{"embeddable":true,"href":"https:\/\/calatorinromania.com\/index.php?rest_route=%2Fwp%2Fv2%2Fcomments&post=44465"}],"version-history":[{"count":1,"href":"https:\/\/calatorinromania.com\/index.php?rest_route=\/wp\/v2\/posts\/44465\/revisions"}],"predecessor-version":[{"id":44466,"href":"https:\/\/calatorinromania.com\/index.php?rest_route=\/wp\/v2\/posts\/44465\/revisions\/44466"}],"wp:featuredmedia":[{"embeddable":true,"href":"https:\/\/calatorinromania.com\/index.php?rest_route=\/wp\/v2\/media\/44268"}],"wp:attachment":[{"href":"https:\/\/calatorinromania.com\/index.php?rest_route=%2Fwp%2Fv2%2Fmedia&parent=44465"}],"wp:term":[{"taxonomy":"category","embeddable":true,"href":"https:\/\/calatorinromania.com\/index.php?rest_route=%2Fwp%2Fv2%2Fcategories&post=44465"},{"taxonomy":"post_tag","embeddable":true,"href":"https:\/\/calatorinromania.com\/index.php?rest_route=%2Fwp%2Fv2%2Ftags&post=44465"}],"curies":[{"name":"wp","href":"https:\/\/api.w.org\/{rel}","templated":true}]}}