{"id":44463,"date":"2026-01-03T08:57:21","date_gmt":"2026-01-03T08:57:21","guid":{"rendered":"https:\/\/calatorinromania.com\/?p=44463"},"modified":"2026-01-03T08:57:21","modified_gmt":"2026-01-03T08:57:21","slug":"fara-sa-i-spun-sotului-meu-m-am-dus-la-mormantul-primei-lui-sotii-ca-sa-i-cer-iertare","status":"publish","type":"post","link":"https:\/\/calatorinromania.com\/?p=44463","title":{"rendered":"F\u0103r\u0103 s\u0103-i spun so\u021bului meu, m-am dus la morm\u00e2ntul primei lui so\u021bii ca s\u0103-i cer iertare"},"content":{"rendered":"\n<p>\u2026iar inima mea parc\u0103 s-a oprit \u00een loc.<\/p>\n\n\n\n<p><\/p>\n\n\n\n<p>Femeia din fotografie eram eu.<\/p>\n\n\n\n<p><\/p>\n\n\n\n<p>Nu sem\u0103na cu mine. Eram eu. Aceea\u0219i privire, aceea\u0219i aluni\u021b\u0103 mic\u0103 de l\u00e2ng\u0103 buza de sus, acela\u0219i z\u00e2mbet pe care-l v\u0103zusem de at\u00e2tea ori \u00een oglind\u0103 diminea\u021ba. M-am apropiat tremur\u00e2nd \u0219i am citit numele.<\/p>\n\n\n\n<p><\/p>\n\n\n\n<p><strong>Maria Popescu.<\/strong><\/p>\n\n\n\n<p><\/p>\n\n\n\n<p>Exact ca al meu.<\/p>\n\n\n\n<p><\/p>\n\n\n\n<p>Am sim\u021bit cum mi se taie picioarele \u0219i m-am a\u0219ezat pe banca rece de l\u00e2ng\u0103 morm\u00e2nt. Aerul parc\u0103 disp\u0103ruse. Cimitirul din marginea ora\u0219ului, cu brazii lui b\u0103tr\u00e2ni \u0219i lini\u0219tea ap\u0103s\u0103toare, devenise dintr-odat\u0103 un loc de co\u0219mar.<\/p>\n\n\n\n<p><\/p>\n\n\n\n<p>Prima reac\u021bie a fost s\u0103 cred c\u0103 e o glum\u0103 proast\u0103. Sau o coinciden\u021b\u0103 bolnav\u0103. Dar anii trecu\u021bi pe cruce erau reali. Data mor\u021bii era cu cinci ani \u00eenainte s\u0103-l cunosc pe so\u021bul meu, Andrei.<\/p>\n\n\n\n<p><\/p>\n\n\n\n<p>Am \u00eenceput s\u0103 tremur din tot corpul.<\/p>\n\n\n\n<p>Am scos telefonul \u0219i am c\u0103utat \u00een grab\u0103 fotografii vechi cu mine, dinainte s\u0103-l cunosc. Aceea\u0219i fa\u021b\u0103. Aceea\u0219i persoan\u0103. Nicio \u00eendoial\u0103.<\/p>\n\n\n\n<p>Atunci mi-am dat seama de ceva ce ignorasem mereu: Andrei m\u0103 alesese pe mine nu pentru cine eram, ci pentru cine sem\u0103nam.<\/p>\n\n\n\n<p>Mi-au venit \u00een minte toate micile ciud\u0103\u021benii de-a lungul timpului. Faptul c\u0103 insista s\u0103-mi port p\u0103rul \u00eentr-un anumit fel. C\u0103 se sup\u0103ra c\u00e2nd \u00eemi cump\u0103ram haine diferite de \u201estilul care-mi st\u0103 bine\u201d. C\u0103 \u00eemi spunea uneori pe un ton ciudat: \u201eA\u0219a \u00ee\u021bi st\u0103 cel mai frumos\u2026 exact a\u0219a\u201d.<\/p>\n\n\n\n<p>Exact a\u0219a ca ea.<\/p>\n\n\n\n<p>M-am ridicat brusc \u0219i am plecat, aproape alerg\u00e2nd, cu lacrimile curg\u00e2ndu-mi pe obraji. N-am mers acas\u0103. M-am oprit la o cafenea mic\u0103 din cartier, unde mi-am comandat un ceai, de\u0219i nu l-am b\u0103ut.<\/p>\n\n\n\n<p>Dup\u0103 o or\u0103, Andrei m-a sunat.<\/p>\n\n\n\n<p>\u2014 Unde e\u0219ti? vocea lui era calm\u0103, prea calm\u0103.<\/p>\n\n\n\n<p>\u2014 La cimitir, am spus simplu.<\/p>\n\n\n\n<p>A fost o t\u0103cere lung\u0103.<\/p>\n\n\n\n<p>\u2014 Ai fost acolo\u2026 a \u0219optit.<\/p>\n\n\n\n<p>\u2014 De ce era fotografia mea pe cruce, Andrei?<\/p>\n\n\n\n<p>Respira\u021bia lui s-a schimbat. Nu mai putea ascunde nimic.<\/p>\n\n\n\n<p>C\u00e2nd a ajuns, ar\u0103ta ca un om \u00eenfr\u00e2nt. S-a a\u0219ezat \u00een fa\u021ba mea \u0219i, pentru prima dat\u0103, nu m-a privit \u00een ochi.<\/p>\n\n\n\n<p>Mi-a spus adev\u0103rul.<\/p>\n\n\n\n<p>Prima lui so\u021bie murise, \u00eentr-adev\u0103r. Dar dup\u0103 moartea ei, el o c\u0103utase obsesiv \u00een toate femeile. Ajunsese s\u0103 cread\u0103 c\u0103, dac\u0103 va g\u0103si pe cineva identic, va putea repara trecutul. C\u00e2nd m-a v\u0103zut prima dat\u0103, \u00eentr-un autobuz aglomerat, aproape le\u0219inase.<\/p>\n\n\n\n<p>\u2014 Erai ea, Maria\u2026 doar c\u0103 vie, mi-a spus cu voce fr\u00e2nt\u0103.<\/p>\n\n\n\n<p>Fotografia de pe morm\u00e2nt fusese pus\u0103 recent. O \u00eenlocuise cu una mai veche, pentru c\u0103 nu suporta s\u0103 se uite la trecut. Voia s\u0103 cread\u0103 c\u0103 eu sunt continuarea.<\/p>\n\n\n\n<p>Am pl\u0103tit ceaiul \u0219i m-am ridicat.<\/p>\n\n\n\n<p>\u2014 Nu sunt nimeni \u00eenlocuitorul nim\u0103nui, i-am spus. \u0218i nici n-am de ce s\u0103 cer iertare unei mor\u021bi pentru o minciun\u0103 pe care tu ai construit-o.<\/p>\n\n\n\n<p>\u00cen aceea\u0219i sear\u0103 mi-am str\u00e2ns lucrurile. N-am luat nimic scump. Doar hainele mele \u0219i demnitatea.<\/p>\n\n\n\n<p>Au trecut luni.<\/p>\n\n\n\n<p>Ast\u0103zi stau \u00eentr-un apartament mic, pl\u0103tit din salariul meu, cu lini\u0219te adev\u0103rat\u0103 \u00een suflet. M\u0103 uit \u00een oglind\u0103 \u0219i v\u0103d, pentru prima dat\u0103, doar pe mine.<\/p>\n\n\n\n<p>\u0218i \u0219tiu un lucru sigur: iubirea nu trebuie s\u0103 doar\u0103 \u0219i nu trebuie s\u0103 te transforme \u00eentr-o umbr\u0103 dintr-o poz\u0103 de pe o cruce.<\/p>\n\n\n\n<p><em>Aceast\u0103 lucrare este inspirat\u0103 din evenimente \u0219i persoane reale, \u00eens\u0103 a fost fic\u021bionalizat\u0103 \u00een scopuri creative. Numele, personajele \u0219i detaliile au fost schimbate pentru a proteja intimitatea \u0219i pentru a \u00eembun\u0103t\u0103\u021bi nara\u021biunea. Orice asem\u0103nare cu persoane reale, \u00een via\u021b\u0103 sau decedate, sau cu evenimente reale este pur \u00eent\u00e2mpl\u0103toare \u0219i nu este inten\u021bionat\u0103 de c\u0103tre autor.<\/em><\/p>\n\n\n\n<p><em>Autorul \u0219i editorul nu \u00ee\u0219i asum\u0103 responsabilitatea pentru exactitatea evenimentelor sau pentru modul \u00een care sunt portretizate personajele \u0219i nu sunt r\u0103spunz\u0103tori pentru eventuale interpret\u0103ri gre\u0219ite. Aceast\u0103 poveste este oferit\u0103 \u201eca atare\u201d, iar orice opinii exprimate apar\u021bin personajelor \u0219i nu reflect\u0103 punctele de vedere ale autorului sau ale editorului.<\/em><\/p>\n","protected":false},"excerpt":{"rendered":"<p>\u2026iar inima mea parc\u0103 s-a oprit \u00een loc. Femeia din fotografie eram eu. Nu sem\u0103na cu mine. Eram eu. Aceea\u0219i privire, aceea\u0219i aluni\u021b\u0103 mic\u0103 de<\/p>\n","protected":false},"author":1,"featured_media":44268,"comment_status":"closed","ping_status":"closed","sticky":false,"template":"","format":"standard","meta":[],"categories":[1],"tags":[],"_links":{"self":[{"href":"https:\/\/calatorinromania.com\/index.php?rest_route=\/wp\/v2\/posts\/44463"}],"collection":[{"href":"https:\/\/calatorinromania.com\/index.php?rest_route=\/wp\/v2\/posts"}],"about":[{"href":"https:\/\/calatorinromania.com\/index.php?rest_route=\/wp\/v2\/types\/post"}],"author":[{"embeddable":true,"href":"https:\/\/calatorinromania.com\/index.php?rest_route=\/wp\/v2\/users\/1"}],"replies":[{"embeddable":true,"href":"https:\/\/calatorinromania.com\/index.php?rest_route=%2Fwp%2Fv2%2Fcomments&post=44463"}],"version-history":[{"count":1,"href":"https:\/\/calatorinromania.com\/index.php?rest_route=\/wp\/v2\/posts\/44463\/revisions"}],"predecessor-version":[{"id":44464,"href":"https:\/\/calatorinromania.com\/index.php?rest_route=\/wp\/v2\/posts\/44463\/revisions\/44464"}],"wp:featuredmedia":[{"embeddable":true,"href":"https:\/\/calatorinromania.com\/index.php?rest_route=\/wp\/v2\/media\/44268"}],"wp:attachment":[{"href":"https:\/\/calatorinromania.com\/index.php?rest_route=%2Fwp%2Fv2%2Fmedia&parent=44463"}],"wp:term":[{"taxonomy":"category","embeddable":true,"href":"https:\/\/calatorinromania.com\/index.php?rest_route=%2Fwp%2Fv2%2Fcategories&post=44463"},{"taxonomy":"post_tag","embeddable":true,"href":"https:\/\/calatorinromania.com\/index.php?rest_route=%2Fwp%2Fv2%2Ftags&post=44463"}],"curies":[{"name":"wp","href":"https:\/\/api.w.org\/{rel}","templated":true}]}}