{"id":44405,"date":"2025-12-29T08:41:11","date_gmt":"2025-12-29T08:41:11","guid":{"rendered":"https:\/\/calatorinromania.com\/?p=44405"},"modified":"2025-12-29T08:41:12","modified_gmt":"2025-12-29T08:41:12","slug":"ginerele-meu-mi-a-lovit-fiica-la-masa-m-am-ridicat-si-am-dat-un-telefon-ei-nu-stiau-ce-urma","status":"publish","type":"post","link":"https:\/\/calatorinromania.com\/?p=44405","title":{"rendered":"Ginerele meu mi-a lovit fiica la mas\u0103. M-am ridicat \u0219i am dat un telefon. Ei nu \u0219tiau ce urma\u2026"},"content":{"rendered":"\n<p>\u00cen clipa \u00een care fiica mea a rostit acele cuvinte, ceva s-a rupt definitiv \u00een acea cas\u0103.<\/p>\n\n\n\n<p><\/p>\n\n\n\n<p><\/p>\n\n\n\n<p>Nu mai era doar o cin\u0103 de familie. Nu mai era o ceart\u0103. Nu mai era \u201etreaba lor\u201d.<\/p>\n\n\n\n<p><\/p>\n\n\n\n<p><\/p>\n\n\n\n<p>Unul dintre b\u0103rba\u021bi s-a apropiat calm de ginerele meu \u0219i i-a cerut s\u0103-\u0219i pun\u0103 m\u00e2inile la vedere.<\/p>\n\n\n\n<p><\/p>\n\n\n\n<p><\/p>\n\n\n\n<p>El a \u00eenceput s\u0103 vorbeasc\u0103 repede, s\u0103 se b\u00e2lb\u00e2ie, s\u0103 spun\u0103 c\u0103 a fost o ne\u00een\u021belegere, c\u0103 a exagerat, c\u0103 \u201ea sc\u0103pat m\u00e2na\u201d.<\/p>\n\n\n\n<p><\/p>\n\n\n\n<p><\/p>\n\n\n\n<p>Soacra fiicei mele a s\u0103rit imediat.<\/p>\n\n\n\n<p><\/p>\n\n\n\n<p>\u2014 Nu e nimic grav, domnilor. O palm\u0103 nu e crim\u0103. \u0218i femeia mea e cam obraznic\u0103.<\/p>\n\n\n\n<p><\/p>\n\n\n\n<p>Femeia \u00een costum a ridicat privirea spre ea.<\/p>\n\n\n\n<p><\/p>\n\n\n\n<p>\u2014 Doamn\u0103, v\u0103 rog s\u0103 t\u0103ce\u021bi.<\/p>\n\n\n\n<p>A fost pentru prima dat\u0103 c\u00e2nd cineva i-a vorbit a\u0219a.<\/p>\n\n\n\n<p>Fiica mea tremura l\u00e2ng\u0103 mine. I-am str\u00e2ns u\u0219or m\u00e2na, f\u0103r\u0103 s\u0103 spun nimic. Sim\u021beam cum \u00eei bate inima prin degete.<\/p>\n\n\n\n<p>Unul dintre agen\u021bi a \u00eentrebat-o dac\u0103 mai fusese lovit\u0103 \u0219i \u00eenainte.<\/p>\n\n\n\n<p>A ezitat o secund\u0103.<\/p>\n\n\n\n<p>At\u00e2t.<\/p>\n\n\n\n<p>Apoi a \u00eenceput s\u0103 pl\u00e2ng\u0103.<\/p>\n\n\n\n<p>Nu zgomotos. Nu isteric.<\/p>\n\n\n\n<p>Pl\u00e2ngea cum pl\u00e2ng oamenii care au dus prea mult \u0219i prea mult timp.<\/p>\n\n\n\n<p>A spus \u201eda\u201d.<\/p>\n\n\n\n<p>A spus de c\u00e2te ori.<\/p>\n\n\n\n<p>A spus de amenin\u021b\u0103ri.<\/p>\n\n\n\n<p>A spus de u\u0219i tr\u00e2ntite.<\/p>\n\n\n\n<p>De telefoane verificate.<\/p>\n\n\n\n<p>De bani lua\u021bi.<\/p>\n\n\n\n<p>De nop\u021bi \u00een care se ruga s\u0103 adoarm\u0103 copiii mai repede, ca s\u0103 nu vad\u0103.<\/p>\n\n\n\n<p>Soacra a \u00eenceput s\u0103 \u021bipe c\u0103 sunt minciuni.<\/p>\n\n\n\n<p>Ginerele meu a \u00eenjurat.<\/p>\n\n\n\n<p>Unul dintre agen\u021bi i-a pus c\u0103tu\u0219ele.<\/p>\n\n\n\n<p>Sunetul metalului a fost mai lini\u0219titor dec\u00e2t orice rug\u0103ciune.<\/p>\n\n\n\n<p>L-au scos din cas\u0103 sub privirile tuturor.<\/p>\n\n\n\n<p>Vecinii ie\u0219iser\u0103 deja la por\u021bi.<\/p>\n\n\n\n<p>Ma\u0219ina de poli\u021bie a pornit cu girofarul aprins.<\/p>\n\n\n\n<p>\u00cen sufragerie a r\u0103mas o lini\u0219te stranie.<\/p>\n\n\n\n<p>Soacra st\u0103tea pe scaun, alb\u0103 la fa\u021b\u0103, f\u0103r\u0103 aplauze, f\u0103r\u0103 z\u00e2mbete.<\/p>\n\n\n\n<p>\u2014 A\u021bi distrus o familie, a morm\u0103it ea.<\/p>\n\n\n\n<p>Am privit-o drept \u00een ochi.<\/p>\n\n\n\n<p>\u2014 Nu. Am salvat-o.<\/p>\n\n\n\n<p>Dup\u0103 ce au plecat, fiica mea s-a pr\u0103bu\u0219it pe canapea.<\/p>\n\n\n\n<p>A pl\u00e2ns cu capul \u00een palme, ca un copil.<\/p>\n\n\n\n<p>Am stat l\u00e2ng\u0103 ea.<\/p>\n\n\n\n<p>Mult.<\/p>\n\n\n\n<p>Mai t\u00e2rziu, \u00een noaptea aceea, am dus-o la mine acas\u0103.<\/p>\n\n\n\n<p>Am f\u0103cut ceai.<\/p>\n\n\n\n<p>Am stat de vorb\u0103 p\u00e2n\u0103 diminea\u021b\u0103.<\/p>\n\n\n\n<p>Pentru prima dat\u0103, nu se mai uita speriat\u0103 la u\u0219\u0103 c\u00e2nd se auzea un zgomot.<\/p>\n\n\n\n<p>A doua zi, am mers \u00eempreun\u0103 s\u0103 depun\u0103 pl\u00e2ngere.<\/p>\n\n\n\n<p>Au urmat ordine de protec\u021bie.<\/p>\n\n\n\n<p>Procese.<\/p>\n\n\n\n<p>Priviri ur\u00e2te.<\/p>\n\n\n\n<p>\u0218oapte prin familie.<\/p>\n\n\n\n<p>Dar au urmat \u0219i dimine\u021bi lini\u0219tite.<\/p>\n\n\n\n<p>R\u00e2sete.<\/p>\n\n\n\n<p>Copii care dormeau f\u0103r\u0103 fric\u0103.<\/p>\n\n\n\n<p>Fiica mea \u0219i-a g\u0103sit un serviciu.<\/p>\n\n\n\n<p>\u0218i-a ridicat capul.<\/p>\n\n\n\n<p>\u0218i \u00eentr-o zi mi-a spus:<\/p>\n\n\n\n<p>\u2014 Tat\u0103, dac\u0103 nu sunai atunci, cred c\u0103 n-a\u0219 mai fi fost aici.<\/p>\n\n\n\n<p>Am str\u00e2ns-o \u00een bra\u021be.<\/p>\n\n\n\n<p>\u0218i am \u0219tiut un lucru sigur.<\/p>\n\n\n\n<p>Uneori, o singur\u0103 palm\u0103 poate distruge o via\u021b\u0103.<\/p>\n\n\n\n<p>Dar un singur telefon, la timp, o poate salva.<\/p>\n\n\n\n<p><em>Aceast\u0103 lucrare este inspirat\u0103 din evenimente \u0219i persoane reale, \u00eens\u0103 a fost fic\u021bionalizat\u0103 \u00een scopuri creative. Numele, personajele \u0219i detaliile au fost schimbate pentru a proteja intimitatea \u0219i pentru a \u00eembun\u0103t\u0103\u021bi nara\u021biunea. Orice asem\u0103nare cu persoane reale, \u00een via\u021b\u0103 sau decedate, sau cu evenimente reale este pur \u00eent\u00e2mpl\u0103toare \u0219i nu este inten\u021bionat\u0103 de c\u0103tre autor.<\/em><\/p>\n\n\n\n<p><em>Autorul \u0219i editorul nu \u00ee\u0219i asum\u0103 responsabilitatea pentru exactitatea evenimentelor sau pentru modul \u00een care sunt portretizate personajele \u0219i nu sunt r\u0103spunz\u0103tori pentru eventuale interpret\u0103ri gre\u0219ite. Aceast\u0103 poveste este oferit\u0103 \u201eca atare\u201d, iar orice opinii exprimate apar\u021bin personajelor \u0219i nu reflect\u0103 punctele de vedere ale autorului sau ale editorului.<\/em><\/p>\n","protected":false},"excerpt":{"rendered":"<p>\u00cen clipa \u00een care fiica mea a rostit acele cuvinte, ceva s-a rupt definitiv \u00een acea cas\u0103. Nu mai era doar o cin\u0103 de familie.<\/p>\n","protected":false},"author":1,"featured_media":44268,"comment_status":"closed","ping_status":"closed","sticky":false,"template":"","format":"standard","meta":[],"categories":[1],"tags":[],"_links":{"self":[{"href":"https:\/\/calatorinromania.com\/index.php?rest_route=\/wp\/v2\/posts\/44405"}],"collection":[{"href":"https:\/\/calatorinromania.com\/index.php?rest_route=\/wp\/v2\/posts"}],"about":[{"href":"https:\/\/calatorinromania.com\/index.php?rest_route=\/wp\/v2\/types\/post"}],"author":[{"embeddable":true,"href":"https:\/\/calatorinromania.com\/index.php?rest_route=\/wp\/v2\/users\/1"}],"replies":[{"embeddable":true,"href":"https:\/\/calatorinromania.com\/index.php?rest_route=%2Fwp%2Fv2%2Fcomments&post=44405"}],"version-history":[{"count":1,"href":"https:\/\/calatorinromania.com\/index.php?rest_route=\/wp\/v2\/posts\/44405\/revisions"}],"predecessor-version":[{"id":44406,"href":"https:\/\/calatorinromania.com\/index.php?rest_route=\/wp\/v2\/posts\/44405\/revisions\/44406"}],"wp:featuredmedia":[{"embeddable":true,"href":"https:\/\/calatorinromania.com\/index.php?rest_route=\/wp\/v2\/media\/44268"}],"wp:attachment":[{"href":"https:\/\/calatorinromania.com\/index.php?rest_route=%2Fwp%2Fv2%2Fmedia&parent=44405"}],"wp:term":[{"taxonomy":"category","embeddable":true,"href":"https:\/\/calatorinromania.com\/index.php?rest_route=%2Fwp%2Fv2%2Fcategories&post=44405"},{"taxonomy":"post_tag","embeddable":true,"href":"https:\/\/calatorinromania.com\/index.php?rest_route=%2Fwp%2Fv2%2Ftags&post=44405"}],"curies":[{"name":"wp","href":"https:\/\/api.w.org\/{rel}","templated":true}]}}