{"id":44403,"date":"2025-12-29T08:38:18","date_gmt":"2025-12-29T08:38:18","guid":{"rendered":"https:\/\/calatorinromania.com\/?p=44403"},"modified":"2025-12-29T08:38:18","modified_gmt":"2025-12-29T08:38:18","slug":"o-femeie-a-hranit-tripleti-fara-adapost-ani-mai-tarziu","status":"publish","type":"post","link":"https:\/\/calatorinromania.com\/?p=44403","title":{"rendered":"O femeie a hr\u0103nit TRIPLE\u021aI f\u0103r\u0103 ad\u0103post; ani mai t\u00e2rziu"},"content":{"rendered":"\n<p>Anii aceia au fost grei.<\/p>\n\n\n\n<p><\/p>\n\n\n\n<p>Zile \u00een care vindea tot \u0219i pleca acas\u0103 cu 200 de lei \u00een buzunar.<\/p>\n\n\n\n<p><\/p>\n\n\n\n<p>Altele \u00een care st\u0103tea p\u00e2n\u0103 seara \u0219i abia str\u00e2ngea bani de p\u00e2ine \u0219i gaz.<\/p>\n\n\n\n<p><\/p>\n\n\n\n<p>Dar niciodat\u0103 nu refuza pe cineva fl\u0103m\u00e2nd.<\/p>\n\n\n\n<p><\/p>\n\n\n\n<p>\u00centr-o iarn\u0103 crunt\u0103, i-a v\u0103zut pentru prima oar\u0103.<\/p>\n\n\n\n<p><\/p>\n\n\n\n<p>Trei copii, identici, cu haine prea sub\u021biri, st\u00e2nd lipi\u021bi unul de altul l\u00e2ng\u0103 un gard.<\/p>\n\n\n\n<p><\/p>\n\n\n\n<p>Nu cer\u0219eau.<\/p>\n\n\n\n<p><\/p>\n\n\n\n<p>Doar priveau.<\/p>\n\n\n\n<p>Simona le-a f\u0103cut semn cu m\u00e2na.<\/p>\n\n\n\n<p>\u201eHai, m\u0103i, veni\u021bi.\u201d<\/p>\n\n\n\n<p>Au venit cu pa\u0219i mici, ne\u00eencrez\u0103tori.<\/p>\n\n\n\n<p>Le-a pus orez, pui \u0219i lipie \u00een trei farfurii de unic\u0103 folosin\u021b\u0103.<\/p>\n\n\n\n<p>\u201eNu trebuie s\u0103 pl\u0103ti\u021bi.\u201d<\/p>\n\n\n\n<p>Cel mai mic a \u00eentrebat \u00eencet: \u201eSigur?\u201d<\/p>\n\n\n\n<p>A dat din cap.<\/p>\n\n\n\n<p>Au m\u00e2ncat repede, dar cu grij\u0103, de parc\u0103 le era team\u0103 s\u0103 nu dispar\u0103.<\/p>\n\n\n\n<p>Din ziua aceea, au venit des.<\/p>\n\n\n\n<p>Uneori diminea\u021ba.<\/p>\n\n\n\n<p>Alteori seara.<\/p>\n\n\n\n<p>C\u00e2nd nu avea bani, Simona le punea totu\u0219i m\u00e2ncare.<\/p>\n\n\n\n<p>\u00ce\u0219i spunea c\u0103 se descurc\u0103 ea cumva.<\/p>\n\n\n\n<p>C\u0103 Dumnezeu vede.<\/p>\n\n\n\n<p>A aflat c\u0103 dormeau \u00eentr-o cl\u0103dire p\u0103r\u0103sit\u0103.<\/p>\n\n\n\n<p>C\u0103 mama lor murise.<\/p>\n\n\n\n<p>C\u0103 tat\u0103l disp\u0103ruse.<\/p>\n\n\n\n<p>Le mai d\u0103dea c\u00e2te o p\u00e2ine la pachet.<\/p>\n\n\n\n<p>O sup\u0103 cald\u0103 iarna.<\/p>\n\n\n\n<p>Un \u201eave\u021bi grij\u0103 de voi\u201d.<\/p>\n\n\n\n<p>N-a \u00eentrebat nimic \u00een schimb.<\/p>\n\n\n\n<p>\u00centr-o zi, n-au mai venit.<\/p>\n\n\n\n<p>A trecut o s\u0103pt\u0103m\u00e2n\u0103.<\/p>\n\n\n\n<p>Apoi o lun\u0103.<\/p>\n\n\n\n<p>Simona s-a g\u00e2ndit la ei des, dar via\u021ba n-a l\u0103sat-o s\u0103 se opreasc\u0103.<\/p>\n\n\n\n<p>\u0218i acum, dup\u0103 at\u00e2\u021bia ani, st\u0103teau \u00een fa\u021ba ei.<\/p>\n\n\n\n<p>B\u0103rbatul cu costumul maro a f\u0103cut un pas \u00eenainte.<\/p>\n\n\n\n<p>\u201eEu sunt&nbsp;<strong>Andrei<\/strong>.\u201d<\/p>\n\n\n\n<p>Cel din mijloc: \u201e<strong>Mihai<\/strong>.\u201d<\/p>\n\n\n\n<p>Femeia: \u201e<strong>Ioana<\/strong>.\u201d<\/p>\n\n\n\n<p>Simona \u00eei privea f\u0103r\u0103 s\u0103 poat\u0103 vorbi.<\/p>\n\n\n\n<p>\u201eNoi suntem cei trei copii,\u201d a spus Ioana, cu vocea tremurat\u0103. \u201ePe care i-ai hr\u0103nit c\u00e2nd nu aveam nimic.\u201d<\/p>\n\n\n\n<p>Simona a dus m\u00e2na la piept.<\/p>\n\n\n\n<p>\u201eVoi\u2026?\u201d<\/p>\n\n\n\n<p>Andrei a z\u00e2mbit, de data asta pe bune.<\/p>\n\n\n\n<p>\u201eAm crescut.\u201d<\/p>\n\n\n\n<p>Mihai a continuat:<\/p>\n\n\n\n<p>\u201eAm fost lua\u021bi \u00eentr-un program de protec\u021bie. Am \u00eenv\u0103\u021bat. Am muncit. Ne-am \u021binut unul de altul.\u201d<\/p>\n\n\n\n<p>Ioana a f\u0103cut un semn spre ma\u0219ini.<\/p>\n\n\n\n<p>\u201eFiecare dintre ele e a noastr\u0103.\u201d<\/p>\n\n\n\n<p>Simona a sim\u021bit cum i se umezesc ochii.<\/p>\n\n\n\n<p>\u201eEu doar v-am dat de m\u00e2ncare\u2026\u201d<\/p>\n\n\n\n<p>Andrei a cl\u0103tinat din cap.<\/p>\n\n\n\n<p>\u201eNe-ai dat demnitate.\u201d<\/p>\n\n\n\n<p>Au scos un plic.<\/p>\n\n\n\n<p>\u00cen\u0103untru, un contract.<\/p>\n\n\n\n<p>O sum\u0103 care \u00eei t\u0103ia respira\u021bia.<\/p>\n\n\n\n<p>O investi\u021bie.<\/p>\n\n\n\n<p>Un spa\u021biu adev\u0103rat.<\/p>\n\n\n\n<p>Un restaurant mic, cu numele ei.<\/p>\n\n\n\n<p>\u201ePentru c\u0103 ce-ai pus \u00een farfuriile noastre ne-a \u021binut \u00een via\u021b\u0103,\u201d a spus Mihai.<\/p>\n\n\n\n<p>\u201eIar ce-ai pus \u00een inimile noastre ne-a f\u0103cut oameni,\u201d a ad\u0103ugat Ioana.<\/p>\n\n\n\n<p>Simona a pl\u00e2ns atunci, pe trotuar.<\/p>\n\n\n\n<p>F\u0103r\u0103 ru\u0219ine.<\/p>\n\n\n\n<p>Aburul de la orez se ridica \u00een continuare.<\/p>\n\n\n\n<p>Strada nu mai era un tunel.<\/p>\n\n\n\n<p>Era \u00eenceputul.<\/p>\n\n\n\n<p><em>Aceast\u0103 lucrare este inspirat\u0103 din evenimente \u0219i persoane reale, \u00eens\u0103 a fost fic\u021bionalizat\u0103 \u00een scopuri creative. Numele, personajele \u0219i detaliile au fost schimbate pentru a proteja intimitatea \u0219i pentru a \u00eembun\u0103t\u0103\u021bi nara\u021biunea. Orice asem\u0103nare cu persoane reale, \u00een via\u021b\u0103 sau decedate, sau cu evenimente reale este pur \u00eent\u00e2mpl\u0103toare \u0219i nu este inten\u021bionat\u0103 de c\u0103tre autor.<\/em><\/p>\n\n\n\n<p><em>Autorul \u0219i editorul nu \u00ee\u0219i asum\u0103 responsabilitatea pentru exactitatea evenimentelor sau pentru modul \u00een care sunt portretizate personajele \u0219i nu sunt r\u0103spunz\u0103tori pentru eventuale interpret\u0103ri gre\u0219ite. Aceast\u0103 poveste este oferit\u0103 \u201eca atare\u201d, iar orice opinii exprimate apar\u021bin personajelor \u0219i nu reflect\u0103 punctele de vedere ale autorului sau ale editorului.<\/em><\/p>\n","protected":false},"excerpt":{"rendered":"<p>Anii aceia au fost grei. Zile \u00een care vindea tot \u0219i pleca acas\u0103 cu 200 de lei \u00een buzunar. Altele \u00een care st\u0103tea p\u00e2n\u0103 seara<\/p>\n","protected":false},"author":1,"featured_media":44268,"comment_status":"closed","ping_status":"closed","sticky":false,"template":"","format":"standard","meta":[],"categories":[1],"tags":[],"_links":{"self":[{"href":"https:\/\/calatorinromania.com\/index.php?rest_route=\/wp\/v2\/posts\/44403"}],"collection":[{"href":"https:\/\/calatorinromania.com\/index.php?rest_route=\/wp\/v2\/posts"}],"about":[{"href":"https:\/\/calatorinromania.com\/index.php?rest_route=\/wp\/v2\/types\/post"}],"author":[{"embeddable":true,"href":"https:\/\/calatorinromania.com\/index.php?rest_route=\/wp\/v2\/users\/1"}],"replies":[{"embeddable":true,"href":"https:\/\/calatorinromania.com\/index.php?rest_route=%2Fwp%2Fv2%2Fcomments&post=44403"}],"version-history":[{"count":1,"href":"https:\/\/calatorinromania.com\/index.php?rest_route=\/wp\/v2\/posts\/44403\/revisions"}],"predecessor-version":[{"id":44404,"href":"https:\/\/calatorinromania.com\/index.php?rest_route=\/wp\/v2\/posts\/44403\/revisions\/44404"}],"wp:featuredmedia":[{"embeddable":true,"href":"https:\/\/calatorinromania.com\/index.php?rest_route=\/wp\/v2\/media\/44268"}],"wp:attachment":[{"href":"https:\/\/calatorinromania.com\/index.php?rest_route=%2Fwp%2Fv2%2Fmedia&parent=44403"}],"wp:term":[{"taxonomy":"category","embeddable":true,"href":"https:\/\/calatorinromania.com\/index.php?rest_route=%2Fwp%2Fv2%2Fcategories&post=44403"},{"taxonomy":"post_tag","embeddable":true,"href":"https:\/\/calatorinromania.com\/index.php?rest_route=%2Fwp%2Fv2%2Ftags&post=44403"}],"curies":[{"name":"wp","href":"https:\/\/api.w.org\/{rel}","templated":true}]}}