{"id":44397,"date":"2025-12-29T08:23:02","date_gmt":"2025-12-29T08:23:02","guid":{"rendered":"https:\/\/calatorinromania.com\/?p=44397"},"modified":"2025-12-29T08:23:02","modified_gmt":"2025-12-29T08:23:02","slug":"in-ziua-in-care-am-mers-sa-vizitez-mormantul-sotiei-mele","status":"publish","type":"post","link":"https:\/\/calatorinromania.com\/?p=44397","title":{"rendered":"\u00cen ziua \u00een care am mers s\u0103 vizitez morm\u00e2ntul so\u021biei mele"},"content":{"rendered":"\n<p>Gabriel a r\u0103mas pe loc.<\/p>\n\n\n\n<p><\/p>\n\n\n\n<p>Inima i s-a str\u00e2ns \u00eentr-un fel pe care nu-l mai sim\u021bise de ani de zile. Nu era doar mil\u0103. Era ceva mai ad\u00e2nc. Mai dureros.<\/p>\n\n\n\n<p><\/p>\n\n\n\n<p>S-a apropiat \u00eencet, de parc\u0103 orice pas gre\u0219it putea rupe o vraj\u0103.<\/p>\n\n\n\n<p><\/p>\n\n\n\n<p>B\u0103iatul n-a fugit. N-a \u021bipat. Doar l-a privit cu ochi mari, obosi\u021bi, \u0219i a str\u00e2ns fotografia mai tare.<\/p>\n\n\n\n<p><\/p>\n\n\n\n<p>Era fotografia Emiliei.<\/p>\n\n\n\n<p><\/p>\n\n\n\n<p>Aceea\u0219i poz\u0103 pe care Gabriel o \u021binea \u00een sertar, sub acte. Aceea\u0219i z\u00e2mbire cald\u0103, u\u0219or \u00eenclinat\u0103, ca \u0219i cum ar fi vrut s\u0103 spun\u0103 ceva, dar s-a oprit la timp.<\/p>\n\n\n\n<p><\/p>\n\n\n\n<p>\u2014 De unde ai poza asta? a \u00eentrebat el, cu vocea r\u0103gu\u0219it\u0103.<\/p>\n\n\n\n<p><\/p>\n\n\n\n<p>B\u0103iatul a \u00eenghi\u021bit greu.<\/p>\n\n\n\n<p><\/p>\n\n\n\n<p>\u2014 Mi-a dat-o mama\u2026 \u00eenainte s\u0103 plece.<\/p>\n\n\n\n<p><\/p>\n\n\n\n<p>Gabriel a sim\u021bit cum i se taie respira\u021bia.<\/p>\n\n\n\n<p>\u2014 Cum o chema pe mama ta?<\/p>\n\n\n\n<p>Copilul a ezitat o clip\u0103.<\/p>\n\n\n\n<p>\u2014 Emilia.<\/p>\n\n\n\n<p>Lumea s-a cl\u0103tinat.<\/p>\n\n\n\n<p>Gabriel s-a a\u0219ezat pe marginea morm\u00e2ntului, f\u0103r\u0103 s\u0103-i pese c\u0103 paltonul i se murd\u0103rea. Pentru prima dat\u0103 dup\u0103 mul\u021bi ani, nu mai conta nimic.<\/p>\n\n\n\n<p>\u2014 C\u00e2\u021bi ani ai?<\/p>\n\n\n\n<p>\u2014 Zece.<\/p>\n\n\n\n<p>Un calcul simplu. Prea simplu. Zece ani.<\/p>\n\n\n\n<p>Emilia murise de cinci.<\/p>\n\n\n\n<p>\u2014 Unde ai stat p\u00e2n\u0103 acum? a \u00eentrebat el \u00eencet.<\/p>\n\n\n\n<p>B\u0103iatul \u0219i-a l\u0103sat privirea \u00een p\u0103m\u00e2nt.<\/p>\n\n\n\n<p>\u2014 Pe unde am putut. La o femeie, o vreme. Apoi pe la gar\u0103. Mama spunea c\u0103 o s\u0103 vin\u0103 ziua c\u00e2nd o s\u0103 fie sigur\u2026 dar n-a mai apucat.<\/p>\n\n\n\n<p>Cuvintele \u00eei c\u0103deau una c\u00e2te una, ca ni\u0219te pietre grele.<\/p>\n\n\n\n<p>Gabriel a \u00een\u021beles.<\/p>\n\n\n\n<p>So\u021bia lui fusese \u00eens\u0103rcinat\u0103. Plecase o perioad\u0103 \u201ela tratament\u201d. Apoi se \u00eentorsese mai slab\u0103, mai t\u0103cut\u0103. El n-a \u00eentrebat. A ales s\u0103 cread\u0103 ce i s-a spus.<\/p>\n\n\n\n<p>Acum adev\u0103rul st\u0103tea \u00een fa\u021ba lui, descul\u021b \u0219i tremur\u00e2nd.<\/p>\n\n\n\n<p>\u2014 Hai cu mine, a spus brusc, sco\u021b\u00e2ndu-\u0219i paltonul \u0219i pun\u00e2ndu-l pe umerii copilului.<\/p>\n\n\n\n<p>\u2014 Unde?<\/p>\n\n\n\n<p>\u2014 Acas\u0103.<\/p>\n\n\n\n<p>B\u0103iatul a clipit.<\/p>\n\n\n\n<p>\u2014 Nu te superi pe mine?<\/p>\n\n\n\n<p>Gabriel a sim\u021bit cum i se umezes\u00adc ochii.<\/p>\n\n\n\n<p>\u2014 Nu. Pe nimeni nu m\u0103 pot sup\u0103ra mai pu\u021bin dec\u00e2t pe tine.<\/p>\n\n\n\n<p>Drumul p\u00e2n\u0103 la ma\u0219in\u0103 a fost t\u0103cut. Gabriel a pornit c\u0103ldura la maximum. A oprit la prima brut\u0103rie deschis\u0103. I-a cump\u0103rat covrigi calzi, lapte, o ciocolat\u0103.<\/p>\n\n\n\n<p>B\u0103iatul m\u00e2nca \u00eencet, ca \u0219i cum se temea c\u0103 cineva i le va lua.<\/p>\n\n\n\n<p>Ajun\u0219i acas\u0103, Gabriel i-a preg\u0103tit o baie. Haine curate. Un pat adev\u0103rat.<\/p>\n\n\n\n<p>\u00cen noaptea aceea, Gabriel n-a dormit.<\/p>\n\n\n\n<p>St\u0103tea pe marginea patului \u0219i \u00eel privea cum respir\u0103 lini\u0219tit.<\/p>\n\n\n\n<p>Diminea\u021ba, a sunat la avocat.<\/p>\n\n\n\n<p>A doua zi, la \u0219coal\u0103.<\/p>\n\n\n\n<p>A treia zi, la prim\u0103rie.<\/p>\n\n\n\n<p>Nu era u\u0219or. Au fost \u00eentreb\u0103ri. H\u00e2rtii. Priviri suspicioase. Dar Gabriel n-a dat \u00eenapoi.<\/p>\n\n\n\n<p>Dup\u0103 c\u00e2teva luni, copilul avea acte. Avea un nume complet. Avea o camer\u0103 a lui. Avea cine s\u0103-l a\u0219tepte acas\u0103.<\/p>\n\n\n\n<p>\u00centr-o sear\u0103, st\u0103teau am\u00e2ndoi pe canapea.<\/p>\n\n\n\n<p>\u2014 Tata\u2026 pot s\u0103-\u021bi spun a\u0219a? a \u00eentrebat copilul, cu voce joas\u0103.<\/p>\n\n\n\n<p>Gabriel a \u00eenchis ochii.<\/p>\n\n\n\n<p>\u2014 Te rog.<\/p>\n\n\n\n<p>Au mers \u00eempreun\u0103 la cimitir \u00eentr-o duminic\u0103.<\/p>\n\n\n\n<p>Au aprins o lum\u00e2nare.<\/p>\n\n\n\n<p>\u2014 Nu te mai sup\u0103ra, mam\u0103, a \u0219optit b\u0103iatul. Sunt bine.<\/p>\n\n\n\n<p>Gabriel a pus m\u00e2na pe piatra rece.<\/p>\n\n\n\n<p>Pentru prima dat\u0103, n-a mai sim\u021bit doar pierdere.<\/p>\n\n\n\n<p>A sim\u021bit c\u0103, dintr-o minciun\u0103 dureroas\u0103, via\u021ba \u00eei d\u0103duse \u00eenapoi ceva nea\u0219teptat.<\/p>\n\n\n\n<p>Un fiu.<\/p>\n\n\n\n<p>\u0218i o a doua \u0219ans\u0103.<\/p>\n\n\n\n<p><em>Aceast\u0103 lucrare este inspirat\u0103 din evenimente \u0219i persoane reale, \u00eens\u0103 a fost fic\u021bionalizat\u0103 \u00een scopuri creative. Numele, personajele \u0219i detaliile au fost schimbate pentru a proteja intimitatea \u0219i pentru a \u00eembun\u0103t\u0103\u021bi nara\u021biunea. Orice asem\u0103nare cu persoane reale, \u00een via\u021b\u0103 sau decedate, sau cu evenimente reale este pur \u00eent\u00e2mpl\u0103toare \u0219i nu este inten\u021bionat\u0103 de c\u0103tre autor.<\/em><\/p>\n\n\n\n<p><em>Autorul \u0219i editorul nu \u00ee\u0219i asum\u0103 responsabilitatea pentru exactitatea evenimentelor sau pentru modul \u00een care sunt portretizate personajele \u0219i nu sunt r\u0103spunz\u0103tori pentru eventuale interpret\u0103ri gre\u0219ite. Aceast\u0103 poveste este oferit\u0103 \u201eca atare\u201d, iar orice opinii exprimate apar\u021bin personajelor \u0219i nu reflect\u0103 punctele de vedere ale autorului sau ale editorului.<\/em><\/p>\n","protected":false},"excerpt":{"rendered":"<p>Gabriel a r\u0103mas pe loc. Inima i s-a str\u00e2ns \u00eentr-un fel pe care nu-l mai sim\u021bise de ani de zile. Nu era doar mil\u0103. Era<\/p>\n","protected":false},"author":1,"featured_media":44268,"comment_status":"closed","ping_status":"closed","sticky":false,"template":"","format":"standard","meta":[],"categories":[1],"tags":[],"_links":{"self":[{"href":"https:\/\/calatorinromania.com\/index.php?rest_route=\/wp\/v2\/posts\/44397"}],"collection":[{"href":"https:\/\/calatorinromania.com\/index.php?rest_route=\/wp\/v2\/posts"}],"about":[{"href":"https:\/\/calatorinromania.com\/index.php?rest_route=\/wp\/v2\/types\/post"}],"author":[{"embeddable":true,"href":"https:\/\/calatorinromania.com\/index.php?rest_route=\/wp\/v2\/users\/1"}],"replies":[{"embeddable":true,"href":"https:\/\/calatorinromania.com\/index.php?rest_route=%2Fwp%2Fv2%2Fcomments&post=44397"}],"version-history":[{"count":1,"href":"https:\/\/calatorinromania.com\/index.php?rest_route=\/wp\/v2\/posts\/44397\/revisions"}],"predecessor-version":[{"id":44398,"href":"https:\/\/calatorinromania.com\/index.php?rest_route=\/wp\/v2\/posts\/44397\/revisions\/44398"}],"wp:featuredmedia":[{"embeddable":true,"href":"https:\/\/calatorinromania.com\/index.php?rest_route=\/wp\/v2\/media\/44268"}],"wp:attachment":[{"href":"https:\/\/calatorinromania.com\/index.php?rest_route=%2Fwp%2Fv2%2Fmedia&parent=44397"}],"wp:term":[{"taxonomy":"category","embeddable":true,"href":"https:\/\/calatorinromania.com\/index.php?rest_route=%2Fwp%2Fv2%2Fcategories&post=44397"},{"taxonomy":"post_tag","embeddable":true,"href":"https:\/\/calatorinromania.com\/index.php?rest_route=%2Fwp%2Fv2%2Ftags&post=44397"}],"curies":[{"name":"wp","href":"https:\/\/api.w.org\/{rel}","templated":true}]}}