{"id":44393,"date":"2025-12-29T08:18:20","date_gmt":"2025-12-29T08:18:20","guid":{"rendered":"https:\/\/calatorinromania.com\/?p=44393"},"modified":"2025-12-29T08:18:21","modified_gmt":"2025-12-29T08:18:21","slug":"cand-milionarul-si-a-vazut-logodnica-eleganta-batjocorind-pe-cine-nu-trebuia","status":"publish","type":"post","link":"https:\/\/calatorinromania.com\/?p=44393","title":{"rendered":"C\u00e2nd milionarul \u0219i-a v\u0103zut logodnica elegant\u0103 batjocorind pe cine nu trebuia"},"content":{"rendered":"\n<p>Chelneri\u021ba a ezitat o clip\u0103.<\/p>\n\n\n\n<p><\/p>\n\n\n\n<p>Apoi a f\u0103cut c\u00e2\u021biva pa\u0219i mici \u00eenainte, cu capul plecat \u0219i m\u00e2inile tremur\u00e2nd.<\/p>\n\n\n\n<p><\/p>\n\n\n\n<p>Alexandru a scos inelul de pe deget.<\/p>\n\n\n\n<p><\/p>\n\n\n\n<p>Un murmur a str\u0103b\u0103tut sala.<\/p>\n\n\n\n<p><\/p>\n\n\n\n<p>Camilia a r\u0103mas cu gura \u00eentredeschis\u0103.<\/p>\n\n\n\n<p><\/p>\n\n\n\n<p>\u201eAlexandru\u2026 ce faci?\u201d, a \u0219optit ea, \u00eencerc\u00e2nd s\u0103 z\u00e2mbeasc\u0103, dar vocea \u00eei tremura.<\/p>\n\n\n\n<p><\/p>\n\n\n\n<p>El nu i-a r\u0103spuns.<\/p>\n\n\n\n<p><\/p>\n\n\n\n<p>S-a \u00eentors c\u0103tre chelneri\u021b\u0103.<\/p>\n\n\n\n<p><\/p>\n\n\n\n<p>\u201eCum te cheam\u0103?\u201d, a \u00eentrebat-o bl\u00e2nd.<\/p>\n\n\n\n<p><\/p>\n\n\n\n<p>\u201eAna\u201d, a spus ea abia auzit.<\/p>\n\n\n\n<p>\u201eAna, nu ai gre\u0219it cu nimic. \u0218i nu meri\u021bi s\u0103 fii umilit\u0103 de nimeni.\u201d<\/p>\n\n\n\n<p>Apoi Alexandru s-a \u00eentors c\u0103tre invita\u021bi.<\/p>\n\n\n\n<p>\u201eVreau s\u0103 vede\u021bi cu to\u021bii ce fel de om este persoana pe care eram gata s\u0103 o iau de so\u021bie.\u201d<\/p>\n\n\n\n<p>Camilia a \u00eencercat s\u0103 intervin\u0103.<\/p>\n\n\n\n<p>\u201eExagerezi! Era doar o glum\u0103!\u201d<\/p>\n\n\n\n<p>\u201eNu\u201d, a spus el calm. \u201eA fost o alegere. \u0218i gluma spune cine e\u0219ti cu adev\u0103rat.\u201d<\/p>\n\n\n\n<p>A ridicat inelul \u00eentre degete.<\/p>\n\n\n\n<p>\u201eAcest inel era un simbol al iubirii. Dar iubirea f\u0103r\u0103 respect nu valoreaz\u0103 nimic.\u201d<\/p>\n\n\n\n<p>\u0218i, sub privirile tuturor, a pus inelul \u00een palma Anei.<\/p>\n\n\n\n<p>Un \u0219oc a cuprins sala.<\/p>\n\n\n\n<p>Ana a \u00eencremenit.<\/p>\n\n\n\n<p>\u201eNu\u2026 nu pot accepta\u201d, a b\u00e2iguit.<\/p>\n\n\n\n<p>\u201eNu \u021bi-l ofer ca s\u0103-l por\u021bi\u201d, a spus Alexandru. \u201e\u021ai-l ofer ca s\u0103-l vinzi. S\u0103-\u021bi pl\u0103te\u0219ti studiile, chiria, via\u021ba. Pentru c\u0103 valoarea ta nu e dat\u0103 de uniforma pe care o por\u021bi.\u201d<\/p>\n\n\n\n<p>Camilia a izbucnit.<\/p>\n\n\n\n<p>\u201eE\u0219ti nebun! \u0218tii c\u00e2t cost\u0103 inelul \u0103la? Peste 80.000 de lei!\u201d<\/p>\n\n\n\n<p>\u201e\u0218tiu exact\u201d, a r\u0103spuns el. \u201e\u0218i \u0219tiu \u0219i c\u00e2t valoreaz\u0103 demnitatea.\u201d<\/p>\n\n\n\n<p>Apoi s-a uitat direct la ea.<\/p>\n\n\n\n<p>\u201eLogodna noastr\u0103 s-a \u00eencheiat.\u201d<\/p>\n\n\n\n<p>\u00cen \u00eenc\u0103pere s-a l\u0103sat o lini\u0219te grea.<\/p>\n\n\n\n<p>Prietenii Camiliei au \u00eenceput s\u0103 se retrag\u0103, unul c\u00e2te unul.<\/p>\n\n\n\n<p>Tat\u0103l ei, ro\u0219u la fa\u021b\u0103, a plecat f\u0103r\u0103 s\u0103 spun\u0103 un cuv\u00e2nt.<\/p>\n\n\n\n<p>Camilia a r\u0103mas singur\u0103, cu rochia perfect\u0103 \u0219i orgoliul f\u0103cut praf.<\/p>\n\n\n\n<p>Alexandru a chemat managerul loca\u021biei \u0219i a cerut ca Ana s\u0103 fie pl\u0103tit\u0103 dublu pentru seara respectiv\u0103.<\/p>\n\n\n\n<p>Apoi a plecat.<\/p>\n\n\n\n<p>F\u0103r\u0103 scandal. F\u0103r\u0103 \u021bipete.<\/p>\n\n\n\n<p>Doar cu fruntea sus.<\/p>\n\n\n\n<p>C\u00e2teva luni mai t\u00e2rziu, Ana lucra deja \u00eentr-o firm\u0103 mare din Bucure\u0219ti. Alexandru o ajutase discret s\u0103-\u0219i termine facultatea.<\/p>\n\n\n\n<p>Nu au devenit un cuplu.<\/p>\n\n\n\n<p>Dar au devenit prieteni.<\/p>\n\n\n\n<p>Iar Alexandru a \u00eenv\u0103\u021bat ceva ce banii nu-l \u00eenv\u0103\u021baser\u0103 niciodat\u0103.<\/p>\n\n\n\n<p>C\u0103 adev\u0103rata bog\u0103\u021bie nu st\u0103 \u00een conace, \u0219ampanie sau inele scumpe.<\/p>\n\n\n\n<p>Ci \u00een felul \u00een care \u00eei tratezi pe cei care nu au nimic.<\/p>\n\n\n\n<p><em>Aceast\u0103 lucrare este inspirat\u0103 din evenimente \u0219i persoane reale, \u00eens\u0103 a fost fic\u021bionalizat\u0103 \u00een scopuri creative. Numele, personajele \u0219i detaliile au fost schimbate pentru a proteja intimitatea \u0219i pentru a \u00eembun\u0103t\u0103\u021bi nara\u021biunea. Orice asem\u0103nare cu persoane reale, \u00een via\u021b\u0103 sau decedate, sau cu evenimente reale este pur \u00eent\u00e2mpl\u0103toare \u0219i nu este inten\u021bionat\u0103 de c\u0103tre autor.<\/em><\/p>\n\n\n\n<p><em>Autorul \u0219i editorul nu \u00ee\u0219i asum\u0103 responsabilitatea pentru exactitatea evenimentelor sau pentru modul \u00een care sunt portretizate personajele \u0219i nu sunt r\u0103spunz\u0103tori pentru eventuale interpret\u0103ri gre\u0219ite. Aceast\u0103 poveste este oferit\u0103 \u201eca atare\u201d, iar orice opinii exprimate apar\u021bin personajelor \u0219i nu reflect\u0103 punctele de vedere ale autorului sau ale editorului.<\/em><\/p>\n","protected":false},"excerpt":{"rendered":"<p>Chelneri\u021ba a ezitat o clip\u0103. Apoi a f\u0103cut c\u00e2\u021biva pa\u0219i mici \u00eenainte, cu capul plecat \u0219i m\u00e2inile tremur\u00e2nd. Alexandru a scos inelul de pe deget.<\/p>\n","protected":false},"author":1,"featured_media":44268,"comment_status":"closed","ping_status":"closed","sticky":false,"template":"","format":"standard","meta":[],"categories":[1],"tags":[],"_links":{"self":[{"href":"https:\/\/calatorinromania.com\/index.php?rest_route=\/wp\/v2\/posts\/44393"}],"collection":[{"href":"https:\/\/calatorinromania.com\/index.php?rest_route=\/wp\/v2\/posts"}],"about":[{"href":"https:\/\/calatorinromania.com\/index.php?rest_route=\/wp\/v2\/types\/post"}],"author":[{"embeddable":true,"href":"https:\/\/calatorinromania.com\/index.php?rest_route=\/wp\/v2\/users\/1"}],"replies":[{"embeddable":true,"href":"https:\/\/calatorinromania.com\/index.php?rest_route=%2Fwp%2Fv2%2Fcomments&post=44393"}],"version-history":[{"count":1,"href":"https:\/\/calatorinromania.com\/index.php?rest_route=\/wp\/v2\/posts\/44393\/revisions"}],"predecessor-version":[{"id":44394,"href":"https:\/\/calatorinromania.com\/index.php?rest_route=\/wp\/v2\/posts\/44393\/revisions\/44394"}],"wp:featuredmedia":[{"embeddable":true,"href":"https:\/\/calatorinromania.com\/index.php?rest_route=\/wp\/v2\/media\/44268"}],"wp:attachment":[{"href":"https:\/\/calatorinromania.com\/index.php?rest_route=%2Fwp%2Fv2%2Fmedia&parent=44393"}],"wp:term":[{"taxonomy":"category","embeddable":true,"href":"https:\/\/calatorinromania.com\/index.php?rest_route=%2Fwp%2Fv2%2Fcategories&post=44393"},{"taxonomy":"post_tag","embeddable":true,"href":"https:\/\/calatorinromania.com\/index.php?rest_route=%2Fwp%2Fv2%2Ftags&post=44393"}],"curies":[{"name":"wp","href":"https:\/\/api.w.org\/{rel}","templated":true}]}}