{"id":44389,"date":"2025-12-29T08:12:55","date_gmt":"2025-12-29T08:12:55","guid":{"rendered":"https:\/\/calatorinromania.com\/?p=44389"},"modified":"2025-12-29T08:12:56","modified_gmt":"2025-12-29T08:12:56","slug":"un-tata-singur-a-cumparat-o-ferma-abandonata","status":"publish","type":"post","link":"https:\/\/calatorinromania.com\/?p=44389","title":{"rendered":"Un tat\u0103 singur a cump\u0103rat o ferm\u0103 abandonat\u0103"},"content":{"rendered":"\n<p>Andrei a r\u0103mas c\u00e2teva secunde nemi\u0219cat, cu m\u00e2na pe clan\u021b\u0103. Focul trosnea lini\u0219tit, ca \u0219i cum scena ar fi fost ceva obi\u0219nuit. Maria a str\u0103nutat u\u0219or, iar sunetul acela mic l-a readus \u00een realitate.<\/p>\n\n\n\n<p><\/p>\n\n\n\n<p>\u2014 Intra\u021bi \u00eenapoi, a spus el \u00eencet. Nu e vreme de stat \u00een prag.<\/p>\n\n\n\n<p><\/p>\n\n\n\n<p>Clara \u0219i Sofia s-au privit scurt, ne\u00eencrez\u0103toare, apoi au dat din cap. Nu p\u0103reau s\u0103 cread\u0103 c\u0103 li se vorbe\u0219te serios. Maria s-a apropiat de foc, \u0219i-a \u00eenc\u0103lzit palmele \u0219i a \u00eenceput s\u0103 povesteasc\u0103 despre ursule\u021bul ei, de parc\u0103 nimic ie\u0219it din comun nu se \u00eent\u00e2mpla.<\/p>\n\n\n\n<p><\/p>\n\n\n\n<p>Au m\u00e2ncat \u00eempreun\u0103 din ce aveau. Andrei a scos din dub\u0103 o p\u00e2ine, ni\u0219te conserve \u0219i un borcan de zacusc\u0103. Clara a pus ap\u0103 la \u00eenc\u0103lzit \u0219i a f\u0103cut ceai. Gesturi simple, dar care umpleau casa de via\u021b\u0103.<\/p>\n\n\n\n<p><\/p>\n\n\n\n<p>A\u0219a a aflat povestea lor. Surori r\u0103mase f\u0103r\u0103 p\u0103rin\u021bi. Plecate dintr-un ora\u0219 mic dup\u0103 promisiuni de munc\u0103. \u00cen\u0219elate. R\u0103mase pe drumuri. Dormiser\u0103 pe unde apucaser\u0103, p\u00e2n\u0103 c\u00e2nd au g\u0103sit ferma goal\u0103. Nu furaser\u0103 nimic. Cur\u0103\u021baser\u0103. Doar ca s\u0103 poat\u0103 respira.<\/p>\n\n\n\n<p><\/p>\n\n\n\n<p>Andrei nu a spus nimic mult timp. Se uita la Maria, care r\u00e2dea, \u0219i la cele dou\u0103 femei, care prindeau culoare \u00een obraji l\u00e2ng\u0103 foc.<\/p>\n\n\n\n<p><\/p>\n\n\n\n<p>\u00cen seara aceea, au decis s\u0103 r\u0103m\u00e2n\u0103 to\u021bi. Doar peste noapte, \u0219i apoi aveau s\u0103 vad\u0103.<\/p>\n\n\n\n<p><\/p>\n\n\n\n<p>Zilele au trecut. Clara \u0219tia s\u0103 repare. Sofia g\u0103tea. Maria avea cu cine vorbi. Andrei muncea p\u0103m\u00e2ntul din jur, buc\u0103\u021bic\u0103 cu buc\u0103\u021bic\u0103. Fiecare punea um\u0103rul cum putea. Nu era u\u0219or. Banii erau pu\u021bini. Dar era lini\u0219te. Era sens.<\/p>\n\n\n\n<p>Vecinii au \u00eenceput s\u0103 apar\u0103. \u00cent\u00e2i curio\u0219i, apoi deschi\u0219i. Un sac de cartofi, ni\u0219te sc\u00e2nduri, un sfat bun. Satul i-a primit \u00eencet.<\/p>\n\n\n\n<p>\u00centr-o diminea\u021b\u0103, Andrei s-a trezit \u0219i a realizat ceva simplu: nu se mai sim\u021bea singur.<\/p>\n\n\n\n<p>Ferm\u0103 nu mai era abandonat\u0103. Devenise cas\u0103.<\/p>\n\n\n\n<p>\u0218i nu pentru c\u0103 ar\u0103ta mai bine. Ci pentru c\u0103 oamenii din ea se salvaser\u0103 unii pe al\u021bii, f\u0103r\u0103 promisiuni mari, doar cu gesturi m\u0103runte \u0219i inim\u0103 deschis\u0103.<\/p>\n\n\n\n<p>Uneori, a doua \u0219ans\u0103 nu vine sub forma unui miracol. Vine sub forma unor oameni care au nevoie de tine exact la fel de mult cum ai \u0219i tu nevoie de ei.<\/p>\n\n\n\n<p><em>Aceast\u0103 lucrare este inspirat\u0103 din evenimente \u0219i persoane reale, \u00eens\u0103 a fost fic\u021bionalizat\u0103 \u00een scopuri creative. Numele, personajele \u0219i detaliile au fost schimbate pentru a proteja intimitatea \u0219i pentru a \u00eembun\u0103t\u0103\u021bi nara\u021biunea. Orice asem\u0103nare cu persoane reale, \u00een via\u021b\u0103 sau decedate, sau cu evenimente reale este pur \u00eent\u00e2mpl\u0103toare \u0219i nu este inten\u021bionat\u0103 de c\u0103tre autor.<\/em><\/p>\n\n\n\n<p><em>Autorul \u0219i editorul nu \u00ee\u0219i asum\u0103 responsabilitatea pentru exactitatea evenimentelor sau pentru modul \u00een care sunt portretizate personajele \u0219i nu sunt r\u0103spunz\u0103tori pentru eventuale interpret\u0103ri gre\u0219ite. Aceast\u0103 poveste este oferit\u0103 \u201eca atare\u201d, iar orice opinii exprimate apar\u021bin personajelor \u0219i nu reflect\u0103 punctele de vedere ale autorului sau ale editorului.<\/em><\/p>\n\n\n\n<p><a href=\"https:\/\/www.pinterest.com\/pin\/create\/button\/?url=https%3A%2F%2Fbumzi.ro%2F%3Fp%3D15564&amp;description=Un+tat%C4%83+singur+a+cump%C4%83rat+o+ferm%C4%83+abandonat%C4%83\" target=\"_blank\" rel=\"noreferrer noopener\"><\/a><\/p>\n\n\n\n<p><a href=\"https:\/\/www.facebook.com\/sharer\/sharer.php?u=https%3A%2F%2Fbumzi.ro%2F%3Fp%3D15564\" target=\"_blank\" rel=\"noreferrer noopener\"><\/a><\/p>\n\n\n\n<p><a href=\"https:\/\/twitter.com\/intent\/tweet?url=https%3A%2F%2Fbumzi.ro%2F%3Fp%3D15564&amp;text=Un+tat%C4%83+singur+a+cump%C4%83rat+o+ferm%C4%83+abandonat%C4%83\" target=\"_blank\" rel=\"noreferrer noopener\"><\/a><a href=\"https:\/\/bumzi.ro\/?p=15561\"><\/a><\/p>\n","protected":false},"excerpt":{"rendered":"<p>Andrei a r\u0103mas c\u00e2teva secunde nemi\u0219cat, cu m\u00e2na pe clan\u021b\u0103. Focul trosnea lini\u0219tit, ca \u0219i cum scena ar fi fost ceva obi\u0219nuit. Maria a str\u0103nutat<\/p>\n","protected":false},"author":1,"featured_media":44268,"comment_status":"closed","ping_status":"closed","sticky":false,"template":"","format":"standard","meta":[],"categories":[1],"tags":[],"_links":{"self":[{"href":"https:\/\/calatorinromania.com\/index.php?rest_route=\/wp\/v2\/posts\/44389"}],"collection":[{"href":"https:\/\/calatorinromania.com\/index.php?rest_route=\/wp\/v2\/posts"}],"about":[{"href":"https:\/\/calatorinromania.com\/index.php?rest_route=\/wp\/v2\/types\/post"}],"author":[{"embeddable":true,"href":"https:\/\/calatorinromania.com\/index.php?rest_route=\/wp\/v2\/users\/1"}],"replies":[{"embeddable":true,"href":"https:\/\/calatorinromania.com\/index.php?rest_route=%2Fwp%2Fv2%2Fcomments&post=44389"}],"version-history":[{"count":1,"href":"https:\/\/calatorinromania.com\/index.php?rest_route=\/wp\/v2\/posts\/44389\/revisions"}],"predecessor-version":[{"id":44390,"href":"https:\/\/calatorinromania.com\/index.php?rest_route=\/wp\/v2\/posts\/44389\/revisions\/44390"}],"wp:featuredmedia":[{"embeddable":true,"href":"https:\/\/calatorinromania.com\/index.php?rest_route=\/wp\/v2\/media\/44268"}],"wp:attachment":[{"href":"https:\/\/calatorinromania.com\/index.php?rest_route=%2Fwp%2Fv2%2Fmedia&parent=44389"}],"wp:term":[{"taxonomy":"category","embeddable":true,"href":"https:\/\/calatorinromania.com\/index.php?rest_route=%2Fwp%2Fv2%2Fcategories&post=44389"},{"taxonomy":"post_tag","embeddable":true,"href":"https:\/\/calatorinromania.com\/index.php?rest_route=%2Fwp%2Fv2%2Ftags&post=44389"}],"curies":[{"name":"wp","href":"https:\/\/api.w.org\/{rel}","templated":true}]}}