{"id":44385,"date":"2025-12-27T08:17:59","date_gmt":"2025-12-27T08:17:59","guid":{"rendered":"https:\/\/calatorinromania.com\/?p=44385"},"modified":"2025-12-27T08:18:00","modified_gmt":"2025-12-27T08:18:00","slug":"sotul-ei-a-fortat-o-sa-renunte-la-copil-ca-sa-fie-liber-cu-amanta-lui","status":"publish","type":"post","link":"https:\/\/calatorinromania.com\/?p=44385","title":{"rendered":"So\u021bul ei a for\u021bat-o s\u0103 renun\u021be la copil ca s\u0103 fie liber cu amanta lui."},"content":{"rendered":"\n<p>Ecranul telefonului lumina slab buc\u0103t\u0103ria mic\u0103. Mariana st\u0103tea la mas\u0103, cu o can\u0103 de ceai \u00een fa\u021b\u0103, \u0219i privea fotografia veche de profil. Era o poz\u0103 din alt\u0103 via\u021b\u0103. O femeie care nu mai exista.<\/p>\n\n\n\n<p><\/p>\n\n\n\n<p>A \u00eenchis ochii pentru o clip\u0103, apoi a ap\u0103sat \u201eposteaz\u0103\u201d.<\/p>\n\n\n\n<p><\/p>\n\n\n\n<p>Nu un mesaj plin de repro\u0219uri. Nu o amenin\u021bare. Doar o fotografie cu ea \u0219i fetele, \u00een fa\u021ba flor\u0103riei, cu un text simplu:<\/p>\n\n\n\n<p><\/p>\n\n\n\n<p>\u201eVia\u021ba merge mai departe. Chiar \u0219i c\u00e2nd cineva \u00eencearc\u0103 s\u0103 te opreasc\u0103.\u201d<\/p>\n\n\n\n<p><\/p>\n\n\n\n<p>\u00cen c\u00e2teva ore, mesajul a fost distribuit de zeci de ori. Oamenii din Sinaia au recunoscut-o. Fo\u0219ti angaja\u021bi ai restaurantului. Cuno\u0219tin\u021be vechi. Cineva a scris \u00eentr-un comentariu:<\/p>\n\n\n\n<p><\/p>\n\n\n\n<p>\u201eAdrian, nu e asta femeia care a disp\u0103rut brusc acum ani?\u201d<\/p>\n\n\n\n<p>Zvonurile au \u00eenceput s\u0103 curg\u0103.<\/p>\n\n\n\n<p>Dou\u0103 zile mai t\u00e2rziu, telefonul Marianei a sunat. Num\u0103r necunoscut.<\/p>\n\n\n\n<p>A r\u0103spuns calm.<\/p>\n\n\n\n<p>\u2014 Sunt Adrian.<\/p>\n\n\n\n<p>Vocea lui nu mai avea siguran\u021ba de alt\u0103dat\u0103. Era \u00eencordat\u0103.<\/p>\n\n\n\n<p>\u2014 Am v\u0103zut postarea. Trebuie s\u0103 vorbim.<\/p>\n\n\n\n<p>\u2014 Nu avem ce discuta, a spus ea lini\u0219tit\u0103.<\/p>\n\n\n\n<p>\u2014 Fetele\u2026 sunt ale mele?<\/p>\n\n\n\n<p>Mariana a \u00eenchis ochii. Ilinca \u0219i Lumini\u021ba desenau pe podea, f\u0103r\u0103 s\u0103 \u0219tie c\u0103 lumea lor urma s\u0103 se clatine.<\/p>\n\n\n\n<p>\u2014 Sunt copiii pe care ai vrut s\u0103-i \u0219tergi, a spus ea rar. \u0218i acum sunt aici.<\/p>\n\n\n\n<p>Adrian a venit la Constan\u021ba o s\u0103pt\u0103m\u00e2n\u0103 mai t\u00e2rziu. Nu cu flori. Nu cu z\u00e2mbete. Ci cu un avocat.<\/p>\n\n\n\n<p>Doar c\u0103 nu \u0219tia tot adev\u0103rul.<\/p>\n\n\n\n<p>\u00cen ace\u0219ti \u0219apte ani, Mariana nu fusese doar o mam\u0103 care muncea din greu. \u00cenv\u0103\u021base. P\u0103strase mesaje. \u00cenregistr\u0103ri. Dovezi. Inclusiv un mesaj vocal \u00een care Adrian spunea clar c\u0103 o for\u021beaz\u0103 s\u0103 renun\u021be la copil ca s\u0103 fie \u201eliber\u201d.<\/p>\n\n\n\n<p>C\u00e2nd procesul a \u00eenceput, presa local\u0103 a aflat. Imaginea omului de afaceri perfect s-a cr\u0103pat.<\/p>\n\n\n\n<p>Catrina a plecat prima.<\/p>\n\n\n\n<p>Apoi au venit controalele. Angaja\u021bi nepl\u0103ti\u021bi. Contracte dubioase. Tot ce fusese ascuns sub pre\u0219.<\/p>\n\n\n\n<p>\u00cen sala de judecat\u0103, Adrian nu mai p\u0103rea un \u00eenving\u0103tor. Mariana st\u0103tea dreapt\u0103, cu fetele l\u00e2ng\u0103 ea.<\/p>\n\n\n\n<p>Judec\u0103torul a decis clar: recunoa\u0219tere de paternitate, pensie consistent\u0103, desp\u0103gubiri morale. Dar pentru Mariana, banii nu mai contau.<\/p>\n\n\n\n<p>Ceea ce conta era momentul \u00een care Adrian, cu ochii \u00een p\u0103m\u00e2nt, a fost obligat s\u0103-\u0219i cear\u0103 scuze \u00een fa\u021ba tuturor.<\/p>\n\n\n\n<p>Pentru prima dat\u0103, el era cel mic.<\/p>\n\n\n\n<p>\u00cen seara aceea, Mariana s-a \u00eentors acas\u0103, a \u00eenchis flor\u0103ria mai devreme \u0219i le-a str\u00e2ns pe fete \u00een bra\u021be.<\/p>\n\n\n\n<p>\u2014 Mam\u0103, suntem \u00een siguran\u021b\u0103 acum? a \u00eentrebat Lumini\u021ba.<\/p>\n\n\n\n<p>\u2014 Da, puiule. Acum suntem.<\/p>\n\n\n\n<p>Nu pentru c\u0103 cineva pl\u0103tise.<\/p>\n\n\n\n<p>Ci pentru c\u0103 o femeie care fusese c\u00e2ndva pus\u0103 \u00een genunchi alesese s\u0103 se ridice.<\/p>\n\n\n\n<p>\u0218i s\u0103 nu mai tac\u0103 niciodat\u0103.<\/p>\n\n\n\n<p><em>Aceast\u0103 lucrare este inspirat\u0103 din evenimente \u0219i persoane reale, \u00eens\u0103 a fost fic\u021bionalizat\u0103 \u00een scopuri creative. Numele, personajele \u0219i detaliile au fost schimbate pentru a proteja intimitatea \u0219i pentru a \u00eembun\u0103t\u0103\u021bi nara\u021biunea. Orice asem\u0103nare cu persoane reale, \u00een via\u021b\u0103 sau decedate, sau cu evenimente reale este pur \u00eent\u00e2mpl\u0103toare \u0219i nu este inten\u021bionat\u0103 de c\u0103tre autor.<\/em><\/p>\n\n\n\n<p><em>Autorul \u0219i editorul nu \u00ee\u0219i asum\u0103 responsabilitatea pentru exactitatea evenimentelor sau pentru modul \u00een care sunt portretizate personajele \u0219i nu sunt r\u0103spunz\u0103tori pentru eventuale interpret\u0103ri gre\u0219ite. Aceast\u0103 poveste este oferit\u0103 \u201eca atare\u201d, iar orice opinii exprimate apar\u021bin personajelor \u0219i nu reflect\u0103 punctele de vedere ale autorului sau ale editorului.<\/em><\/p>\n","protected":false},"excerpt":{"rendered":"<p>Ecranul telefonului lumina slab buc\u0103t\u0103ria mic\u0103. Mariana st\u0103tea la mas\u0103, cu o can\u0103 de ceai \u00een fa\u021b\u0103, \u0219i privea fotografia veche de profil. Era o<\/p>\n","protected":false},"author":1,"featured_media":44268,"comment_status":"closed","ping_status":"closed","sticky":false,"template":"","format":"standard","meta":[],"categories":[1],"tags":[],"_links":{"self":[{"href":"https:\/\/calatorinromania.com\/index.php?rest_route=\/wp\/v2\/posts\/44385"}],"collection":[{"href":"https:\/\/calatorinromania.com\/index.php?rest_route=\/wp\/v2\/posts"}],"about":[{"href":"https:\/\/calatorinromania.com\/index.php?rest_route=\/wp\/v2\/types\/post"}],"author":[{"embeddable":true,"href":"https:\/\/calatorinromania.com\/index.php?rest_route=\/wp\/v2\/users\/1"}],"replies":[{"embeddable":true,"href":"https:\/\/calatorinromania.com\/index.php?rest_route=%2Fwp%2Fv2%2Fcomments&post=44385"}],"version-history":[{"count":1,"href":"https:\/\/calatorinromania.com\/index.php?rest_route=\/wp\/v2\/posts\/44385\/revisions"}],"predecessor-version":[{"id":44386,"href":"https:\/\/calatorinromania.com\/index.php?rest_route=\/wp\/v2\/posts\/44385\/revisions\/44386"}],"wp:featuredmedia":[{"embeddable":true,"href":"https:\/\/calatorinromania.com\/index.php?rest_route=\/wp\/v2\/media\/44268"}],"wp:attachment":[{"href":"https:\/\/calatorinromania.com\/index.php?rest_route=%2Fwp%2Fv2%2Fmedia&parent=44385"}],"wp:term":[{"taxonomy":"category","embeddable":true,"href":"https:\/\/calatorinromania.com\/index.php?rest_route=%2Fwp%2Fv2%2Fcategories&post=44385"},{"taxonomy":"post_tag","embeddable":true,"href":"https:\/\/calatorinromania.com\/index.php?rest_route=%2Fwp%2Fv2%2Ftags&post=44385"}],"curies":[{"name":"wp","href":"https:\/\/api.w.org\/{rel}","templated":true}]}}