{"id":44381,"date":"2025-12-27T08:12:26","date_gmt":"2025-12-27T08:12:26","guid":{"rendered":"https:\/\/calatorinromania.com\/?p=44381"},"modified":"2025-12-27T08:12:26","modified_gmt":"2025-12-27T08:12:26","slug":"cu-cateva-clipe-inainte-de-nunta-fiului-meu-mi-am-vazut-sotul-sarutandu-i-logodnica","status":"publish","type":"post","link":"https:\/\/calatorinromania.com\/?p=44381","title":{"rendered":"Cu c\u00e2teva clipe \u00eenainte de nunta fiului meu, mi-am v\u0103zut so\u021bul s\u0103rut\u00e2ndu-i logodnica"},"content":{"rendered":"\n<p>Aida a intrat \u00een cas\u0103 f\u0103r\u0103 s\u0103 spun\u0103 nimic. Avea fa\u021ba \u00eencordat\u0103 \u0219i o map\u0103 groas\u0103 sub bra\u021b. Am \u0219tiut dintr-o privire c\u0103 nu era vorba de ceva m\u0103runt.<\/p>\n\n\n\n<p><\/p>\n\n\n\n<p>Ne-am a\u0219ezat \u00een buc\u0103t\u0103rie. Eli st\u0103tea \u00een picioare, cu m\u00e2inile str\u00e2nse \u00een pumni. Eu tremuram.<\/p>\n\n\n\n<p><\/p>\n\n\n\n<p>\u2014 Spune-i, Aida, a zis el.<\/p>\n\n\n\n<p><\/p>\n\n\n\n<p>Sora mea a deschis mapa \u0219i a scos mai multe copii de acte.<\/p>\n\n\n\n<p><\/p>\n\n\n\n<p>\u2014 Florin nu te-a tr\u0103dat doar acum, a spus calm. Te-a \u00een\u0219elat financiar de cincisprezece ani.<\/p>\n\n\n\n<p><\/p>\n\n\n\n<p>Am sim\u021bit c\u0103 mi se taie picioarele.<\/p>\n\n\n\n<p><\/p>\n\n\n\n<p>\u2014 Ce vrei s\u0103 spui?<\/p>\n\n\n\n<p><\/p>\n\n\n\n<p>\u2014 Firma lui e trecut\u0103 pe numele t\u0103u, dar veniturile au fost direc\u021bionate constant spre conturi ascunse. \u00cen lei, sume mici la \u00eenceput. Apoi zeci de mii. A investit, a sp\u0103lat bani, a ascuns totul.<\/p>\n\n\n\n<p><\/p>\n\n\n\n<p>Mi-am dus m\u00e2na la gur\u0103.<\/p>\n\n\n\n<p>\u2014 \u0218i M\u0103d\u0103lina? am \u00eentrebat.<\/p>\n\n\n\n<p>\u2014 Complice. \u0218tia. L-a ajutat s\u0103 scoat\u0103 bani prin contracte false. Am dovezi clare.<\/p>\n\n\n\n<p>Eli a inspirat ad\u00e2nc.<\/p>\n\n\n\n<p>\u2014 La biseric\u0103, vom spune tot.<\/p>\n\n\n\n<p>Nunta a \u00eenceput ca \u00een pove\u0219ti. Muzic\u0103, flori, invita\u021bi \u00eembr\u0103ca\u021bi elegant. Nimeni nu b\u0103nuia nimic.<\/p>\n\n\n\n<p>C\u00e2nd preotul a \u00eentrebat dac\u0103 exist\u0103 vreo piedic\u0103 pentru aceast\u0103 c\u0103s\u0103torie, Eli a f\u0103cut un pas \u00eenainte.<\/p>\n\n\n\n<p>\u2014 Da, exist\u0103.<\/p>\n\n\n\n<p>Un murmur a trecut prin biseric\u0103.<\/p>\n\n\n\n<p>Florin a \u00eencremenit. M\u0103d\u0103lina a albit la fa\u021b\u0103.<\/p>\n\n\n\n<p>Eli a scos telefonul \u0219i a conectat proiectorul. Imagini. Mesaje. Transferuri bancare. S\u0103ruturi surprinse \u00een hoteluri din Bra\u0219ov \u0219i Mamaia.<\/p>\n\n\n\n<p>Un val de \u0219oapte, apoi strig\u0103te.<\/p>\n\n\n\n<p>\u2014 Tat\u0103l meu \u0219i logodnica mea au o rela\u021bie de luni de zile, a spus Eli. Dar nu doar at\u00e2t. M-au min\u021bit pe mine. Au furat de la mama mea. Au comis infrac\u021biuni.<\/p>\n\n\n\n<p>Florin a \u00eencercat s\u0103 se apropie.<\/p>\n\n\n\n<p>\u2014 Opre\u0219te-te! e o minciun\u0103!<\/p>\n\n\n\n<p>Aida a ridicat m\u00e2na.<\/p>\n\n\n\n<p>\u2014 Poli\u021bia e deja pe drum.<\/p>\n\n\n\n<p>\u00cen c\u00e2teva minute, biserica s-a umplut de sirene. Florin \u0219i M\u0103d\u0103lina au fost lua\u021bi de poli\u021bi\u0219ti, sub privirile tuturor.<\/p>\n\n\n\n<p>Eu am r\u0103mas pe banc\u0103, pl\u00e2ng\u00e2nd. Dar nu de durere. De eliberare.<\/p>\n\n\n\n<p>C\u00e2teva luni mai t\u00e2rziu, totul s-a terminat. Conturile mi-au fost returnate. Casa a r\u0103mas a mea. Florin a fost condamnat. M\u0103d\u0103lina \u0219i-a pierdut dreptul de a profesa.<\/p>\n\n\n\n<p>Eli a venit \u00eentr-o sear\u0103 la mine \u0219i m-a \u00eembr\u0103\u021bi\u0219at.<\/p>\n\n\n\n<p>\u2014 Ai fost mai puternic\u0103 dec\u00e2t ai crezut, mam\u0103.<\/p>\n\n\n\n<p>Am z\u00e2mbit.<\/p>\n\n\n\n<p>Pentru prima dat\u0103 dup\u0103 mul\u021bi ani, chiar eram.<\/p>\n\n\n\n<p><em>Aceast\u0103 lucrare este inspirat\u0103 din evenimente \u0219i persoane reale, \u00eens\u0103 a fost fic\u021bionalizat\u0103 \u00een scopuri creative. Numele, personajele \u0219i detaliile au fost schimbate pentru a proteja intimitatea \u0219i pentru a \u00eembun\u0103t\u0103\u021bi nara\u021biunea. Orice asem\u0103nare cu persoane reale, \u00een via\u021b\u0103 sau decedate, sau cu evenimente reale este pur \u00eent\u00e2mpl\u0103toare \u0219i nu este inten\u021bionat\u0103 de c\u0103tre autor.<\/em><\/p>\n\n\n\n<p><em>Autorul \u0219i editorul nu \u00ee\u0219i asum\u0103 responsabilitatea pentru exactitatea evenimentelor sau pentru modul \u00een care sunt portretizate personajele \u0219i nu sunt r\u0103spunz\u0103tori pentru eventuale interpret\u0103ri gre\u0219ite. Aceast\u0103 poveste este oferit\u0103 \u201eca atare\u201d, iar orice opinii exprimate apar\u021bin personajelor \u0219i nu reflect\u0103 punctele de vedere ale autorului sau ale editorului.<\/em><\/p>\n","protected":false},"excerpt":{"rendered":"<p>Aida a intrat \u00een cas\u0103 f\u0103r\u0103 s\u0103 spun\u0103 nimic. Avea fa\u021ba \u00eencordat\u0103 \u0219i o map\u0103 groas\u0103 sub bra\u021b. Am \u0219tiut dintr-o privire c\u0103 nu era<\/p>\n","protected":false},"author":1,"featured_media":44268,"comment_status":"closed","ping_status":"closed","sticky":false,"template":"","format":"standard","meta":[],"categories":[1],"tags":[],"_links":{"self":[{"href":"https:\/\/calatorinromania.com\/index.php?rest_route=\/wp\/v2\/posts\/44381"}],"collection":[{"href":"https:\/\/calatorinromania.com\/index.php?rest_route=\/wp\/v2\/posts"}],"about":[{"href":"https:\/\/calatorinromania.com\/index.php?rest_route=\/wp\/v2\/types\/post"}],"author":[{"embeddable":true,"href":"https:\/\/calatorinromania.com\/index.php?rest_route=\/wp\/v2\/users\/1"}],"replies":[{"embeddable":true,"href":"https:\/\/calatorinromania.com\/index.php?rest_route=%2Fwp%2Fv2%2Fcomments&post=44381"}],"version-history":[{"count":1,"href":"https:\/\/calatorinromania.com\/index.php?rest_route=\/wp\/v2\/posts\/44381\/revisions"}],"predecessor-version":[{"id":44382,"href":"https:\/\/calatorinromania.com\/index.php?rest_route=\/wp\/v2\/posts\/44381\/revisions\/44382"}],"wp:featuredmedia":[{"embeddable":true,"href":"https:\/\/calatorinromania.com\/index.php?rest_route=\/wp\/v2\/media\/44268"}],"wp:attachment":[{"href":"https:\/\/calatorinromania.com\/index.php?rest_route=%2Fwp%2Fv2%2Fmedia&parent=44381"}],"wp:term":[{"taxonomy":"category","embeddable":true,"href":"https:\/\/calatorinromania.com\/index.php?rest_route=%2Fwp%2Fv2%2Fcategories&post=44381"},{"taxonomy":"post_tag","embeddable":true,"href":"https:\/\/calatorinromania.com\/index.php?rest_route=%2Fwp%2Fv2%2Ftags&post=44381"}],"curies":[{"name":"wp","href":"https:\/\/api.w.org\/{rel}","templated":true}]}}