{"id":44379,"date":"2025-12-27T08:08:49","date_gmt":"2025-12-27T08:08:49","guid":{"rendered":"https:\/\/calatorinromania.com\/?p=44379"},"modified":"2025-12-27T08:08:49","modified_gmt":"2025-12-27T08:08:49","slug":"fiul-meu-vitreg-m-a-impins-la-masa-de-craciun-si-a","status":"publish","type":"post","link":"https:\/\/calatorinromania.com\/?p=44379","title":{"rendered":"Fiul meu vitreg m-a \u00eempins la masa de Cr\u0103ciun \u0219i a"},"content":{"rendered":"\n<p>Nimeni nu s-a ridicat.<\/p>\n\n\n\n<p><\/p>\n\n\n\n<p>Nici so\u021bul meu.<\/p>\n\n\n\n<p><br>Nici sora lui.<\/p>\n\n\n\n<p><br>Nici m\u0103car copiii.<\/p>\n\n\n\n<p><\/p>\n\n\n\n<p>Doar furculi\u021bele au continuat s\u0103 se mi\u0219te, farfuriile s\u0103 se goleasc\u0103, iar eu am r\u0103mas \u00eentins\u0103 pe podea, cu durerea puls\u00e2nd \u0219i cu o lini\u0219te care f\u0103cea mai mult zgomot dec\u00e2t orice \u021bip\u0103t.<\/p>\n\n\n\n<p><\/p>\n\n\n\n<p>Atunci am \u00een\u021beles ceva simplu \u0219i dureros.<\/p>\n\n\n\n<p><br>Nu mai eram invitat\u0103 \u00een familia asta. Eram doar tolerat\u0103.<\/p>\n\n\n\n<p><\/p>\n\n\n\n<p>M-am ridicat singur\u0103. Cu greu. Mi-am \u0219ters sosul de pe bluz\u0103 cu un \u0219erve\u021bel mototolit \u0219i mi-am \u00eendreptat spatele. Nimeni nu m-a oprit. Nimeni nu \u0219i-a cerut scuze.<\/p>\n\n\n\n<p><\/p>\n\n\n\n<p>M-am dus \u00eencet spre hol, sub privirile lor goale.<\/p>\n\n\n\n<p><\/p>\n\n\n\n<p>\u201eUnde te duci?\u201d a \u00eentrebat so\u021bul meu, abia atunci.<\/p>\n\n\n\n<p><\/p>\n\n\n\n<p>M-am oprit.<br>M-am \u00eentors.<br>\u0218i am spus calm:<\/p>\n\n\n\n<p>\u201eS\u0103 iau actele.\u201d<\/p>\n\n\n\n<p>Au r\u00e2s.<\/p>\n\n\n\n<p>Au crezut c\u0103 e o criz\u0103. O sup\u0103rare de moment.<\/p>\n\n\n\n<p>\u00cen sertarul de sub scar\u0103 era dosarul pe care \u00eel preg\u0103tisem \u00een t\u0103cere de luni de zile. Contracte. Chitan\u021be. Extrasuri de cont. H\u00e2rtii cu datorii. Documente de proprietate.<\/p>\n\n\n\n<p>M-am \u00eentors \u00een sufragerie \u0219i le-am pus pe mas\u0103, l\u00e2ng\u0103 platoul cu curcan.<\/p>\n\n\n\n<p>\u201eCasa asta e pe numele meu\u201d, am spus rar.<br>\u201eCreditul a fost pl\u0103tit din banii mei. Ratele, utilit\u0103\u021bile, renov\u0103rile \u2013 toate. Firma de construc\u021bii cu care a\u021bi lucrat anul trecut? A mea.\u201d<\/p>\n\n\n\n<p>T\u0103cere.<\/p>\n\n\n\n<p>C\u0103lin a r\u00e2s nervos.<br>\u201eHai, las\u0103 teatrul.\u201d<\/p>\n\n\n\n<p>Am scos ultima h\u00e2rtie.<\/p>\n\n\n\n<p>\u201eIar Radu\u2026 tat\u0103l t\u0103u\u2026 are o h\u00e2rtie cu datorie de peste&nbsp;<strong>120.000 de lei<\/strong>&nbsp;c\u0103tre mine. Semnat\u0103.\u201d<\/p>\n\n\n\n<p>Fa\u021ba lui Radu s-a albit.<\/p>\n\n\n\n<p>So\u021bul meu s-a ridicat brusc.<br>\u201eLaura\u2026 ce faci?\u201d<\/p>\n\n\n\n<p>\u201eM\u0103 ridic\u201d, am spus. \u201eExact ce n-a f\u0103cut nimeni pentru mine.\u201d<\/p>\n\n\n\n<p>Am respirat ad\u00e2nc.<\/p>\n\n\n\n<p>\u201eAve\u021bi dou\u0103 s\u0103pt\u0103m\u00e2ni s\u0103 p\u0103r\u0103si\u021bi casa.\u201d<\/p>\n\n\n\n<p>Lidia a \u00eenceput s\u0103 pl\u00e2ng\u0103.<br>C\u0103lin a \u021bipat.<br>Radu a \u00eenjurat.<\/p>\n\n\n\n<p>Dar eu eram calm\u0103.<\/p>\n\n\n\n<p>Pentru prima dat\u0103 \u00een cinci ani.<\/p>\n\n\n\n<p>Am plecat \u00een noaptea aceea. Am dormit la o prieten\u0103, cu un \u0219old v\u00e2n\u0103t \u0219i o inim\u0103 grea, dar dreapt\u0103.<\/p>\n\n\n\n<p>Dup\u0103 s\u0103rb\u0103tori, am schimbat yalele.<\/p>\n\n\n\n<p>Dup\u0103 o lun\u0103, casa era goal\u0103.<\/p>\n\n\n\n<p>Acum stau din nou la capul mesei. Singur\u0103, uneori. Dar \u00een lini\u0219te. F\u0103r\u0103 fric\u0103. F\u0103r\u0103 umilin\u021b\u0103.<\/p>\n\n\n\n<p>\u0218i de fiecare dat\u0103 c\u00e2nd m\u0103 a\u0219ez, simt v\u00e2n\u0103taia aceea veche\u2026<br>nu ca pe o ran\u0103,<br>ci ca pe o amintire.<\/p>\n\n\n\n<p>Aminte\u0219te-mi cine sunt.<\/p>\n\n\n\n<p><em>Aceast\u0103 lucrare este inspirat\u0103 din evenimente \u0219i persoane reale, \u00eens\u0103 a fost fic\u021bionalizat\u0103 \u00een scopuri creative. Numele, personajele \u0219i detaliile au fost schimbate pentru a proteja intimitatea \u0219i pentru a \u00eembun\u0103t\u0103\u021bi nara\u021biunea. Orice asem\u0103nare cu persoane reale, \u00een via\u021b\u0103 sau decedate, sau cu evenimente reale este pur \u00eent\u00e2mpl\u0103toare \u0219i nu este inten\u021bionat\u0103 de c\u0103tre autor.<\/em><\/p>\n\n\n\n<p><em>Autorul \u0219i editorul nu \u00ee\u0219i asum\u0103 responsabilitatea pentru exactitatea evenimentelor sau pentru modul \u00een care sunt portretizate personajele \u0219i nu sunt r\u0103spunz\u0103tori pentru eventuale interpret\u0103ri gre\u0219ite. Aceast\u0103 poveste este oferit\u0103 \u201eca atare\u201d, iar orice opinii exprimate apar\u021bin personajelor \u0219i nu reflect\u0103 punctele de vedere ale autorului sau ale editorului.<\/em><\/p>\n","protected":false},"excerpt":{"rendered":"<p>Nimeni nu s-a ridicat. Nici so\u021bul meu. Nici sora lui. Nici m\u0103car copiii. Doar furculi\u021bele au continuat s\u0103 se mi\u0219te, farfuriile s\u0103 se goleasc\u0103, iar<\/p>\n","protected":false},"author":1,"featured_media":44268,"comment_status":"closed","ping_status":"closed","sticky":false,"template":"","format":"standard","meta":[],"categories":[1],"tags":[],"_links":{"self":[{"href":"https:\/\/calatorinromania.com\/index.php?rest_route=\/wp\/v2\/posts\/44379"}],"collection":[{"href":"https:\/\/calatorinromania.com\/index.php?rest_route=\/wp\/v2\/posts"}],"about":[{"href":"https:\/\/calatorinromania.com\/index.php?rest_route=\/wp\/v2\/types\/post"}],"author":[{"embeddable":true,"href":"https:\/\/calatorinromania.com\/index.php?rest_route=\/wp\/v2\/users\/1"}],"replies":[{"embeddable":true,"href":"https:\/\/calatorinromania.com\/index.php?rest_route=%2Fwp%2Fv2%2Fcomments&post=44379"}],"version-history":[{"count":1,"href":"https:\/\/calatorinromania.com\/index.php?rest_route=\/wp\/v2\/posts\/44379\/revisions"}],"predecessor-version":[{"id":44380,"href":"https:\/\/calatorinromania.com\/index.php?rest_route=\/wp\/v2\/posts\/44379\/revisions\/44380"}],"wp:featuredmedia":[{"embeddable":true,"href":"https:\/\/calatorinromania.com\/index.php?rest_route=\/wp\/v2\/media\/44268"}],"wp:attachment":[{"href":"https:\/\/calatorinromania.com\/index.php?rest_route=%2Fwp%2Fv2%2Fmedia&parent=44379"}],"wp:term":[{"taxonomy":"category","embeddable":true,"href":"https:\/\/calatorinromania.com\/index.php?rest_route=%2Fwp%2Fv2%2Fcategories&post=44379"},{"taxonomy":"post_tag","embeddable":true,"href":"https:\/\/calatorinromania.com\/index.php?rest_route=%2Fwp%2Fv2%2Ftags&post=44379"}],"curies":[{"name":"wp","href":"https:\/\/api.w.org\/{rel}","templated":true}]}}