{"id":44375,"date":"2025-12-27T07:59:58","date_gmt":"2025-12-27T07:59:58","guid":{"rendered":"https:\/\/calatorinromania.com\/?p=44375"},"modified":"2025-12-27T07:59:59","modified_gmt":"2025-12-27T07:59:59","slug":"la-un-eveniment-caritabil-sotul-meu-a-decis-sa-faca-o-gluma-proasta-si-m-a-scos-la-licitatie","status":"publish","type":"post","link":"https:\/\/calatorinromania.com\/?p=44375","title":{"rendered":"La un eveniment caritabil, so\u021bul meu a decis s\u0103 fac\u0103 o glum\u0103 proast\u0103 \u0219i m-a scos la licita\u021bie"},"content":{"rendered":"\n<p>B\u0103rbatul a ridicat m\u00e2na, f\u0103r\u0103 grab\u0103, iar prezentatorul a \u00eencremenit, ne\u0219tiind dac\u0103 s\u0103-i dea voie s\u0103 vorbeasc\u0103. \u00cen cele din urm\u0103, a dat din cap.<\/p>\n\n\n\n<p><\/p>\n\n\n\n<p>\u2014 Un milion de lei, a spus necunoscutul, clar \u0219i ap\u0103sat.<\/p>\n\n\n\n<p><\/p>\n\n\n\n<p>Pentru o clip\u0103, nimeni n-a reac\u021bionat. Cuvintele p\u0103reau c\u0103 plutesc \u00een aer, f\u0103r\u0103 s\u0103-\u0219i g\u0103seasc\u0103 locul. Apoi cineva a r\u00e2s nervos, convins c\u0103 e o glum\u0103 proast\u0103. Dar b\u0103rbatul nu z\u00e2mbea.<\/p>\n\n\n\n<p><\/p>\n\n\n\n<p>\u2014 Un milion de lei, a repetat el. Dona\u021bie integral\u0103. Acum.<\/p>\n\n\n\n<p><\/p>\n\n\n\n<p>Sala a amu\u021bit. Prezentatorul s-a uitat spre organizatori, apoi spre so\u021bul meu. So\u021bul meu p\u0103rea c\u0103 nu mai \u0219tie unde se afl\u0103. Microfonul \u00eei tremura \u00een m\u00e2n\u0103.<\/p>\n\n\n\n<p><\/p>\n\n\n\n<p>\u2014 Domnule\u2026 e\u2026 e o sum\u0103 foarte mare, a b\u00e2iguit prezentatorul.<\/p>\n\n\n\n<p><\/p>\n\n\n\n<p>\u2014 \u0218tiu, a r\u0103spuns calm b\u0103rbatul. De asta am venit.<\/p>\n\n\n\n<p><\/p>\n\n\n\n<p>A scos telefonul, a f\u0103cut c\u00e2teva atingeri rapide pe ecran \u0219i a \u00eentins dispozitivul spre mas\u0103. Pe ecran se vedea confirmarea transferului. Un milion de lei. F\u0103r\u0103 ezitare.<\/p>\n\n\n\n<p><\/p>\n\n\n\n<p>Un murmur a str\u0103b\u0103tut sala ca un val rece. Unii \u00ee\u0219i duceau m\u00e2na la gur\u0103. Al\u021bii se uitau c\u00e2nd la mine, c\u00e2nd la so\u021bul meu, care nu mai scotea niciun sunet.<\/p>\n\n\n\n<p>B\u0103rbatul s-a \u00eentors spre mine.<\/p>\n\n\n\n<p>\u2014 Doamn\u0103, a spus el, vocea lui fiind surprinz\u0103tor de bl\u00e2nd\u0103, aceast\u0103 licita\u021bie s-a terminat. Nu pentru o cin\u0103. Ci pentru respect.<\/p>\n\n\n\n<p>M-am ridicat \u00eencet de pe scaun. Picioarele \u00eemi tremurau, dar pentru prima dat\u0103 \u00een seara aceea nu de ru\u0219ine, ci de ceva nou. De putere.<\/p>\n\n\n\n<p>\u2014 Nu accept cina, a continuat el. Nu asta am cump\u0103rat. Am cump\u0103rat dreptul dumneavoastr\u0103 de a pleca de aici cu fruntea sus.<\/p>\n\n\n\n<p>So\u021bul meu a \u00eencercat s\u0103 spun\u0103 ceva. Un fel de glum\u0103, probabil. Dar nimeni nu r\u00e2dea. Nici m\u0103car el nu mai p\u0103rea sigur pe sine.<\/p>\n\n\n\n<p>\u2014 Glumele sunt amuzante doar c\u00e2nd nu umilesc, a ad\u0103ugat necunoscutul, privind direct spre scen\u0103. Iar asta n-a fost o glum\u0103. A fost o batjocur\u0103.<\/p>\n\n\n\n<p>A cobor\u00e2t privirea, apoi mi-a \u00eentins m\u00e2na.<\/p>\n\n\n\n<p>\u2014 Dac\u0103 vre\u021bi, v\u0103 conduc p\u00e2n\u0103 afar\u0103.<\/p>\n\n\n\n<p>Am ezitat o secund\u0103. Apoi am pus paharul jos \u0219i am acceptat m\u00e2na lui. Sala s-a dat instinctiv la o parte, l\u0103s\u00e2ndu-ne culoar. Am sim\u021bit priviri, \u0219oapte, ru\u0219ine aruncat\u0103 asupra altcuiva, nu asupra mea.<\/p>\n\n\n\n<p>La u\u0219\u0103, m-am oprit. M-am \u00eentors o singur\u0103 dat\u0103. So\u021bul meu r\u0103m\u0103sese pe scen\u0103, mic, palid, cu toat\u0103 \u201estr\u0103lucirea\u201d spulberat\u0103.<\/p>\n\n\n\n<p>\u2014 S\u0103 \u0219tii, i-am spus calm, f\u0103r\u0103 s\u0103 ridic vocea, c\u0103 asta a fost ultima ta glum\u0103 pe seama mea.<\/p>\n\n\n\n<p>Afar\u0103, aerul rece m-a izbit \u00een fa\u021b\u0103. Parc\u0103 m\u0103 trezisem dintr-un co\u0219mar.<\/p>\n\n\n\n<p>\u2014 Nu trebuia s\u0103 face\u021bi asta, am murmurat.<\/p>\n\n\n\n<p>\u2014 Ba da, a spus el. Uneori, cineva trebuie s\u0103 spun\u0103 \u201eajunge\u201d.<\/p>\n\n\n\n<p>Nu l-am mai \u00eentrebat cine este. Nu conta. Conta doar faptul c\u0103, \u00een seara aceea, cineva v\u0103zuse ce eu uitasem: c\u0103 valoarea mea nu se negociaz\u0103.<\/p>\n\n\n\n<p>Am plecat singur\u0103, cu pa\u0219i siguri, \u0219tiind c\u0103 \u00een\u0103untru r\u0103m\u0103sese o via\u021b\u0103 care nu m\u0103 mai reprezenta. \u0218i pentru prima dat\u0103 dup\u0103 mult timp, nu mi-a fost fric\u0103 de ce urmeaz\u0103.<\/p>\n\n\n\n<p><em>Aceast\u0103 lucrare este inspirat\u0103 din evenimente \u0219i persoane reale, \u00eens\u0103 a fost fic\u021bionalizat\u0103 \u00een scopuri creative. Numele, personajele \u0219i detaliile au fost schimbate pentru a proteja intimitatea \u0219i pentru a \u00eembun\u0103t\u0103\u021bi nara\u021biunea. Orice asem\u0103nare cu persoane reale, \u00een via\u021b\u0103 sau decedate, sau cu evenimente reale este pur \u00eent\u00e2mpl\u0103toare \u0219i nu este inten\u021bionat\u0103 de c\u0103tre autor.<\/em><\/p>\n\n\n\n<p><em>Autorul \u0219i editorul nu \u00ee\u0219i asum\u0103 responsabilitatea pentru exactitatea evenimentelor sau pentru modul \u00een care sunt portretizate personajele \u0219i nu sunt r\u0103spunz\u0103tori pentru eventuale interpret\u0103ri gre\u0219ite. Aceast\u0103 poveste este oferit\u0103 \u201eca atare\u201d, iar orice opinii exprimate apar\u021bin personajelor \u0219i nu reflect\u0103 punctele de vedere ale autorului sau ale editorului.<\/em><\/p>\n","protected":false},"excerpt":{"rendered":"<p>B\u0103rbatul a ridicat m\u00e2na, f\u0103r\u0103 grab\u0103, iar prezentatorul a \u00eencremenit, ne\u0219tiind dac\u0103 s\u0103-i dea voie s\u0103 vorbeasc\u0103. \u00cen cele din urm\u0103, a dat din cap.<\/p>\n","protected":false},"author":1,"featured_media":44268,"comment_status":"closed","ping_status":"closed","sticky":false,"template":"","format":"standard","meta":[],"categories":[1],"tags":[],"_links":{"self":[{"href":"https:\/\/calatorinromania.com\/index.php?rest_route=\/wp\/v2\/posts\/44375"}],"collection":[{"href":"https:\/\/calatorinromania.com\/index.php?rest_route=\/wp\/v2\/posts"}],"about":[{"href":"https:\/\/calatorinromania.com\/index.php?rest_route=\/wp\/v2\/types\/post"}],"author":[{"embeddable":true,"href":"https:\/\/calatorinromania.com\/index.php?rest_route=\/wp\/v2\/users\/1"}],"replies":[{"embeddable":true,"href":"https:\/\/calatorinromania.com\/index.php?rest_route=%2Fwp%2Fv2%2Fcomments&post=44375"}],"version-history":[{"count":1,"href":"https:\/\/calatorinromania.com\/index.php?rest_route=\/wp\/v2\/posts\/44375\/revisions"}],"predecessor-version":[{"id":44376,"href":"https:\/\/calatorinromania.com\/index.php?rest_route=\/wp\/v2\/posts\/44375\/revisions\/44376"}],"wp:featuredmedia":[{"embeddable":true,"href":"https:\/\/calatorinromania.com\/index.php?rest_route=\/wp\/v2\/media\/44268"}],"wp:attachment":[{"href":"https:\/\/calatorinromania.com\/index.php?rest_route=%2Fwp%2Fv2%2Fmedia&parent=44375"}],"wp:term":[{"taxonomy":"category","embeddable":true,"href":"https:\/\/calatorinromania.com\/index.php?rest_route=%2Fwp%2Fv2%2Fcategories&post=44375"},{"taxonomy":"post_tag","embeddable":true,"href":"https:\/\/calatorinromania.com\/index.php?rest_route=%2Fwp%2Fv2%2Ftags&post=44375"}],"curies":[{"name":"wp","href":"https:\/\/api.w.org\/{rel}","templated":true}]}}