{"id":44371,"date":"2025-12-27T07:48:32","date_gmt":"2025-12-27T07:48:32","guid":{"rendered":"https:\/\/calatorinromania.com\/?p=44371"},"modified":"2025-12-27T07:48:32","modified_gmt":"2025-12-27T07:48:32","slug":"ca-sa-si-invete-minte-fiul-arogant-un-milionar","status":"publish","type":"post","link":"https:\/\/calatorinromania.com\/?p=44371","title":{"rendered":"Ca s\u0103-\u0219i \u00eenve\u021be minte fiul arogant, un milionar"},"content":{"rendered":"\n<p>C\u00e2nd ma\u0219ina tat\u0103lui a intrat pe drumul de p\u0103m\u00e2nt al satului, acesta a str\u00e2ns volanul cu nervi. \u00cen mintea lui era deja preg\u0103tit discursul. Se a\u0219tepta s\u0103-\u0219i g\u0103seasc\u0103 fiul slab, ne\u00eengrijit, nervos, gata s\u0103 cedeze.<\/p>\n\n\n\n<p><\/p>\n\n\n\n<p>Curtea casei era mic\u0103, dar curat\u0103. Gardul vopsit recent. O poart\u0103 simpl\u0103, din lemn. Tat\u0103l se opri brusc c\u00e2nd v\u0103zu ce era \u00een\u0103untru.<\/p>\n\n\n\n<p><\/p>\n\n\n\n<p>Fiul lui t\u0103ia lemne. Tricou simplu, pantaloni de lucru, m\u00e2inile murdare, dar mi\u0219c\u0103rile sigure. Nu p\u0103rea for\u021bat. Nu p\u0103rea \u00eenfr\u00e2nt. P\u0103rea\u2026 lini\u0219tit.<\/p>\n\n\n\n<p><\/p>\n\n\n\n<p>L\u00e2ng\u0103 el, t\u00e2n\u0103ra femeie aducea ap\u0103 \u00eentr-o g\u0103leat\u0103. Z\u00e2mbea. Un z\u00e2mbet cald, adev\u0103rat.<\/p>\n\n\n\n<p><\/p>\n\n\n\n<p>\u2014 Tat\u0103? spuse fiul, ridic\u00e2nd privirea. N-am \u0219tiut c\u0103 vii.<\/p>\n\n\n\n<p><\/p>\n\n\n\n<p>Vocea \u00eei era calm\u0103. F\u0103r\u0103 ironie. F\u0103r\u0103 team\u0103.<\/p>\n\n\n\n<p><\/p>\n\n\n\n<p>Tat\u0103l cobor\u00ee din ma\u0219in\u0103, uimit.<\/p>\n\n\n\n<p><\/p>\n\n\n\n<p>\u2014 Ce se \u00eent\u00e2mpl\u0103 aici?<\/p>\n\n\n\n<p><\/p>\n\n\n\n<p>\u2014 Tr\u0103im, r\u0103spunse fiul simplu.<\/p>\n\n\n\n<p><\/p>\n\n\n\n<p>Intr\u0103 \u00een cas\u0103. Mobil\u0103 veche, dar \u00eengrijit\u0103. Pe mas\u0103, o ciorb\u0103 fierbinte. P\u00e2ine proasp\u0103t\u0103. Pe perete, o icoan\u0103 \u0219i o fotografie cu ei doi, z\u00e2mbind.<\/p>\n\n\n\n<p>\u2014 Unde sunt hainele tale scumpe? \u00eentreb\u0103 tat\u0103l.<\/p>\n\n\n\n<p>\u2014 Le-am v\u00e2ndut. Cu banii am cump\u0103rat dou\u0103 vaci \u0219i am reparat acoperi\u0219ul.<\/p>\n\n\n\n<p>Tat\u0103l r\u0103mase f\u0103r\u0103 cuvinte.<\/p>\n\n\n\n<p>\u2014 \u0218i banii? Mo\u0219tenirea?<\/p>\n\n\n\n<p>Fiul \u00eel privi drept \u00een ochi.<\/p>\n\n\n\n<p>\u2014 Nu mai am nevoie de ele ca s\u0103 fiu om.<\/p>\n\n\n\n<p>Femeia se apropie \u0219i puse m\u00e2na pe um\u0103rul so\u021bului ei.<\/p>\n\n\n\n<p>\u2014 El munce\u0219te de diminea\u021b\u0103 p\u00e2n\u0103 seara, spuse ea \u00eencet. Nu se pl\u00e2nge. Nu se laud\u0103.<\/p>\n\n\n\n<p>Tat\u0103l sim\u021bi cum i se str\u00e2nge pieptul.<\/p>\n\n\n\n<p>\u2014 E\u0219ti fericit? \u00eentreb\u0103 el, aproape \u0219optit.<\/p>\n\n\n\n<p>\u2014 Pentru prima dat\u0103 \u00een via\u021b\u0103, da.<\/p>\n\n\n\n<p>Ie\u0219ir\u0103 din cas\u0103. Soarele apunea peste c\u00e2mpuri. Miros de f\u00e2n, lini\u0219te, greieri.<\/p>\n\n\n\n<p>\u2014 Tat\u0103, continu\u0103 fiul, \u0219tiu c\u0103 ai vrut s\u0103 m\u0103 pedepse\u0219ti. Dar mi-ai f\u0103cut cel mai mare bine.<\/p>\n\n\n\n<p>Tat\u0103l \u00ee\u0219i d\u0103du jos ceasul scump de la m\u00e2n\u0103 \u0219i \u00eel puse \u00een buzunar.<\/p>\n\n\n\n<p>\u2014 Am venit s\u0103-\u021bi spun c\u0103 po\u021bi s\u0103 te \u00eentorci. Totul e preg\u0103tit. Afacerile, banii, totul.<\/p>\n\n\n\n<p>Fiul cl\u0103tin\u0103 din cap.<\/p>\n\n\n\n<p>\u2014 Nu plec. Dar pot veni uneori, dac\u0103 vrei s\u0103-\u021bi ar\u0103t ce am \u00eenv\u0103\u021bat.<\/p>\n\n\n\n<p>Tat\u0103l sim\u021bi un nod \u00een g\u00e2t. Pentru prima dat\u0103 nu mai vedea un copil r\u0103sf\u0103\u021bat, ci un b\u0103rbat adev\u0103rat.<\/p>\n\n\n\n<p>\u2014 Atunci mo\u0219tenirea r\u0103m\u00e2ne, spuse el. Dar nu ca obliga\u021bie. Ci ca alegere.<\/p>\n\n\n\n<p>Fiul z\u00e2mbi.<\/p>\n\n\n\n<p>\u2014 O s\u0103 o folosesc cu cap.<\/p>\n\n\n\n<p>Tat\u0103l plec\u0103 din sat schimbat. \u00cen oglinda retrovizoare v\u0103zu doi oameni simpli, \u021bin\u00e2ndu-se de m\u00e2n\u0103. \u0218i pentru prima dat\u0103 \u00een via\u021b\u0103, nu banii \u00eel f\u0103ceau m\u00e2ndru, ci omul care devenise fiul s\u0103u.<\/p>\n\n\n\n<p><em>Aceast\u0103 lucrare este inspirat\u0103 din evenimente \u0219i persoane reale, \u00eens\u0103 a fost fic\u021bionalizat\u0103 \u00een scopuri creative. Numele, personajele \u0219i detaliile au fost schimbate pentru a proteja intimitatea \u0219i pentru a \u00eembun\u0103t\u0103\u021bi nara\u021biunea. Orice asem\u0103nare cu persoane reale, \u00een via\u021b\u0103 sau decedate, sau cu evenimente reale este pur \u00eent\u00e2mpl\u0103toare \u0219i nu este inten\u021bionat\u0103 de c\u0103tre autor.<\/em><\/p>\n\n\n\n<p><em>Autorul \u0219i editorul nu \u00ee\u0219i asum\u0103 responsabilitatea pentru exactitatea evenimentelor sau pentru modul \u00een care sunt portretizate personajele \u0219i nu sunt r\u0103spunz\u0103tori pentru eventuale interpret\u0103ri gre\u0219ite. Aceast\u0103 poveste este oferit\u0103 \u201eca atare\u201d, iar orice opinii exprimate apar\u021bin personajelor \u0219i nu reflect\u0103 punctele de vedere ale autorului sau ale editorului.<\/em><\/p>\n","protected":false},"excerpt":{"rendered":"<p>C\u00e2nd ma\u0219ina tat\u0103lui a intrat pe drumul de p\u0103m\u00e2nt al satului, acesta a str\u00e2ns volanul cu nervi. \u00cen mintea lui era deja preg\u0103tit discursul. Se<\/p>\n","protected":false},"author":1,"featured_media":44268,"comment_status":"closed","ping_status":"closed","sticky":false,"template":"","format":"standard","meta":[],"categories":[1],"tags":[],"_links":{"self":[{"href":"https:\/\/calatorinromania.com\/index.php?rest_route=\/wp\/v2\/posts\/44371"}],"collection":[{"href":"https:\/\/calatorinromania.com\/index.php?rest_route=\/wp\/v2\/posts"}],"about":[{"href":"https:\/\/calatorinromania.com\/index.php?rest_route=\/wp\/v2\/types\/post"}],"author":[{"embeddable":true,"href":"https:\/\/calatorinromania.com\/index.php?rest_route=\/wp\/v2\/users\/1"}],"replies":[{"embeddable":true,"href":"https:\/\/calatorinromania.com\/index.php?rest_route=%2Fwp%2Fv2%2Fcomments&post=44371"}],"version-history":[{"count":1,"href":"https:\/\/calatorinromania.com\/index.php?rest_route=\/wp\/v2\/posts\/44371\/revisions"}],"predecessor-version":[{"id":44372,"href":"https:\/\/calatorinromania.com\/index.php?rest_route=\/wp\/v2\/posts\/44371\/revisions\/44372"}],"wp:featuredmedia":[{"embeddable":true,"href":"https:\/\/calatorinromania.com\/index.php?rest_route=\/wp\/v2\/media\/44268"}],"wp:attachment":[{"href":"https:\/\/calatorinromania.com\/index.php?rest_route=%2Fwp%2Fv2%2Fmedia&parent=44371"}],"wp:term":[{"taxonomy":"category","embeddable":true,"href":"https:\/\/calatorinromania.com\/index.php?rest_route=%2Fwp%2Fv2%2Fcategories&post=44371"},{"taxonomy":"post_tag","embeddable":true,"href":"https:\/\/calatorinromania.com\/index.php?rest_route=%2Fwp%2Fv2%2Ftags&post=44371"}],"curies":[{"name":"wp","href":"https:\/\/api.w.org\/{rel}","templated":true}]}}