{"id":44369,"date":"2025-12-27T07:46:00","date_gmt":"2025-12-27T07:46:00","guid":{"rendered":"https:\/\/calatorinromania.com\/?p=44369"},"modified":"2025-12-27T07:46:00","modified_gmt":"2025-12-27T07:46:00","slug":"m-a-dat-afara-din-casa-pentru-ca-fiica-ei-nu-ma-placea","status":"publish","type":"post","link":"https:\/\/calatorinromania.com\/?p=44369","title":{"rendered":"M-a dat afar\u0103 din cas\u0103 pentru c\u0103 fiica ei \u201enu m\u0103 pl\u0103cea\u201d"},"content":{"rendered":"\n<p>Andrei s-a \u00eentors \u00eentr-o sear\u0103 de vineri, obosit, cu geanta de voiaj \u00een m\u00e2n\u0103 \u0219i z\u00e2mbetul acela care mereu m\u0103 f\u0103cea s\u0103 m\u0103 simt acas\u0103. C\u00e2nd m-a sunat s\u0103 m\u0103 \u00eentrebe unde sunt, i-am spus adev\u0103rul.<\/p>\n\n\n\n<p><\/p>\n\n\n\n<p>Nu tot. Doar at\u00e2t c\u00e2t s\u0103 vin\u0103.<\/p>\n\n\n\n<p><\/p>\n\n\n\n<p>Ne-am \u00eent\u00e2lnit la mica garsonier\u0103 \u00eenchiriat\u0103. A privit \u00een jur, confuz.<\/p>\n\n\n\n<p><\/p>\n\n\n\n<p>\u2014\u00a0<strong>De ce e\u0219ti aici?<\/strong>\u00a0m-a \u00eentrebat.<\/p>\n\n\n\n<p><\/p>\n\n\n\n<p>M-am a\u0219ezat pe marginea patului \u0219i i-am spus totul. F\u0103r\u0103 s\u0103 ridic vocea. F\u0103r\u0103 s\u0103 dramatizez. Doar faptele.<\/p>\n\n\n\n<p><\/p>\n\n\n\n<p>La final, Andrei nu a spus nimic. S-a ridicat, \u0219i-a luat haina \u0219i a spus doar:<\/p>\n\n\n\n<p><\/p>\n\n\n\n<p>\u2014\u00a0<strong>Hai. Mergem acas\u0103.<\/strong><\/p>\n\n\n\n<p><\/p>\n\n\n\n<p>C\u00e2nd am intrat \u00een curtea Lidiei, Ioana era pe teras\u0103, cu telefonul \u00een m\u00e2n\u0103. Lidia a ie\u0219it imediat ce l-a v\u0103zut pe Andrei.<\/p>\n\n\n\n<p><\/p>\n\n\n\n<p>\u2014&nbsp;<strong>Andrei, bine c\u0103 ai venit! Ana a devenit complet iresponsabil\u0103! Nu mai vrea s\u0103 ajute cu banii!<\/strong><\/p>\n\n\n\n<p>Andrei a ridicat o m\u00e2n\u0103.<\/p>\n\n\n\n<p>\u2014&nbsp;<strong>Sta\u021bi. Vreau s\u0103 aud de la voi. A\u021bi dat-o afar\u0103 sau nu?<\/strong><\/p>\n\n\n\n<p>Lidia a ezitat o frac\u021biune de secund\u0103.<\/p>\n\n\n\n<p>\u2014&nbsp;<strong>Am rugat-o s\u0103 plece\u2026 pentru binele familiei.<\/strong><\/p>\n\n\n\n<p>\u2014&nbsp;<strong>\u00centr-o or\u0103? Cu amenin\u021b\u0103ri?<\/strong>&nbsp;a \u00eentrebat el calm.<\/p>\n\n\n\n<p>Ioana a intervenit imediat.<\/p>\n\n\n\n<p>\u2014&nbsp;<strong>Nu o suportam! Nu era locul ei aici!<\/strong><\/p>\n\n\n\n<p>Andrei s-a \u00eentors spre ea.<\/p>\n\n\n\n<p>\u2014&nbsp;<strong>Nu era locul ei? Eu sunt so\u021bul ei. Casa asta este pe numele meu \u0219i al mamei. Tu nu pl\u0103te\u0219ti nimic.<\/strong><\/p>\n\n\n\n<p>Lini\u0219te.<\/p>\n\n\n\n<p>Lidia a p\u0103lit.<\/p>\n\n\n\n<p>\u2014&nbsp;<strong>Cum adic\u0103?<\/strong>&nbsp;a \u0219optit ea.<\/p>\n\n\n\n<p>\u2014&nbsp;<strong>Adic\u0103 rata pe care o pl\u0103tea Ana era partea mea. Pentru c\u0103 eu v-am ajutat ani de zile. De azi, ajutorul se opre\u0219te.<\/strong><\/p>\n\n\n\n<p>Ioana a izbucnit.<\/p>\n\n\n\n<p>\u2014&nbsp;<strong>Nu po\u021bi face asta!<\/strong><\/p>\n\n\n\n<p>\u2014&nbsp;<strong>Ba pot<\/strong>, a spus Andrei.&nbsp;<strong>Pentru c\u0103 v-a\u021bi ar\u0103tat adev\u0103rata fa\u021b\u0103.<\/strong><\/p>\n\n\n\n<p>\u00cen urm\u0103toarele zile, lucrurile s-au pr\u0103bu\u0219it rapid pentru ele. F\u0103r\u0103 banii no\u0219tri, au \u00eenceput s\u0103 \u00eent\u00e2rzie pl\u0103\u021bile. Facturile se adunau. Ioana a fost nevoit\u0103 s\u0103-\u0219i caute un job adev\u0103rat. Lidia a \u00eencercat s\u0103 m\u0103 sune de zeci de ori.<\/p>\n\n\n\n<p>Nu am mai r\u0103spuns.<\/p>\n\n\n\n<p>Ne-am mutat \u00eentr-un apartament mic, dar al nostru. F\u0103r\u0103 tensiuni. F\u0103r\u0103 condi\u021bii. F\u0103r\u0103 umilin\u021b\u0103.<\/p>\n\n\n\n<p>\u00centr-o diminea\u021b\u0103, Andrei mi-a spus:<\/p>\n\n\n\n<p>\u2014&nbsp;<strong>\u00ce\u021bi mul\u021bumesc c\u0103 ai plecat atunci. Dac\u0103 r\u0103m\u00e2neai, poate nu vedeam niciodat\u0103 cine sunt cu adev\u0103rat.<\/strong><\/p>\n\n\n\n<p>Am z\u00e2mbit.<\/p>\n\n\n\n<p>Uneori, a fi dat afar\u0103 dintr-un loc nu e o pierdere.<\/p>\n\n\n\n<p>E \u00eenceputul libert\u0103\u021bii.<\/p>\n\n\n\n<p><em>Aceast\u0103 lucrare este inspirat\u0103 din evenimente \u0219i persoane reale, \u00eens\u0103 a fost fic\u021bionalizat\u0103 \u00een scopuri creative. Numele, personajele \u0219i detaliile au fost schimbate pentru a proteja intimitatea \u0219i pentru a \u00eembun\u0103t\u0103\u021bi nara\u021biunea. Orice asem\u0103nare cu persoane reale, \u00een via\u021b\u0103 sau decedate, sau cu evenimente reale este pur \u00eent\u00e2mpl\u0103toare \u0219i nu este inten\u021bionat\u0103 de c\u0103tre autor.<\/em><\/p>\n\n\n\n<p><em>Autorul \u0219i editorul nu \u00ee\u0219i asum\u0103 responsabilitatea pentru exactitatea evenimentelor sau pentru modul \u00een care sunt portretizate personajele \u0219i nu sunt r\u0103spunz\u0103tori pentru eventuale interpret\u0103ri gre\u0219ite. Aceast\u0103 poveste este oferit\u0103 \u201eca atare\u201d, iar orice opinii exprimate apar\u021bin personajelor \u0219i nu reflect\u0103 punctele de vedere ale autorului sau ale editorului.<\/em><\/p>\n","protected":false},"excerpt":{"rendered":"<p>Andrei s-a \u00eentors \u00eentr-o sear\u0103 de vineri, obosit, cu geanta de voiaj \u00een m\u00e2n\u0103 \u0219i z\u00e2mbetul acela care mereu m\u0103 f\u0103cea s\u0103 m\u0103 simt acas\u0103.<\/p>\n","protected":false},"author":1,"featured_media":44268,"comment_status":"closed","ping_status":"closed","sticky":false,"template":"","format":"standard","meta":[],"categories":[1],"tags":[],"_links":{"self":[{"href":"https:\/\/calatorinromania.com\/index.php?rest_route=\/wp\/v2\/posts\/44369"}],"collection":[{"href":"https:\/\/calatorinromania.com\/index.php?rest_route=\/wp\/v2\/posts"}],"about":[{"href":"https:\/\/calatorinromania.com\/index.php?rest_route=\/wp\/v2\/types\/post"}],"author":[{"embeddable":true,"href":"https:\/\/calatorinromania.com\/index.php?rest_route=\/wp\/v2\/users\/1"}],"replies":[{"embeddable":true,"href":"https:\/\/calatorinromania.com\/index.php?rest_route=%2Fwp%2Fv2%2Fcomments&post=44369"}],"version-history":[{"count":1,"href":"https:\/\/calatorinromania.com\/index.php?rest_route=\/wp\/v2\/posts\/44369\/revisions"}],"predecessor-version":[{"id":44370,"href":"https:\/\/calatorinromania.com\/index.php?rest_route=\/wp\/v2\/posts\/44369\/revisions\/44370"}],"wp:featuredmedia":[{"embeddable":true,"href":"https:\/\/calatorinromania.com\/index.php?rest_route=\/wp\/v2\/media\/44268"}],"wp:attachment":[{"href":"https:\/\/calatorinromania.com\/index.php?rest_route=%2Fwp%2Fv2%2Fmedia&parent=44369"}],"wp:term":[{"taxonomy":"category","embeddable":true,"href":"https:\/\/calatorinromania.com\/index.php?rest_route=%2Fwp%2Fv2%2Fcategories&post=44369"},{"taxonomy":"post_tag","embeddable":true,"href":"https:\/\/calatorinromania.com\/index.php?rest_route=%2Fwp%2Fv2%2Ftags&post=44369"}],"curies":[{"name":"wp","href":"https:\/\/api.w.org\/{rel}","templated":true}]}}