{"id":44364,"date":"2025-12-27T07:35:16","date_gmt":"2025-12-27T07:35:16","guid":{"rendered":"https:\/\/calatorinromania.com\/?p=44364"},"modified":"2025-12-27T07:35:17","modified_gmt":"2025-12-27T07:35:17","slug":"%f0%9f%a5%ac-secretul-sarmalelor-care-nu-se-sfarama-ce-trebuie-sa-stii-ca-sa-iti-iasa-perfecte-de-sarbatori","status":"publish","type":"post","link":"https:\/\/calatorinromania.com\/?p=44364","title":{"rendered":"\ud83e\udd6c Secretul sarmalelor care nu se sf\u0103r\u00e2m\u0103 &#8211; Ce trebuie s\u0103 \u0219tii ca s\u0103 \u00ee\u021bi ias\u0103 perfecte de s\u0103rb\u0103tori"},"content":{"rendered":"\n<h3><\/h3>\n\n\n\n<p><\/p>\n\n\n\n<p>Sarmalele sunt <strong>vedetele mesei de Cr\u0103ciun \u0219i Revelion<\/strong>. Gustul, aroma \u0219i textura lor fac diferen\u021ba \u00eentre un preparat obi\u0219nuit \u0219i unul cu adev\u0103rat reu\u0219it.<\/p>\n\n\n\n<p><br>Unul dintre cele mai frecvente probleme este \u00eens\u0103 <strong>sf\u0103r\u00e2marea sarmalelor \u00een timpul fierberii<\/strong>. Din fericire, exist\u0103 c\u00e2teva trucuri simple care ajut\u0103 la evitarea acestui lucru.<\/p>\n\n\n\n<p><\/p>\n\n\n\n<h2>\ud83e\udd6c Preg\u0103tirea corect\u0103 a verzei<\/h2>\n\n\n\n<p><\/p>\n\n\n\n<p>Pentru ca frunzele s\u0103 fie <strong>flexibile \u0219i rezistente<\/strong>:<\/p>\n\n\n\n<p><\/p>\n\n\n\n<ol>\n<li><strong>Des\u0103ra\u021bi varza murat\u0103<\/strong> \u00een ap\u0103 c\u0103ldu\u021b\u0103.<\/li>\n\n\n\n<li>\u00cendep\u0103rta\u021bi <strong>primele foi<\/strong>, sp\u0103la\u021bi c\u0103p\u0103\u021b\u00e2na \u0219i \u0219terge\u021bi frunzele cu un prosop.<\/li>\n\n\n\n<li>\u00cenf\u0103\u0219ura\u021bi varza <strong>str\u00e2ns \u00een folie alimentar\u0103<\/strong> \u0219i pune\u021bi-o la <strong>congelator peste noapte<\/strong>.<\/li>\n\n\n\n<li>A doua zi, muta\u021bi-o la frigider pentru <strong>decongelare lent\u0103<\/strong>.<\/li>\n<\/ol>\n\n\n\n<p><\/p>\n\n\n\n<p>\ud83d\udc49 Dup\u0103 acest proces, frunzele devin <strong>mai fragede, mai elastice \u0219i nu se mai rup u\u0219or<\/strong> \u00een timpul rul\u0103rii sau fierberii.<\/p>\n\n\n\n<p><\/p>\n\n\n\n<h2>\ud83e\udd69 Carnea conteaz\u0103<\/h2>\n\n\n\n<p><\/p>\n\n\n\n<p>Pentru o textur\u0103 bun\u0103 \u0219i un gust echilibrat, este recomandat\u0103 o <strong>combina\u021bie de carne de porc \u0219i vit\u0103<\/strong>.<br>Porcul aduce suculen\u021b\u0103, iar vita ofer\u0103 structur\u0103 \u0219i fermitate.<\/p>\n\n\n\n<p><\/p>\n\n\n\n<h2>\ud83c\udf5a Trucul care face diferen\u021ba: orezul<\/h2>\n\n\n\n<p>Unul dintre cele mai importante secrete pentru ca sarmalele <strong>s\u0103 nu se f\u0103r\u00e2mi\u021beze<\/strong> este <strong>tipul de orez<\/strong> folosit.<\/p>\n\n\n\n<p>\u2714\ufe0f Alege <strong>orez cu bob rotund<\/strong><br>Acest tip de orez elibereaz\u0103 mai mult amidon, ceea ce ajut\u0103 compozi\u021bia s\u0103 se lege mai bine \u00een timpul fierberii.<\/p>\n\n\n\n<p>\u2714\ufe0f C\u0103le\u0219te orezul cu legumele<br>\u00cenainte de a-l ad\u0103uga \u00een carne, orezul trebuie <strong>c\u0103lit \u00eempreun\u0103 cu ceapa \u0219i legumele<\/strong>.<br>Astfel:<\/p>\n\n\n\n<ul>\n<li>absoarbe aromele<\/li>\n\n\n\n<li>se g\u0103te\u0219te uniform<\/li>\n\n\n\n<li>ajut\u0103 umplutura s\u0103 r\u0103m\u00e2n\u0103 compact\u0103<\/li>\n<\/ul>\n\n\n\n<p><\/p>\n\n\n\n<h2>\ud83e\udd58 Concluzie<\/h2>\n\n\n\n<p>Pentru sarmale care <strong>nu se destram\u0103<\/strong> \u0219i au o <strong>textur\u0103 perfect\u0103<\/strong>:<\/p>\n\n\n\n<ul>\n<li>folose\u0219te <strong>varz\u0103 bine preg\u0103tit\u0103 \u0219i fraged\u0103<\/strong><\/li>\n\n\n\n<li>alege <strong>carne de porc + vit\u0103<\/strong><\/li>\n\n\n\n<li>utilizeaz\u0103 <strong>orez cu bob rotund<\/strong>, c\u0103lit \u00eenainte<\/li>\n<\/ul>\n\n\n\n<p>Aceste detalii mici fac o diferen\u021b\u0103 mare \u00een oal\u0103 \u0219i \u00een farfurie.<\/p>\n","protected":false},"excerpt":{"rendered":"<p>Sarmalele sunt vedetele mesei de Cr\u0103ciun \u0219i Revelion. Gustul, aroma \u0219i textura lor fac diferen\u021ba \u00eentre un preparat obi\u0219nuit \u0219i unul cu adev\u0103rat reu\u0219it. Unul<\/p>\n","protected":false},"author":1,"featured_media":44365,"comment_status":"closed","ping_status":"closed","sticky":false,"template":"","format":"standard","meta":[],"categories":[1],"tags":[],"_links":{"self":[{"href":"https:\/\/calatorinromania.com\/index.php?rest_route=\/wp\/v2\/posts\/44364"}],"collection":[{"href":"https:\/\/calatorinromania.com\/index.php?rest_route=\/wp\/v2\/posts"}],"about":[{"href":"https:\/\/calatorinromania.com\/index.php?rest_route=\/wp\/v2\/types\/post"}],"author":[{"embeddable":true,"href":"https:\/\/calatorinromania.com\/index.php?rest_route=\/wp\/v2\/users\/1"}],"replies":[{"embeddable":true,"href":"https:\/\/calatorinromania.com\/index.php?rest_route=%2Fwp%2Fv2%2Fcomments&post=44364"}],"version-history":[{"count":1,"href":"https:\/\/calatorinromania.com\/index.php?rest_route=\/wp\/v2\/posts\/44364\/revisions"}],"predecessor-version":[{"id":44366,"href":"https:\/\/calatorinromania.com\/index.php?rest_route=\/wp\/v2\/posts\/44364\/revisions\/44366"}],"wp:featuredmedia":[{"embeddable":true,"href":"https:\/\/calatorinromania.com\/index.php?rest_route=\/wp\/v2\/media\/44365"}],"wp:attachment":[{"href":"https:\/\/calatorinromania.com\/index.php?rest_route=%2Fwp%2Fv2%2Fmedia&parent=44364"}],"wp:term":[{"taxonomy":"category","embeddable":true,"href":"https:\/\/calatorinromania.com\/index.php?rest_route=%2Fwp%2Fv2%2Fcategories&post=44364"},{"taxonomy":"post_tag","embeddable":true,"href":"https:\/\/calatorinromania.com\/index.php?rest_route=%2Fwp%2Fv2%2Ftags&post=44364"}],"curies":[{"name":"wp","href":"https:\/\/api.w.org\/{rel}","templated":true}]}}