{"id":44362,"date":"2025-12-26T08:46:05","date_gmt":"2025-12-26T08:46:05","guid":{"rendered":"https:\/\/calatorinromania.com\/?p=44362"},"modified":"2025-12-26T08:46:05","modified_gmt":"2025-12-26T08:46:05","slug":"am-mers-la-spital-pentru-a-o-aduce-acasa-pe-sotia-mea-si-pe-gemenii-nostri-nou-nascuti-dar-ea-a-lasat-in-urma-doar-bebelusii-si-o-scrisoare","status":"publish","type":"post","link":"https:\/\/calatorinromania.com\/?p=44362","title":{"rendered":"Am mers la spital pentru a o aduce acas\u0103 pe so\u021bia mea \u0219i pe gemenii no\u0219tri nou-n\u0103scu\u021bi \u2013 dar ea a l\u0103sat \u00een urm\u0103 doar bebelu\u0219ii \u0219i o scrisoare."},"content":{"rendered":"\n<h1><\/h1>\n\n\n\n<p><\/p>\n\n\n\n<p><br><a href=\"https:\/\/www.facebook.com\/sharer.php?t=Am%20mers%20la%20spital%20pentru%20a%20o%20aduce%20acas%C4%83%20pe%20so%C8%9Bia%20mea%20%C8%99i%20pe%20gemenii%20no%C8%99tri%20nou-n%C4%83scu%C8%9Bi%20%E2%80%93%20dar%20ea%20a%20l%C4%83sat%20%C3%AEn%20urm%C4%83%20doar%20bebelu%C8%99ii%20%C8%99i%20o%20scrisoare.&amp;u=https:\/\/secretele.com\/2024\/12\/am-mers-la-spital-pentru-a-o-aduce-acasa-pe-sotia-mea-si-pe-gemenii-nostri-nou-nascuti-dar-ea-a-lasat-in-urma-doar-bebelusii-si-o-scrisoare\/?fbclid=IwY2xjawO7KnlicmlkETBVQXVHQ0c4T1FDcEp5MVVmc3J0YwZhcHBfaWQQMjIyMDM5MTc4ODIwMDg5MgABHgoCzDpMWu4SDzJlIFFQUWvLulYAVtxsP6VqY7MSzW0AQM5OpZw1TzjulmCV&amp;brid=rmNffDrrFwwn0RfsgIEzAg\"><\/a><a href=\"https:\/\/pinterest.com\/pin\/create\/button\/?description=Am%20mers%20la%20spital%20pentru%20a%20o%20aduce%20acas%C4%83%20pe%20so%C8%9Bia%20mea%20%C8%99i%20pe%20gemenii%20no%C8%99tri%20nou-n%C4%83scu%C8%9Bi%20%E2%80%93%20dar%20ea%20a%20l%C4%83sat%20%C3%AEn%20urm%C4%83%20doar%20bebelu%C8%99ii%20%C8%99i%20o%20scrisoare.&amp;media=&amp;url=https:\/\/secretele.com\/2024\/12\/am-mers-la-spital-pentru-a-o-aduce-acasa-pe-sotia-mea-si-pe-gemenii-nostri-nou-nascuti-dar-ea-a-lasat-in-urma-doar-bebelusii-si-o-scrisoare\/?fbclid=IwY2xjawO7KnlicmlkETBVQXVHQ0c4T1FDcEp5MVVmc3J0YwZhcHBfaWQQMjIyMDM5MTc4ODIwMDg5MgABHgoCzDpMWu4SDzJlIFFQUWvLulYAVtxsP6VqY7MSzW0AQM5OpZw1TzjulmCV&amp;brid=rmNffDrrFwwn0RfsgIEzAg\"><\/a><a href=\"https:\/\/twitter.com\/intent\/tweet?text=Am%20mers%20la%20spital%20pentru%20a%20o%20aduce%20acas%C4%83%20pe%20so%C8%9Bia%20mea%20%C8%99i%20pe%20gemenii%20no%C8%99tri%20nou-n%C4%83scu%C8%9Bi%20%E2%80%93%20dar%20ea%20a%20l%C4%83sat%20%C3%AEn%20urm%C4%83%20doar%20bebelu%C8%99ii%20%C8%99i%20o%20scrisoare.&amp;url=https:\/\/secretele.com\/2024\/12\/am-mers-la-spital-pentru-a-o-aduce-acasa-pe-sotia-mea-si-pe-gemenii-nostri-nou-nascuti-dar-ea-a-lasat-in-urma-doar-bebelusii-si-o-scrisoare\/?fbclid=IwY2xjawO7KnlicmlkETBVQXVHQ0c4T1FDcEp5MVVmc3J0YwZhcHBfaWQQMjIyMDM5MTc4ODIwMDg5MgABHgoCzDpMWu4SDzJlIFFQUWvLulYAVtxsP6VqY7MSzW0AQM5OpZw1TzjulmCV&amp;brid=rmNffDrrFwwn0RfsgIEzAg&amp;via=\"><\/a><a href=\"https:\/\/www.linkedin.com\/shareArticle?title=Am%20mers%20la%20spital%20pentru%20a%20o%20aduce%20acas%C4%83%20pe%20so%C8%9Bia%20mea%20%C8%99i%20pe%20gemenii%20no%C8%99tri%20nou-n%C4%83scu%C8%9Bi%20%E2%80%93%20dar%20ea%20a%20l%C4%83sat%20%C3%AEn%20urm%C4%83%20doar%20bebelu%C8%99ii%20%C8%99i%20o%20scrisoare.&amp;url=https:\/\/secretele.com\/2024\/12\/am-mers-la-spital-pentru-a-o-aduce-acasa-pe-sotia-mea-si-pe-gemenii-nostri-nou-nascuti-dar-ea-a-lasat-in-urma-doar-bebelusii-si-o-scrisoare\/?fbclid=IwY2xjawO7KnlicmlkETBVQXVHQ0c4T1FDcEp5MVVmc3J0YwZhcHBfaWQQMjIyMDM5MTc4ODIwMDg5MgABHgoCzDpMWu4SDzJlIFFQUWvLulYAVtxsP6VqY7MSzW0AQM5OpZw1TzjulmCV&amp;brid=rmNffDrrFwwn0RfsgIEzAg\"><\/a><\/p>\n\n\n\n<p>C\u00e2nd am ajuns la spital pentru a o aduce acas\u0103 pe so\u021bia mea, Ioana, \u0219i pe gemenii no\u0219tri nou-n\u0103scu\u021bi, am fost \u00eent\u00e2mpinat de o durere de nedescris: Ioana disp\u0103ruse, l\u0103s\u00e2nd \u00een urm\u0103 doar o not\u0103 criptic\u0103. \u00cen timp ce m\u0103 ocupam de copii \u0219i \u00eencercam s\u0103 descop\u0103r adev\u0103rul, am aflat secretele \u00eentunecate care au destr\u0103mat familia noastr\u0103.<\/p>\n\n\n\n<p><\/p>\n\n\n\n<p>\u00cen timp ce conduceam spre spital, baloanele pluteau l\u00e2ng\u0103 mine pe scaunul din dreapta. Z\u00e2mbetul meu nu putea fi oprit. Ast\u0103zi, m\u0103 \u00eentorceam acas\u0103 cu fetele mele!<\/p>\n\n\n\n<p><\/p>\n\n\n\n<p>Nu vedeam momentul \u00een care Ioana \u00ee\u0219i va lumina fa\u021ba c\u00e2nd va vedea camera copiilor, cina pe care o g\u0103tisem, pozele pe care le \u00eenr\u0103masem pentru \u0219emineu. Merita bucurie dup\u0103 nou\u0103 luni lungi de dureri de spate, gre\u021buri matinale \u0219i un carusel f\u0103r\u0103 sf\u00e2r\u0219it al opiniilor mamei mele, mult prea intruzive.<\/p>\n\n\n\n<p><\/p>\n\n\n\n<p>Era culmea fiec\u0103rui vis pe care \u00eel avusesem pentru noi.<\/p>\n\n\n\n<p><\/p>\n\n\n\n<p>Am salutat asistentele \u00een timp ce m\u0103 gr\u0103beam spre camera Ioanei. Dar c\u00e2nd am deschis u\u0219a, am \u00eenghe\u021bat de surpriz\u0103.<\/p>\n\n\n\n<p><\/p>\n\n\n\n<p>Fetele mele dormeau \u00een p\u0103tu\u021buri, dar Ioana nu mai era acolo. Am crezut c\u0103 poate a ie\u0219it la o plimbare, dar atunci am v\u0103zut nota. Am deschis-o cu m\u00e2inile tremur\u00e2nd.<\/p>\n\n\n\n<p><\/p>\n\n\n\n<p>\u201eLa revedere. Ai grij\u0103 de ele. \u00centreab\u0103-\u021bi mama DE CE a f\u0103cut asta cu mine.\u201d<\/p>\n\n\n\n<p>Lumea s-a f\u0103cut neclar\u0103 pe m\u0103sur\u0103 ce o citeam \u0219i o reciteam. Cuvintele nu se schimbau, nu se transformau \u00eentr-o variant\u0103 mai pu\u021bin teribil\u0103. O senza\u021bie de frig m-a cuprins, \u00eenghe\u021b\u00e2ndu-m\u0103 pe loc.<\/p>\n\n\n\n<p>Ce naiba voia s\u0103 spun\u0103? De ce ar fi\u2026 nu. Asta nu se putea \u00eent\u00e2mpla. Ioana era fericit\u0103. Fusese fericit\u0103. Nu-i a\u0219a?<\/p>\n\n\n\n<p>O asistent\u0103 cu o foaie de externare a intrat \u00een camer\u0103. \u201eBun\u0103 diminea\u021ba, domnule, iat\u0103 documentele pentru externare \u2013\u201d<\/p>\n\n\n\n<p>\u201eUnde e so\u021bia mea?\u201d am \u00eentrerupt-o.<\/p>\n\n\n\n<p>Asistenta a ezitat, mu\u0219c\u00e2ndu-\u0219i buza. \u201eA ie\u0219it azi diminea\u021b\u0103. A spus c\u0103 \u0219tia\u021bi.\u201d<\/p>\n\n\n\n<p>\u201eEa \u2013 unde a plecat?\u201d am b\u00e2lb\u00e2it, agit\u0103nd nota. \u201eA mai spus ceva? Era sup\u0103rat\u0103?\u201d<\/p>\n\n\n\n<p>Asistenta a \u00eencruntat din spr\u00e2ncene. \u201eP\u0103rea bine. Doar\u2026 lini\u0219tit\u0103. Spune\u021bi c\u0103 nu \u0219tia\u021bi?\u201d<\/p>\n\n\n\n<p>Am dat din cap. \u201eNu a spus nimic\u2026 doar mi-a l\u0103sat aceast\u0103 not\u0103.\u201d<\/p>\n\n\n\n<p>Am p\u0103r\u0103sit spitalul \u00eentr-o stare de \u0219oc, \u021bin\u00e2ndu-le pe feti\u021be \u00een bra\u021be, cu nota mototolit\u0103 \u00een pumn.<\/p>\n\n\n\n<p>Ioana plecase. So\u021bia mea, partenera mea, femeia pe care credeam c\u0103 o cunosc, disp\u0103ruse f\u0103r\u0103 niciun cuv\u00e2nt de avertizare. Tot ce aveam erau cele dou\u0103 feti\u021be, planurile mele sf\u0103r\u00e2mate \u0219i acel mesaj tulbur\u0103tor.<\/p>\n\n\n\n<p>C\u00e2nd am ajuns acas\u0103, mama mea, Elena, m\u0103 a\u0219tepta pe verand\u0103, z\u00e2mbind \u0219i \u021bin\u00e2nd \u00een m\u00e2n\u0103 o tav\u0103 cu m\u00e2ncare. Mirosul de cartofi cu br\u00e2nz\u0103 mi-a ajuns \u00een n\u0103ri, dar nu a f\u0103cut nimic pentru a lini\u0219ti furtuna din sufletul meu.<\/p>\n\n\n\n<p>\u201eLas\u0103-m\u0103 s\u0103 \u00eemi v\u0103d nepoatele!\u201d a exclamat ea, pun\u00e2nd tava deoparte \u0219i gr\u0103bindu-se spre mine. \u201eSunt superbe, Dan, absolut superbe.\u201d<\/p>\n\n\n\n<p>Am f\u0103cut un pas \u00eenapoi, \u021bin\u00e2nd scaunul auto protectiv. \u201eNu \u00eenc\u0103, mam\u0103.\u201d<\/p>\n\n\n\n<p>Fa\u021ba ei a p\u0103rut s\u0103 se schimbe, confuzia se citea pe fruntea ei. \u201eCe s-a \u00eent\u00e2mplat?\u201d<\/p>\n\n\n\n<p>Am \u00eempins nota \u00een direc\u021bia ei. \u201eAsta e problema! Ce i-ai f\u0103cut Ioanei?\u201d<\/p>\n\n\n\n<p>Z\u00e2mbetul i-a disp\u0103rut, iar cu m\u00e2inile tremur\u00e2nd a luat nota. Ochii ei alba\u0219tri, palizi, au citit cuvintele, iar pentru o clip\u0103 a p\u0103rut c\u0103 o s\u0103 le\u0219ine.<\/p>\n\n\n\n<p>\u201eDan, nu \u0219tiu ce s\u0103 cred despre asta,\u201d a spus mama. \u201eEa a\u2026 a fost \u00eentotdeauna sensibil\u0103. Poate c\u0103\u2026.\u201d<\/p>\n\n\n\n<p>\u201eNu-mi min\u021bi mie!\u201d Cuvintele au ie\u0219it ca un ecou din gura mea, r\u0103sun\u00e2nd pe verand\u0103. \u201eNu \u021bi-a pl\u0103cut niciodat\u0103 de ea. Ai g\u0103sit mereu modalit\u0103\u021bi de a o submina, de a o critica\u2026\u201d<\/p>\n\n\n\n<p>\u201eAm \u00eencercat doar s\u0103 ajut!\u201d vocea mamei a rupt t\u0103cerea, lacrimile curg\u00e2nd pe obrajii ei.<\/p>\n\n\n\n<p>M-am \u00eentors, stomacul meu se r\u0103scolea. Nu mai puteam s\u0103-i cred cuvintele. Ceva \u00eentre ele a determinat-o pe Ioana s\u0103 plece. \u0218i acum eram l\u0103sat s\u0103 adun buc\u0103\u021bile r\u0103mase.<\/p>\n\n\n\n<p>\u00cen acea noapte, dup\u0103 ce am adormit feti\u021bele, am stat la masa din buc\u0103t\u0103rie cu nota \u00eentr-o m\u00e2n\u0103 \u0219i un pahar de whisky \u00een cealalt\u0103. Protestele mamei mele r\u0103sunau \u00een urechile mele, dar nu le puteam l\u0103sa s\u0103 acopere \u00eentrebarea care m\u0103 b\u00e2ntuia: Ce ai f\u0103cut, mam\u0103?<\/p>\n\n\n\n<p>Am \u00eenceput s\u0103 caut, at\u00e2t literal c\u00e2t \u0219i figurativ.<\/p>\n\n\n\n<p>Durerea \u0219i dorul dup\u0103 so\u021bia mea disp\u0103rut\u0103 s-au ad\u00e2ncit pe m\u0103sur\u0103 ce r\u0103sfoiam lucrurile ei. Am g\u0103sit cutia cu bijuteriile \u00een dulap \u0219i am pus-o deoparte, dar am observat o bucat\u0103 de h\u00e2rtie care se vedea sub capac.<\/p>\n\n\n\n<p>C\u00e2nd am deschis-o, am g\u0103sit o scrisoare pentru Ioana, scris\u0103 de mama mea. Inima mi-a b\u0103tut mai tare \u00een timp ce citeam:<\/p>\n\n\n\n<p>\u201eIoana, nu vei fi niciodat\u0103 suficient de bun\u0103 pentru fiul meu. L-ai prins cu aceast\u0103 sarcin\u0103, dar nu crede c\u0103 m\u0103 po\u021bi p\u0103c\u0103li. Dac\u0103 \u00ee\u021bi pas\u0103 de ele, vei pleca \u00eenainte s\u0103 le ruinezi vie\u021bile.\u201d<\/p>\n\n\n\n<p>M\u00e2na mi-a tremurat c\u00e2nd am l\u0103sat scrisoarea jos. Asta era. Asta era motivul pentru care plecase. Mama mea o desfiin\u021ba \u00een spatele meu. Rev\u0103d fiecare interac\u021biune, fiecare moment pe care l-am ignorat ca fiind neimportant. C\u00e2t de orb am fost?<\/p>\n\n\n\n<p>Era aproape miezul nop\u021bii, dar nu conta. Am mers la camera de oaspe\u021bi \u0219i am b\u0103tut la u\u0219\u0103 p\u00e2n\u0103 c\u00e2nd mama a deschis.<\/p>\n\n\n\n<p>\u201eCum ai putut?\u201d Am ar\u0103tat scrisoarea spre fa\u021ba ei. \u201eToat\u0103 aceast\u0103 perioad\u0103 am crezut c\u0103 e\u0219ti doar prea intruziv\u0103, dar nu, tu ai h\u0103r\u021buit-o pe Ioana ani de zile, nu-i a\u0219a?\u201d<\/p>\n\n\n\n<p>Fa\u021ba ei a devenit palid\u0103 c\u00e2nd a citit scrisoarea. \u201eDan, ascult\u0103-m\u0103 \u2013\u201d<\/p>\n\n\n\n<p>\u201eNu!\u201d am \u00eentrerupt-o. \u201eAscult\u0103-m\u0103 tu pe mine. Ioana a plecat din cauza ta. Pentru c\u0103 ai f\u0103cut-o s\u0103 se simt\u0103 inutil\u0103. \u0218i acum ea nu mai este aici, iar eu sunt singur, \u00eencerc\u00e2nd s\u0103 cresc dou\u0103 feti\u021be.\u201d<\/p>\n\n\n\n<p>\u201eAm vrut doar s\u0103 te protejez,\u201d a \u0219optit ea. \u201eNu era suficient de bun\u0103 \u2013\u201d<\/p>\n\n\n\n<p>\u201eEste mama copiilor mei! Tu nu ai dreptul s\u0103 decizi cine este suficient de bun pentru mine sau pentru ele. E\u0219ti terminat\u0103 aici, mam\u0103. F\u0103-\u021bi bagajele. Pleac\u0103.\u201d<\/p>\n\n\n\n<p>Lacrimile curgeau acum pe fa\u021ba ei. \u201eNu spui asta.\u201d<\/p>\n\n\n\n<p>\u201eO spun,\u201d am zis, rece ca o\u021belul.<\/p>\n\n\n\n<p>A vrut s\u0103 r\u0103spund\u0103, dar s-a oprit. Privirea mea a f\u0103cut-o s\u0103 \u00een\u021beleag\u0103 c\u0103 nu glumeam. Dup\u0103 o or\u0103, a plecat, iar ma\u0219ina ei a disp\u0103rut la cap\u0103tul str\u0103zii.<\/p>\n\n\n\n<p>Urm\u0103toarele s\u0103pt\u0103m\u00e2ni au fost iadul.<\/p>\n\n\n\n<p>\u00centre nop\u021bi nedormite, scutece murdare \u0219i pl\u00e2ns continuu (uneori al copiilor, alteori al meu) abia aveam timp s\u0103 g\u00e2ndesc.<\/p>\n\n\n\n<p>Dar fiecare moment de lini\u0219te m\u0103 aducea cu g\u00e2ndul la Ioana. Am contactat prietenii \u0219i familia ei, sper\u00e2nd s\u0103 g\u0103sesc un indiciu despre unde ar putea fi. Nimeni nu a auzit de ea. Dar una dintre prietenele ei, Sara, a ezitat \u00eenainte de a vorbi.<\/p>\n\n\n\n<p>\u201eVorbea despre cum se simte\u2026 prins\u0103,\u201d a spus Sara la telefon. \u201eNu de tine, Dan, dar de toate. De sarcin\u0103, de mama ta. Mi-a spus odat\u0103 c\u0103 Maria zicea c\u0103 gemenii ar fi fost mai bine f\u0103r\u0103 ea.\u201d<\/p>\n\n\n\n<p>Foaia de cu\u021bit mi s-a \u00eenfipt ad\u00e2nc. \u201eDe ce nu mi-a spus c\u0103 mama \u00ee\u0219i spunea a\u0219a ceva?\u201d<\/p>\n\n\n\n<p>\u201eEra speriat\u0103, Dan. Credea c\u0103 Maria te-ar \u00eentoarce \u00eempotriva ei. I-am spus s\u0103 vorbeasc\u0103 cu tine, dar\u2026\u201d Vocea Sarei a tremurat. \u201e\u00cemi pare r\u0103u. Ar fi trebuit s\u0103 insist mai mult.\u201d<\/p>\n\n\n\n<p>\u201eCrezi c\u0103 e bine?\u201d<\/p>\n\n\n\n<p>\u201eSper c\u0103 da,\u201d a spus Sara, \u00een \u0219oapt\u0103. \u201eIoana e mai puternic\u0103 dec\u00e2t crede. Dar, Dan\u2026 continu\u0103 s\u0103 o cau\u021bi.\u201d<\/p>\n\n\n\n<p>Lunile au trecut.<\/p>\n\n\n\n<p>\u00centr-o zi, \u00een timp ce Carla \u0219i Maia dormeau, telefonul meu a vibrat. Era un mesaj de la un num\u0103r necunoscut.<\/p>\n\n\n\n<p>C\u00e2nd l-am deschis, am r\u0103suflat ad\u00e2nc. Era o poz\u0103 cu Ioana, \u021bin\u00e2nd gemenii la spital, cu fa\u021ba palid\u0103 dar lini\u0219tit\u0103. Sub poz\u0103 era un mesaj:<\/p>\n\n\n\n<p>\u201eMi-a\u0219 fi dorit s\u0103 fiu tipul de mam\u0103 pe care \u00eel merit\u0103. Sper s\u0103 m\u0103 iube\u0219ti.\u201d<\/p>\n\n\n\n<p>Am sunat imediat la num\u0103r, dar nu s-a conectat.<\/p>\n\n\n\n<p>Am trimis un mesaj, dar nici acesta nu a ajuns. Era ca \u0219i cum a\u0219 striga \u00eentr-un vid. Totu\u0219i, poza mi-a re\u00eenvigorat hot\u0103r\u00e2rea. Ioana era acolo. Era vie \u0219i, m\u0103car o parte din ea, \u00eenc\u0103 dorea s\u0103 fie cu noi, chiar dac\u0103 se afla clar \u00eentr-un loc r\u0103u. Nu o voi abandona niciodat\u0103.<\/p>\n\n\n\n<p>A trecut un an f\u0103r\u0103 nici un indiciu despre Ioana.<\/p>\n\n\n\n<p>Ziua \u00een care fetele au \u00eemplinit un an a fost amar\u0103. Pusesem totul \u00een cre\u0219terea lor, dar dorul de Ioana nu a disp\u0103rut.<\/p>\n\n\n\n<p>\u00cen acea sear\u0103, c\u00e2nd fetele se jucau \u00een sufragerie, cineva a b\u0103tut la u\u0219\u0103.<\/p>\n\n\n\n<p>La \u00eenceput am crezut c\u0103 visez. Ioana st\u0103tea acolo, cu un mic pachet \u00een m\u00e2n\u0103, ochii i se umpleau de lacrimi. Ar\u0103ta mai s\u0103n\u0103toas\u0103, obrajii erau mai plini, iar postura mai \u00eencrez\u0103toare. Dar triste\u021bea era \u00eenc\u0103 acolo, plutind \u00een spatele z\u00e2mbetului ei.<\/p>\n\n\n\n<p>\u201e\u00cemi pare r\u0103u,\u201d a \u0219optit ea.<\/p>\n\n\n\n<p>Nu am g\u00e2ndit. Am tras-o \u00een bra\u021be, \u021bin\u00e2nd-o c\u00e2t am \u00eendr\u0103znit. A pl\u00e2ns pe um\u0103rul meu, iar pentru prima dat\u0103 \u00een ultimul an, m-am sim\u021bit \u00eentreg.<\/p>\n\n\n\n<p>\u00cen s\u0103pt\u0103m\u00e2nile care au urmat, Ioana mi-a spus cum depresia post-partum, cuvintele crude ale mamei mele \u0219i sentimentul de inadecvare o cople\u0219iser\u0103.<\/p>\n\n\n\n<p>Fusese plecat\u0103 pentru a-i proteja pe gemeni \u0219i pentru a sc\u0103pa din spirala auto-desconsider\u0103rii \u0219i disper\u0103rii. Terapia a ajutat-o s\u0103 se reconstruiasc\u0103, pas cu pas.<\/p>\n\n\n\n<p>\u201eNu am vrut s\u0103 plec,\u201d a spus \u00eentr-o sear\u0103, a\u0219ezat\u0103 pe podeaua camerei copiilor, \u00een timp ce fetele dormeau. \u201eDar nu \u0219tiam cum s\u0103 r\u0103m\u00e2n.\u201d<\/p>\n\n\n\n<p>I-am luat m\u00e2na. \u201eVom rezolva \u00eempreun\u0103.\u201d<\/p>\n\n\n\n<p>\u0218i am reu\u0219it. Nu a fost u\u0219or \u2013 niciodat\u0103 nu e u\u0219or s\u0103 te vindeci. Dar dragostea, rezilien\u021ba \u0219i bucuria \u00eemp\u0103rt\u0103\u0219it\u0103 de a le urm\u0103ri pe Carla \u0219i Mia cresc\u00e2nd au fost suficiente pentru a reconstrui ce aproape am pierdut.<\/p>\n","protected":false},"excerpt":{"rendered":"<p>C\u00e2nd am ajuns la spital pentru a o aduce acas\u0103 pe so\u021bia mea, Ioana, \u0219i pe gemenii no\u0219tri nou-n\u0103scu\u021bi, am fost \u00eent\u00e2mpinat de o durere<\/p>\n","protected":false},"author":1,"featured_media":44268,"comment_status":"closed","ping_status":"closed","sticky":false,"template":"","format":"standard","meta":[],"categories":[1],"tags":[],"_links":{"self":[{"href":"https:\/\/calatorinromania.com\/index.php?rest_route=\/wp\/v2\/posts\/44362"}],"collection":[{"href":"https:\/\/calatorinromania.com\/index.php?rest_route=\/wp\/v2\/posts"}],"about":[{"href":"https:\/\/calatorinromania.com\/index.php?rest_route=\/wp\/v2\/types\/post"}],"author":[{"embeddable":true,"href":"https:\/\/calatorinromania.com\/index.php?rest_route=\/wp\/v2\/users\/1"}],"replies":[{"embeddable":true,"href":"https:\/\/calatorinromania.com\/index.php?rest_route=%2Fwp%2Fv2%2Fcomments&post=44362"}],"version-history":[{"count":1,"href":"https:\/\/calatorinromania.com\/index.php?rest_route=\/wp\/v2\/posts\/44362\/revisions"}],"predecessor-version":[{"id":44363,"href":"https:\/\/calatorinromania.com\/index.php?rest_route=\/wp\/v2\/posts\/44362\/revisions\/44363"}],"wp:featuredmedia":[{"embeddable":true,"href":"https:\/\/calatorinromania.com\/index.php?rest_route=\/wp\/v2\/media\/44268"}],"wp:attachment":[{"href":"https:\/\/calatorinromania.com\/index.php?rest_route=%2Fwp%2Fv2%2Fmedia&parent=44362"}],"wp:term":[{"taxonomy":"category","embeddable":true,"href":"https:\/\/calatorinromania.com\/index.php?rest_route=%2Fwp%2Fv2%2Fcategories&post=44362"},{"taxonomy":"post_tag","embeddable":true,"href":"https:\/\/calatorinromania.com\/index.php?rest_route=%2Fwp%2Fv2%2Ftags&post=44362"}],"curies":[{"name":"wp","href":"https:\/\/api.w.org\/{rel}","templated":true}]}}