{"id":44350,"date":"2025-12-26T08:08:49","date_gmt":"2025-12-26T08:08:49","guid":{"rendered":"https:\/\/calatorinromania.com\/?p=44350"},"modified":"2025-12-26T08:08:49","modified_gmt":"2025-12-26T08:08:49","slug":"au-cerut-adapost-doar-pentru-o-noapte","status":"publish","type":"post","link":"https:\/\/calatorinromania.com\/?p=44350","title":{"rendered":"Au cerut ad\u0103post doar pentru o noapte\u2026"},"content":{"rendered":"\n<p>\u2014 Cum v\u0103 cheam\u0103? \u2014 a \u00eentrebat Ilie, f\u0103r\u0103 s\u0103 se uite direct la ei.<\/p>\n\n\n\n<p><\/p>\n\n\n\n<p>\u2014 Eu sunt Ioan\u2026 \u2014 a spus b\u0103tr\u00e2nul, cu voce slab\u0103. \u2014 Iar ea e Elena, so\u021bia mea.<\/p>\n\n\n\n<p><\/p>\n\n\n\n<p>Ilie a dat din cap scurt. A turnat ap\u0103 cald\u0103 \u00eentr-o can\u0103 ciobit\u0103 \u0219i i-a \u00eentins-o lui Ioan.<\/p>\n\n\n\n<p><\/p>\n\n\n\n<p>\u2014 Be\u021bi \u00eencet.<\/p>\n\n\n\n<p><\/p>\n\n\n\n<p>B\u0103tr\u00e2nul a dus cana la buze cu m\u00e2ini tremur\u00e2nde. Elena \u00eei m\u00e2ng\u00e2ia spatele, murmur\u00e2nd ceva ce sem\u0103na a rug\u0103ciune.<\/p>\n\n\n\n<p><\/p>\n\n\n\n<p>Ilie s-a \u00eentors spre sob\u0103, dar cuvintele femeii \u00eei intrau \u00een piele. \u00cei aminteau de Ana. De serile c\u00e2nd \u0219optea la fel, crez\u00e2nd c\u0103 nimeni nu o aude.<\/p>\n\n\n\n<p><\/p>\n\n\n\n<p>\u2014 Am cobor\u00e2t din sat \u2014 a spus Elena, dup\u0103 un timp. \u2014 Doctorul ne-a spus c\u0103 Ioan trebuie dus la spital, la ora\u0219. Dar autobuzul nu mai vine pe vremea asta\u2026 \u0219i n-am mai apucat.<\/p>\n\n\n\n<p><\/p>\n\n\n\n<p>Ilie a str\u00e2ns maxilarul.<\/p>\n\n\n\n<p>\u2014 Diminea\u021b\u0103, dac\u0103 se mai domole\u0219te viscolul, v\u0103 duc eu cu ma\u0219ina.<\/p>\n\n\n\n<p>Elena l-a privit ca pe un miracol.<\/p>\n\n\n\n<p>\u2014 Dumnezeu s\u0103 v\u0103 r\u0103spl\u0103teasc\u0103.<\/p>\n\n\n\n<p>Ilie n-a r\u0103spuns.<\/p>\n\n\n\n<p>Noaptea a trecut greu. V\u00e2ntul a urlat, lemnul a trosnit, iar Ilie n-a dormit. La un moment dat, Ioan a \u00eenceput s\u0103 respire tot mai greu. Elena s-a speriat.<\/p>\n\n\n\n<p>\u2014 Ilie\u2026 cred c\u0103 nu e bine.<\/p>\n\n\n\n<p>F\u0103r\u0103 s\u0103 stea pe g\u00e2nduri, Ilie a \u00eembr\u0103cat haina groas\u0103, a pornit ma\u0219ina veche din curte \u0219i, cu Elena l\u00e2ng\u0103 el, a cobor\u00e2t pe drumul \u00eenghe\u021bat spre spitalul din ora\u0219.<\/p>\n\n\n\n<p>Au ajuns la timp.<\/p>\n\n\n\n<p>Medicii l-au preluat pe Ioan, iar Elena a izbucnit \u00een pl\u00e2ns. L-a prins pe Ilie de m\u00e2n\u0103.<\/p>\n\n\n\n<p>\u2014 Ne-a\u021bi salvat.<\/p>\n\n\n\n<p>Ilie a sim\u021bit ceva ciudat \u00een piept. Nu durere. Nu furie. Ci o c\u0103ldur\u0103 uitat\u0103.<\/p>\n\n\n\n<p>C\u00e2teva zile mai t\u00e2rziu, Elena s-a \u00eentors la caban\u0103. Cu un co\u0219 cu m\u00e2ncare \u0219i o h\u00e2rtie \u00eemp\u0103turit\u0103.<\/p>\n\n\n\n<p>\u2014 Ioan e mai bine \u2014 a spus. \u2014 \u0218i\u2026 am vrut s\u0103 \u0219ti\u021bi ceva.<\/p>\n\n\n\n<p>H\u00e2rtia era un act vechi de proprietate. Terenul pe care era cabana.<\/p>\n\n\n\n<p>\u2014 Tat\u0103l meu v-a v\u00e2ndut locul pe nimic \u2014 a spus ea. \u2014 Dar legal\u2026 \u00eenc\u0103 ne apar\u021bine. Am venit s\u0103 vi-l d\u0103m. Pentru c\u0103 ne-a\u021bi primit c\u00e2nd nimeni altcineva n-ar fi f\u0103cut-o.<\/p>\n\n\n\n<p>Ilie a r\u0103mas f\u0103r\u0103 cuvinte.<\/p>\n\n\n\n<p>Elena a z\u00e2mbit.<\/p>\n\n\n\n<p>\u2014 Uneori, o noapte schimb\u0103 o via\u021b\u0103.<\/p>\n\n\n\n<p>Dup\u0103 ce a plecat, Ilie a stat mult timp pe prag. Pentru prima dat\u0103 dup\u0103 ani, u\u0219a nu i s-a mai p\u0103rut o barier\u0103.<\/p>\n\n\n\n<p>Ci un \u00eenceput.<\/p>\n\n\n\n<p><em>Aceast\u0103 lucrare este inspirat\u0103 din evenimente \u0219i persoane reale, \u00eens\u0103 a fost fic\u021bionalizat\u0103 \u00een scopuri creative. Numele, personajele \u0219i detaliile au fost schimbate pentru a proteja intimitatea \u0219i pentru a \u00eembun\u0103t\u0103\u021bi nara\u021biunea. Orice asem\u0103nare cu persoane reale, \u00een via\u021b\u0103 sau decedate, sau cu evenimente reale este pur \u00eent\u00e2mpl\u0103toare \u0219i nu este inten\u021bionat\u0103 de c\u0103tre autor.<\/em><\/p>\n\n\n\n<p><em>Autorul \u0219i editorul nu \u00ee\u0219i asum\u0103 responsabilitatea pentru exactitatea evenimentelor sau pentru modul \u00een care sunt portretizate personajele \u0219i nu sunt r\u0103spunz\u0103tori pentru eventuale interpret\u0103ri gre\u0219ite. Aceast\u0103 poveste este oferit\u0103 \u201eca atare\u201d, iar orice opinii exprimate apar\u021bin personajelor \u0219i nu reflect\u0103 punctele de vedere ale autorului sau ale editorului.<\/em><\/p>\n\n\n\n<p><a href=\"https:\/\/www.pinterest.com\/pin\/create\/button\/?url=https%3A%2F%2Fbumzi.ro%2F%3Fp%3D15272&amp;description=Au+cerut+ad%C4%83post+doar+pentru+o+noapte%E2%80%A6\" target=\"_blank\" rel=\"noreferrer noopener\"><\/a><\/p>\n\n\n\n<p><a href=\"https:\/\/www.facebook.com\/sharer\/sharer.php?u=https%3A%2F%2Fbumzi.ro%2F%3Fp%3D15272\" target=\"_blank\" rel=\"noreferrer noopener\"><\/a><\/p>\n\n\n\n<p><a href=\"https:\/\/twitter.com\/intent\/tweet?url=https%3A%2F%2Fbumzi.ro%2F%3Fp%3D15272&amp;text=Au+cerut+ad%C4%83post+doar+pentru+o+noapte%E2%80%A6\" target=\"_blank\" rel=\"noreferrer noopener\"><\/a><a href=\"https:\/\/bumzi.ro\/?p=15266\"><\/a><\/p>\n","protected":false},"excerpt":{"rendered":"<p>\u2014 Cum v\u0103 cheam\u0103? \u2014 a \u00eentrebat Ilie, f\u0103r\u0103 s\u0103 se uite direct la ei. \u2014 Eu sunt Ioan\u2026 \u2014 a spus b\u0103tr\u00e2nul, cu voce<\/p>\n","protected":false},"author":1,"featured_media":44268,"comment_status":"closed","ping_status":"closed","sticky":false,"template":"","format":"standard","meta":[],"categories":[1],"tags":[],"_links":{"self":[{"href":"https:\/\/calatorinromania.com\/index.php?rest_route=\/wp\/v2\/posts\/44350"}],"collection":[{"href":"https:\/\/calatorinromania.com\/index.php?rest_route=\/wp\/v2\/posts"}],"about":[{"href":"https:\/\/calatorinromania.com\/index.php?rest_route=\/wp\/v2\/types\/post"}],"author":[{"embeddable":true,"href":"https:\/\/calatorinromania.com\/index.php?rest_route=\/wp\/v2\/users\/1"}],"replies":[{"embeddable":true,"href":"https:\/\/calatorinromania.com\/index.php?rest_route=%2Fwp%2Fv2%2Fcomments&post=44350"}],"version-history":[{"count":1,"href":"https:\/\/calatorinromania.com\/index.php?rest_route=\/wp\/v2\/posts\/44350\/revisions"}],"predecessor-version":[{"id":44351,"href":"https:\/\/calatorinromania.com\/index.php?rest_route=\/wp\/v2\/posts\/44350\/revisions\/44351"}],"wp:featuredmedia":[{"embeddable":true,"href":"https:\/\/calatorinromania.com\/index.php?rest_route=\/wp\/v2\/media\/44268"}],"wp:attachment":[{"href":"https:\/\/calatorinromania.com\/index.php?rest_route=%2Fwp%2Fv2%2Fmedia&parent=44350"}],"wp:term":[{"taxonomy":"category","embeddable":true,"href":"https:\/\/calatorinromania.com\/index.php?rest_route=%2Fwp%2Fv2%2Fcategories&post=44350"},{"taxonomy":"post_tag","embeddable":true,"href":"https:\/\/calatorinromania.com\/index.php?rest_route=%2Fwp%2Fv2%2Ftags&post=44350"}],"curies":[{"name":"wp","href":"https:\/\/api.w.org\/{rel}","templated":true}]}}