{"id":44348,"date":"2025-12-26T07:51:37","date_gmt":"2025-12-26T07:51:37","guid":{"rendered":"https:\/\/calatorinromania.com\/?p=44348"},"modified":"2025-12-26T07:51:38","modified_gmt":"2025-12-26T07:51:38","slug":"daca-ai-bani-in-cont-iti-platesc-dublu","status":"publish","type":"post","link":"https:\/\/calatorinromania.com\/?p=44348","title":{"rendered":"\u201eDAC\u0102 AI BANI \u00ceN CONT, \u00ce\u021aI PL\u0102TESC DUBLU!\u201d"},"content":{"rendered":"\n<p>Casiera a \u00eencremenit. A recunoscut imediat cardul. I s-au m\u0103rit ochii, iar degetele i-au tremurat u\u0219or deasupra tastaturii.<\/p>\n\n\n\n<p><\/p>\n\n\n\n<p>Radu a z\u00e2mbit \u00een continuare, convins c\u0103 e o glum\u0103.<\/p>\n\n\n\n<p><\/p>\n\n\n\n<p>\u2014 Ce-i asta, un suvenir? \u2014 a morm\u0103it.<\/p>\n\n\n\n<p><\/p>\n\n\n\n<p>Casiera a \u00eenghi\u021bit \u00een sec.<\/p>\n\n\n\n<p><\/p>\n\n\n\n<p>\u2014 Domnule\u2026 acesta este card de conducere central\u0103.<\/p>\n\n\n\n<p><\/p>\n\n\n\n<p>Radu a sim\u021bit pentru prima dat\u0103 o \u00een\u021bep\u0103tur\u0103 \u00een stomac. A luat cardul, l-a privit, apoi l-a \u00eentors pe toate p\u0103r\u021bile. Numele era acolo. Clar. F\u0103r\u0103 dubiu.<\/p>\n\n\n\n<p><\/p>\n\n\n\n<p><strong>Andrei Mure\u0219an \u2014 Director General Executiv.<\/strong><\/p>\n\n\n\n<p><\/p>\n\n\n\n<p>CEO-ul b\u0103ncii.<\/p>\n\n\n\n<p>Z\u00e2mbetul i s-a \u0219ters de pe fa\u021b\u0103 ca \u0219i cum cineva ar fi tras cu buretele. Culoarea i s-a scurs din obraji. \u00cen jur, oamenii au \u00eenceput s\u0103 murmure. Cineva a \u0219optit: \u201eDoamne\u2026\u201d. Altcineva \u0219i-a dus m\u00e2na la gur\u0103.<\/p>\n\n\n\n<p>\u2014 E\u2026 e o gre\u0219eal\u0103 \u2014 a b\u00e2iguit Radu.<\/p>\n\n\n\n<p>Andrei l-a privit fix.<\/p>\n\n\n\n<p>\u2014 Nu. Gre\u0219eala a fost atitudinea dumneavoastr\u0103.<\/p>\n\n\n\n<p>A fost lini\u0219te. O lini\u0219te grea.<\/p>\n\n\n\n<p>\u2014 Am venit neanun\u021bat \u2014 a continuat Andrei. \u2014 A\u0219a obi\u0219nuiesc. \u00cemi place s\u0103 v\u0103d cum sunt trata\u021bi oamenii c\u00e2nd nu cred c\u0103 sunt privi\u021bi.<\/p>\n\n\n\n<p>Radu a \u00eencercat s\u0103 spun\u0103 ceva. Nu i-a ie\u0219it.<\/p>\n\n\n\n<p>\u2014 A\u021bi r\u00e2s de un client \u2014 a spus Andrei, calm. \u2014 A\u021bi umilit un om pe baza aparen\u021belor. \u00centr-o banc\u0103 ce se laud\u0103 cu \u201erespect\u201d \u0219i \u201esiguran\u021b\u0103\u201d.<\/p>\n\n\n\n<p>A f\u0103cut un pas \u00eenapoi \u0219i s-a uitat la cei din sal\u0103.<\/p>\n\n\n\n<p>\u2014 \u00cemi cer scuze, \u00een numele institu\u021biei, pentru ce a\u021bi v\u0103zut.<\/p>\n\n\n\n<p>Oamenii au r\u0103mas mu\u021bi.<\/p>\n\n\n\n<p>Andrei s-a \u00eentors spre casier\u0103.<\/p>\n\n\n\n<p>\u2014 V\u0103 rog s\u0103 procesa\u021bi retragerea. \u0218i apoi chema\u021bi resursele umane.<\/p>\n\n\n\n<p>Radu a \u00een\u021beles \u00eenainte s\u0103 aud\u0103 verdictul.<\/p>\n\n\n\n<p>A doua zi, \u00een banc\u0103 a ap\u0103rut un anun\u021b intern. Managerul Radu Salcudean nu mai f\u0103cea parte din echip\u0103. Motivul: comportament inacceptabil fa\u021b\u0103 de clien\u021bi.<\/p>\n\n\n\n<p>Casiera a fost mutat\u0103 pe un post mai bun. A primit \u0219i o m\u0103rire de salariu.<\/p>\n\n\n\n<p>Iar Andrei Mure\u0219an a continuat s\u0103 vin\u0103 neanun\u021bat, din c\u00e2nd \u00een c\u00e2nd, \u00eembr\u0103cat simplu, cu pantofi uza\u021bi.<\/p>\n\n\n\n<p>Pentru c\u0103 adev\u0103rata putere nu st\u0103 \u00een costum, ci \u00een felul \u00een care \u00eei tratezi pe cei care n-au nimic de oferit\u2026 \u00een afar\u0103 de demnitatea lor.<\/p>\n\n\n\n<p><em>Aceast\u0103 lucrare este inspirat\u0103 din evenimente \u0219i persoane reale, \u00eens\u0103 a fost fic\u021bionalizat\u0103 \u00een scopuri creative. Numele, personajele \u0219i detaliile au fost schimbate pentru a proteja intimitatea \u0219i pentru a \u00eembun\u0103t\u0103\u021bi nara\u021biunea. Orice asem\u0103nare cu persoane reale, \u00een via\u021b\u0103 sau decedate, sau cu evenimente reale este pur \u00eent\u00e2mpl\u0103toare \u0219i nu este inten\u021bionat\u0103 de c\u0103tre autor.<\/em><\/p>\n\n\n\n<p><em>Autorul \u0219i editorul nu \u00ee\u0219i asum\u0103 responsabilitatea pentru exactitatea evenimentelor sau pentru modul \u00een care sunt portretizate personajele \u0219i nu sunt r\u0103spunz\u0103tori pentru eventuale interpret\u0103ri gre\u0219ite. Aceast\u0103 poveste este oferit\u0103 \u201eca atare\u201d, iar orice opinii exprimate apar\u021bin personajelor \u0219i nu reflect\u0103 punctele de vedere ale autorului sau ale editorului.<\/em><\/p>\n","protected":false},"excerpt":{"rendered":"<p>Casiera a \u00eencremenit. A recunoscut imediat cardul. I s-au m\u0103rit ochii, iar degetele i-au tremurat u\u0219or deasupra tastaturii. Radu a z\u00e2mbit \u00een continuare, convins c\u0103<\/p>\n","protected":false},"author":1,"featured_media":44268,"comment_status":"closed","ping_status":"closed","sticky":false,"template":"","format":"standard","meta":[],"categories":[1],"tags":[],"_links":{"self":[{"href":"https:\/\/calatorinromania.com\/index.php?rest_route=\/wp\/v2\/posts\/44348"}],"collection":[{"href":"https:\/\/calatorinromania.com\/index.php?rest_route=\/wp\/v2\/posts"}],"about":[{"href":"https:\/\/calatorinromania.com\/index.php?rest_route=\/wp\/v2\/types\/post"}],"author":[{"embeddable":true,"href":"https:\/\/calatorinromania.com\/index.php?rest_route=\/wp\/v2\/users\/1"}],"replies":[{"embeddable":true,"href":"https:\/\/calatorinromania.com\/index.php?rest_route=%2Fwp%2Fv2%2Fcomments&post=44348"}],"version-history":[{"count":1,"href":"https:\/\/calatorinromania.com\/index.php?rest_route=\/wp\/v2\/posts\/44348\/revisions"}],"predecessor-version":[{"id":44349,"href":"https:\/\/calatorinromania.com\/index.php?rest_route=\/wp\/v2\/posts\/44348\/revisions\/44349"}],"wp:featuredmedia":[{"embeddable":true,"href":"https:\/\/calatorinromania.com\/index.php?rest_route=\/wp\/v2\/media\/44268"}],"wp:attachment":[{"href":"https:\/\/calatorinromania.com\/index.php?rest_route=%2Fwp%2Fv2%2Fmedia&parent=44348"}],"wp:term":[{"taxonomy":"category","embeddable":true,"href":"https:\/\/calatorinromania.com\/index.php?rest_route=%2Fwp%2Fv2%2Fcategories&post=44348"},{"taxonomy":"post_tag","embeddable":true,"href":"https:\/\/calatorinromania.com\/index.php?rest_route=%2Fwp%2Fv2%2Ftags&post=44348"}],"curies":[{"name":"wp","href":"https:\/\/api.w.org\/{rel}","templated":true}]}}