{"id":44346,"date":"2025-12-26T07:43:16","date_gmt":"2025-12-26T07:43:16","guid":{"rendered":"https:\/\/calatorinromania.com\/?p=44346"},"modified":"2025-12-26T07:43:16","modified_gmt":"2025-12-26T07:43:16","slug":"sotia-milionarului-a-stat-20-de-ani-in-coma","status":"publish","type":"post","link":"https:\/\/calatorinromania.com\/?p=44346","title":{"rendered":"So\u021bia milionarului a stat 20 DE ANI \u00een com\u0103"},"content":{"rendered":"\n<p>Ana a oprit c\u0103ruciorul \u0219i s-a aplecat s\u0103 stoarc\u0103 mopul. Lini\u0219tea din cap\u0103tul coridorului era at\u00e2t de dens\u0103, \u00eenc\u00e2t parc\u0103 se lipea de pere\u021bi. Dani a r\u0103mas c\u00e2\u021biva pa\u0219i \u00een urm\u0103. Se uita la u\u0219a aceea ca la o poveste nerostit\u0103.<\/p>\n\n\n\n<p><\/p>\n\n\n\n<p>\u2014 Mam\u0103\u2026 \u2014 a \u0219optit.<\/p>\n\n\n\n<p><\/p>\n\n\n\n<p>\u2014 Stai aici \u2014 i-a r\u0103spuns Ana, f\u0103r\u0103 s\u0103 se \u00eentoarc\u0103.<\/p>\n\n\n\n<p><\/p>\n\n\n\n<p>Dar Dani a f\u0103cut un pas. Apoi \u00eenc\u0103 unul. A lipit urechea de u\u0219\u0103. Nu se auzea nimic, doar un \u021biuit slab, ca o inim\u0103 mecanic\u0103. A ridicat be\u021bi\u0219oarele tobei, ezitant. Nu voia s\u0103 fac\u0103 g\u0103l\u0103gie. Voia doar s\u0103 vad\u0103 dac\u0103 sunetul poate umple golul.<\/p>\n\n\n\n<p><\/p>\n\n\n\n<p>A b\u0103tut o dat\u0103. \u00cencet. Un \u201edum\u201d mic, aproape timid.<\/p>\n\n\n\n<p><\/p>\n\n\n\n<p>Ana s-a \u00eentors brusc.<\/p>\n\n\n\n<p><\/p>\n\n\n\n<p>\u2014 Dani!<\/p>\n\n\n\n<p><\/p>\n\n\n\n<p>Prea t\u00e2rziu. U\u0219a s-a deschis, iar o asistent\u0103 a ap\u0103rut \u00een prag, surprins\u0103. \u00cen spatele ei, patul, aparatele, trupul nemi\u0219cat al Elenei. Iulian era acolo, aplecat, cu fruntea sprijinit\u0103 de m\u00e2na so\u021biei.<\/p>\n\n\n\n<p>\u2014 \u00cemi pare r\u0103u\u2026 \u2014 a \u00eenceput Ana, ro\u0219ie la fa\u021b\u0103. \u2014 Copilul\u2026<\/p>\n\n\n\n<p>Iulian s-a uitat la Dani. Nu cu sup\u0103rare. Cu o oboseal\u0103 ad\u00e2nc\u0103.<\/p>\n\n\n\n<p>\u2014 E \u00een regul\u0103 \u2014 a spus \u00eencet. \u2014 Poate sta pu\u021bin.<\/p>\n\n\n\n<p>Ana a r\u0103mas \u00een prag, ne\u00eendr\u0103znind s\u0103 intre. Dani, cu toba la piept, s-a apropiat de pat. Se uita la Elena ca la cineva care doarme prea ad\u00e2nc.<\/p>\n\n\n\n<p>\u2014 Doamna e trist\u0103 \u2014 a spus el, simplu.<\/p>\n\n\n\n<p>Iulian a sim\u021bit cum i se str\u00e2nge g\u00e2tul.<\/p>\n\n\n\n<p>\u2014 Doarme \u2014 a murmurat. \u2014 De mult.<\/p>\n\n\n\n<p>Dani a dat din cap. Apoi, f\u0103r\u0103 s\u0103 cear\u0103 voie, a ridicat be\u021bi\u0219oarele \u0219i a \u00eenceput s\u0103 bat\u0103. Nu tare. Ritmat. Un c\u00e2ntec copil\u0103resc, repetitiv, ca o inim\u0103 mic\u0103 ce \u00eenva\u021b\u0103 s\u0103 \u021bin\u0103 pasul.<\/p>\n\n\n\n<p>Ana a dus m\u00e2na la gur\u0103, speriat\u0103. Asistenta a f\u0103cut un pas, dar Iulian a ridicat palma. Ceva \u00een sunetul acela \u00eel \u021bintuia pe loc.<\/p>\n\n\n\n<p>\u201eDum-dum. Dum-dum.\u201d<\/p>\n\n\n\n<p>Monitoarele au clipit. Un medic, atras de schimbare, a intrat \u00een grab\u0103. A privit ecranele, apoi pe Elena.<\/p>\n\n\n\n<p>\u2014 Sta\u021bi\u2026 \u2014 a spus.<\/p>\n\n\n\n<p>Degetele Elenei s-au mi\u0219cat. Abia sesizabil. O tres\u0103rire. Apoi \u00eenc\u0103 una.<\/p>\n\n\n\n<p>Iulian a sim\u021bit cum \u00eei cedeaz\u0103 genunchii.<\/p>\n\n\n\n<p>\u2014 Elena\u2026 \u2014 a \u0219optit.<\/p>\n\n\n\n<p>Dani a continuat. A schimbat ritmul, dup\u0103 cum \u00eel sim\u021bea. Toba nu mai era juc\u0103rie. Era punte.<\/p>\n\n\n\n<p>Ochii Elenei s-au mi\u0219cat sub pleoape. Respira\u021bia i s-a schimbat. Un oftat. O lacrim\u0103.<\/p>\n\n\n\n<p>\u2014 Chema\u021bi echipa! \u2014 a strigat medicul.<\/p>\n\n\n\n<p>\u00cen c\u00e2teva secunde, salonul s-a umplut. Comenzi, pa\u0219i, voci. Iulian a fost tras u\u0219or \u00eentr-o parte. Ana \u0219i-a str\u00e2ns copilul la piept, tremur\u00e2nd.<\/p>\n\n\n\n<p>\u2014 Ce-ai f\u0103cut, puiule? \u2014 a \u0219optit.<\/p>\n\n\n\n<p>\u2014 Am c\u00e2ntat \u2014 a r\u0103spuns el. \u2014 A\u0219a, ca s\u0103 se \u00eentoarc\u0103.<\/p>\n\n\n\n<p>Dup\u0103 ore care au p\u0103rut o via\u021b\u0103, medicul a ie\u0219it. Z\u00e2mbea.<\/p>\n\n\n\n<p>\u2014 A reac\u021bionat. E trezit\u0103. Slab, dar con\u0219tient.<\/p>\n\n\n\n<p>Iulian a izbucnit \u00een pl\u00e2ns, f\u0103r\u0103 ru\u0219ine. A intrat din nou \u00een salon. Elena \u00eel privea. Obosit\u0103. Vie.<\/p>\n\n\n\n<p>\u2014 Te-am auzit \u2014 a spus ea, cu o voce ca un fir de a\u021b\u0103. \u2014 \u0218i\u2026 copilul.<\/p>\n\n\n\n<p>Zilele urm\u0103toare au fost un miracol muncit. Recuperare, lacrimi, pa\u0219i mici. Iulian venea zilnic. \u0218i zilnic, Dani b\u0103tea toba, la aceea\u0219i or\u0103.<\/p>\n\n\n\n<p>C\u00e2nd Elena a putut sta \u00een picioare, l-a chemat pe Dani.<\/p>\n\n\n\n<p>\u2014 \u021aie \u00ee\u021bi datorez drumul \u00eenapoi \u2014 i-a spus.<\/p>\n\n\n\n<p>Iulian a aflat atunci povestea Anei. Salariul mic. Chiria. Grijile.<\/p>\n\n\n\n<p>Nu a f\u0103cut scandal. A f\u0103cut ce \u0219tia mai bine, dar cu inim\u0103: i-a cump\u0103rat Anei un apartament modest, i-a asigurat lui Dani o \u0219coal\u0103 bun\u0103 \u0219i i-a oferit un loc de munc\u0103 mai bun, cu program omenesc. F\u0103r\u0103 vorbe mari. F\u0103r\u0103 pancarde.<\/p>\n\n\n\n<p>Ani mai t\u00e2rziu, Elena mergea pe picioarele ei. Iar \u00eentr-o sal\u0103 mic\u0103 din Bucure\u0219ti, un b\u0103iat c\u00e2nta la tobe adev\u0103rate.<\/p>\n\n\n\n<p>Pe primul r\u00e2nd, doi oameni ascultau cu ochii \u00een lacrimi.<\/p>\n\n\n\n<p>Uneori, imposibilul \u00eencepe cu un sunet mic.<\/p>\n\n\n\n<p><em>Aceast\u0103 lucrare este inspirat\u0103 din evenimente \u0219i persoane reale, \u00eens\u0103 a fost fic\u021bionalizat\u0103 \u00een scopuri creative. Numele, personajele \u0219i detaliile au fost schimbate pentru a proteja intimitatea \u0219i pentru a \u00eembun\u0103t\u0103\u021bi nara\u021biunea. Orice asem\u0103nare cu persoane reale, \u00een via\u021b\u0103 sau decedate, sau cu evenimente reale este pur \u00eent\u00e2mpl\u0103toare \u0219i nu este inten\u021bionat\u0103 de c\u0103tre autor.<\/em><\/p>\n\n\n\n<p><em>Autorul \u0219i editorul nu \u00ee\u0219i asum\u0103 responsabilitatea pentru exactitatea evenimentelor sau pentru modul \u00een care sunt portretizate personajele \u0219i nu sunt r\u0103spunz\u0103tori pentru eventuale interpret\u0103ri gre\u0219ite. Aceast\u0103 poveste este oferit\u0103 \u201eca atare\u201d, iar orice opinii exprimate apar\u021bin personajelor \u0219i nu reflect\u0103 punctele de vedere ale autorului sau ale editorului.<\/em><\/p>\n","protected":false},"excerpt":{"rendered":"<p>Ana a oprit c\u0103ruciorul \u0219i s-a aplecat s\u0103 stoarc\u0103 mopul. Lini\u0219tea din cap\u0103tul coridorului era at\u00e2t de dens\u0103, \u00eenc\u00e2t parc\u0103 se lipea de pere\u021bi. Dani<\/p>\n","protected":false},"author":1,"featured_media":44268,"comment_status":"closed","ping_status":"closed","sticky":false,"template":"","format":"standard","meta":[],"categories":[1],"tags":[],"_links":{"self":[{"href":"https:\/\/calatorinromania.com\/index.php?rest_route=\/wp\/v2\/posts\/44346"}],"collection":[{"href":"https:\/\/calatorinromania.com\/index.php?rest_route=\/wp\/v2\/posts"}],"about":[{"href":"https:\/\/calatorinromania.com\/index.php?rest_route=\/wp\/v2\/types\/post"}],"author":[{"embeddable":true,"href":"https:\/\/calatorinromania.com\/index.php?rest_route=\/wp\/v2\/users\/1"}],"replies":[{"embeddable":true,"href":"https:\/\/calatorinromania.com\/index.php?rest_route=%2Fwp%2Fv2%2Fcomments&post=44346"}],"version-history":[{"count":1,"href":"https:\/\/calatorinromania.com\/index.php?rest_route=\/wp\/v2\/posts\/44346\/revisions"}],"predecessor-version":[{"id":44347,"href":"https:\/\/calatorinromania.com\/index.php?rest_route=\/wp\/v2\/posts\/44346\/revisions\/44347"}],"wp:featuredmedia":[{"embeddable":true,"href":"https:\/\/calatorinromania.com\/index.php?rest_route=\/wp\/v2\/media\/44268"}],"wp:attachment":[{"href":"https:\/\/calatorinromania.com\/index.php?rest_route=%2Fwp%2Fv2%2Fmedia&parent=44346"}],"wp:term":[{"taxonomy":"category","embeddable":true,"href":"https:\/\/calatorinromania.com\/index.php?rest_route=%2Fwp%2Fv2%2Fcategories&post=44346"},{"taxonomy":"post_tag","embeddable":true,"href":"https:\/\/calatorinromania.com\/index.php?rest_route=%2Fwp%2Fv2%2Ftags&post=44346"}],"curies":[{"name":"wp","href":"https:\/\/api.w.org\/{rel}","templated":true}]}}